{"id":16998,"date":"2025-09-22T16:35:36","date_gmt":"2025-09-22T19:35:36","guid":{"rendered":"https:\/\/diariodelujan.com\/xdeporte\/?p=16998"},"modified":"2025-09-22T16:37:13","modified_gmt":"2025-09-22T19:37:13","slug":"categoria-ma-7-un-espectaculo-de-velocidad","status":"publish","type":"post","link":"https:\/\/diariodelujan.com\/xdeporte\/categoria-ma-7-un-espectaculo-de-velocidad\/","title":{"rendered":"MA 7: un espect\u00e1culo de velocidad y emoci\u00f3n en la 4\u00b0 fecha"},"content":{"rendered":"<p data-start=\"213\" data-end=\"617\"><span style=\"font-family: georgia, palatino, serif; font-size: 18px;\"><em>La <strong data-start=\"216\" data-end=\"234\">categor\u00eda MA 7<\/strong>, considerada entre las m\u00e1s veloces y espectaculares del automodelismo en pista del pa\u00eds, volvi\u00f3 a dar un show inolvidable en la cuarta fecha del <strong data-start=\"380\" data-end=\"403\">Campeonato Nacional<\/strong>.<\/em><\/span><\/p>\n<p data-start=\"213\" data-end=\"617\"><!--more--><\/p>\n<p data-start=\"213\" data-end=\"617\">El evento, realizado en las instalaciones de A.D.A (Amigos del Automodelismo), reuni\u00f3 a los mejores pilotos de la especialidad y dej\u00f3 una carrera cargada de adrenalina, r\u00e9cords personales y maniobras al l\u00edmite.<\/p>\n<h2 data-start=\"619\" data-end=\"676\"><a href=\"https:\/\/diariodelujan.com\/wp-content\/uploads\/2025\/09\/MA-7-PODIO.webp\"><img loading=\"lazy\" decoding=\"async\" class=\"alignnone size-full wp-image-32782\" src=\"https:\/\/diariodelujan.com\/wp-content\/uploads\/2025\/09\/MA-7-PODIO.webp\" alt=\"MA 7 PODIO\" width=\"882\" height=\"695\" title=\"\"><\/a><\/h2>\n<p data-start=\"677\" data-end=\"1005\">Desde el inicio, la jornada promet\u00eda ser hist\u00f3rica. La pista de la A.D.A. se present\u00f3 en condiciones \u00f3ptimas, lo que permiti\u00f3 que los autos de la <strong data-start=\"823\" data-end=\"841\">categor\u00eda MA 7<\/strong> desplegaran todo su potencial. La combinaci\u00f3n de un escenario ideal y la presencia de figuras consagradas gener\u00f3 un espect\u00e1culo digno de los grandes campeonatos.<\/p>\n<h3 data-start=\"1007\" data-end=\"1072\"><strong>El duelo estelar: Mauro Carreira vs. Fernando &#8220;Pulpo&#8221; Puerta<\/strong><\/h3>\n<p data-start=\"1073\" data-end=\"1322\">Uno de los momentos m\u00e1s destacados fue el duelo que mantuvieron <strong data-start=\"1137\" data-end=\"1155\">Mauro Carreira<\/strong>, quien finalmente se qued\u00f3 con la victoria, y <strong data-start=\"1202\" data-end=\"1229\">Fernando \u201cPulpo\u201d Puerta<\/strong>, autor de la pole position con un tiempo impresionante que marc\u00f3 un nuevo r\u00e9cord personal.<\/p>\n<p data-start=\"1324\" data-end=\"1620\">En carrera, Puerta dio todo en una actuaci\u00f3n que roz\u00f3 el sacrificio f\u00edsico, peleando rueda a rueda con Carreira hasta el final. El mano a mano mantuvo en vilo a pilotos, preparadores y espectadores, confirmando por qu\u00e9 la <strong data-start=\"1546\" data-end=\"1564\">categor\u00eda MA 7<\/strong> es una de las m\u00e1s atractivas del calendario nacional.<\/p>\n<p data-start=\"1324\" data-end=\"1620\"><a href=\"https:\/\/diariodelujan.com\/wp-content\/uploads\/2025\/09\/MA-7-PODIO-3.webp\"><img loading=\"lazy\" decoding=\"async\" class=\"alignnone size-full wp-image-32781\" src=\"https:\/\/diariodelujan.com\/wp-content\/uploads\/2025\/09\/MA-7-PODIO-3.webp\" alt=\"MA 7 PODIO\" width=\"800\" height=\"578\" title=\"\"><\/a><\/p>\n<h3 data-start=\"1622\" data-end=\"1661\"><strong>Un podio con protagonistas de lujo<\/strong><\/h3>\n<p data-start=\"1662\" data-end=\"1993\">El tercer escal\u00f3n del podio fue para <strong data-start=\"1699\" data-end=\"1716\">Mario Alberti<\/strong>, creador y organizador de la categor\u00eda, quien con una actuaci\u00f3n magistral demostr\u00f3 que su experiencia y talento siguen siendo clave dentro de la disciplina. El podio, integrado por Carreira, Puerta y Alberti, reflej\u00f3 el alt\u00edsimo nivel competitivo que atraviesa la categor\u00eda.<\/p>\n<h3 data-start=\"1995\" data-end=\"2037\"><strong>Un fin de semana a puro automodelismo<\/strong><\/h3>\n<p data-start=\"2038\" data-end=\"2317\">La organizaci\u00f3n de la A.D.A. recibi\u00f3 elogios un\u00e1nimes por el profesionalismo y la atenci\u00f3n al detalle. Adem\u00e1s de la fecha nacional de la <strong data-start=\"2175\" data-end=\"2193\">categor\u00eda MA 7<\/strong>, se disput\u00f3 una nueva jornada del <strong data-start=\"2228\" data-end=\"2261\">Campeonato Provincial de Slot<\/strong>, con una gran convocatoria de pilotos y preparadores.<\/p>\n<p data-start=\"2038\" data-end=\"2317\"><a href=\"https:\/\/diariodelujan.com\/wp-content\/uploads\/2025\/09\/MA-7-PODIO-2.webp\"><img loading=\"lazy\" decoding=\"async\" class=\"alignnone size-full wp-image-32780\" src=\"https:\/\/diariodelujan.com\/wp-content\/uploads\/2025\/09\/MA-7-PODIO-2.webp\" alt=\"MA 7 PODIO\" width=\"800\" height=\"549\" title=\"\"><\/a><\/p>\n<p data-start=\"2319\" data-end=\"2694\">Durante dos d\u00edas, el automodelismo reuni\u00f3 competencias de <strong data-start=\"2377\" data-end=\"2389\">Grupo 12<\/strong> y<a href=\"https:\/\/diariodelujan.com\/lujan-lidera-el-provincial-de-slot\/\"> <strong data-start=\"2392\" data-end=\"2412\">Blindados Raptor<\/strong><\/a>, consolidando un ambiente de camarader\u00eda y pasi\u00f3n que caracteriza a esta disciplina. La atenci\u00f3n a la prensa, el orden en la log\u00edstica y la entrega de informaci\u00f3n e im\u00e1genes de manera eficiente y puntual marcaron un est\u00e1ndar que fortalece la difusi\u00f3n del automodelismo argentino.<\/p>\n<h3 data-start=\"2696\" data-end=\"2732\"><strong>Pr\u00f3ximos pasos en el campeonato<\/strong><\/h3>\n<p data-start=\"2733\" data-end=\"3065\">Con la cuarta fecha cumplida, la expectativa ahora se centra en la actualizaci\u00f3n de las posiciones del <strong data-start=\"2836\" data-end=\"2880\">Campeonato Nacional de la categor\u00eda MA 7<\/strong>, donde la pelea por el t\u00edtulo se perfila apasionante. En los pr\u00f3ximos d\u00edas se dar\u00e1n a conocer los puntajes oficiales, que prometen mantener el suspenso hasta el final del calendario.<\/p>\n<p data-start=\"2733\" data-end=\"3065\"><em>Con informaci\u00f3n de <a href=\"https:\/\/autoshowslot.blogspot.com\/\" target=\"_blank\" rel=\"noopener\">AutoShowSlot<\/a><\/em><\/p>\n","protected":false},"excerpt":{"rendered":"<p>La categor\u00eda MA 7, considerada entre las m\u00e1s veloces y espectaculares del automodelismo en pista del pa\u00eds, volvi\u00f3 a dar un show inolvidable en la cuarta fecha del Campeonato Nacional.<\/p>\n","protected":false},"author":4,"featured_media":16999,"comment_status":"closed","ping_status":"closed","sticky":false,"template":"","format":"standard","meta":{"tdm_status":"","tdm_grid_status":"","footnotes":""},"categories":[20,2],"tags":[19,519],"class_list":{"0":"post-16998","1":"post","2":"type-post","3":"status-publish","4":"format-standard","5":"has-post-thumbnail","7":"category-automodelismo","8":"category-featured","9":"tag-automodelismo","10":"tag-ma7"},"_links":{"self":[{"href":"https:\/\/diariodelujan.com\/xdeporte\/wp-json\/wp\/v2\/posts\/16998","targetHints":{"allow":["GET"]}}],"collection":[{"href":"https:\/\/diariodelujan.com\/xdeporte\/wp-json\/wp\/v2\/posts"}],"about":[{"href":"https:\/\/diariodelujan.com\/xdeporte\/wp-json\/wp\/v2\/types\/post"}],"author":[{"embeddable":true,"href":"https:\/\/diariodelujan.com\/xdeporte\/wp-json\/wp\/v2\/users\/4"}],"replies":[{"embeddable":true,"href":"https:\/\/diariodelujan.com\/xdeporte\/wp-json\/wp\/v2\/comments?post=16998"}],"version-history":[{"count":2,"href":"https:\/\/diariodelujan.com\/xdeporte\/wp-json\/wp\/v2\/posts\/16998\/revisions"}],"predecessor-version":[{"id":17001,"href":"https:\/\/diariodelujan.com\/xdeporte\/wp-json\/wp\/v2\/posts\/16998\/revisions\/17001"}],"wp:featuredmedia":[{"embeddable":true,"href":"https:\/\/diariodelujan.com\/xdeporte\/wp-json\/wp\/v2\/media\/16999"}],"wp:attachment":[{"href":"https:\/\/diariodelujan.com\/xdeporte\/wp-json\/wp\/v2\/media?parent=16998"}],"wp:term":[{"taxonomy":"category","embeddable":true,"href":"https:\/\/diariodelujan.com\/xdeporte\/wp-json\/wp\/v2\/categories?post=16998"},{"taxonomy":"post_tag","embeddable":true,"href":"https:\/\/diariodelujan.com\/xdeporte\/wp-json\/wp\/v2\/tags?post=16998"}],"curies":[{"name":"wp","href":"https:\/\/api.w.org\/{rel}","templated":true}]}}