{"id":17003,"date":"2025-09-22T22:59:07","date_gmt":"2025-09-23T01:59:07","guid":{"rendered":"https:\/\/diariodelujan.com\/xdeporte\/?p=17003"},"modified":"2025-09-22T23:00:09","modified_gmt":"2025-09-23T02:00:09","slug":"taborda-brillo-torneo-itf-lujan","status":"publish","type":"post","link":"https:\/\/diariodelujan.com\/xdeporte\/taborda-brillo-torneo-itf-lujan\/","title":{"rendered":"Martina Capurro Taborda brill\u00f3 en el primer torneo ITF en Luj\u00e1n"},"content":{"rendered":"<p data-start=\"181\" data-end=\"457\"><span style=\"font-family: georgia, palatino, serif; font-size: 18px;\"><em>La\u00a0argentina Martina Capurro Taborda se consagr\u00f3 campeona en la modalidad de singles y dobles del primer <strong data-start=\"255\" data-end=\"294\">torneo ITF W15 Copa Ciudad de Luj\u00e1n<\/strong>, reafirmando su gran presente en el circuito internacional.<\/em><\/span><\/p>\n<p data-start=\"181\" data-end=\"457\"><!--more--><\/p>\n<p data-start=\"459\" data-end=\"867\">El domingo pasado, en la cancha central del Luj\u00e1n Tenis Club, Capurro Taborda se impuso en la final de singles ante su compatriota Mar\u00eda Florencia Urrutia con parciales de 7-5 y 6-4, en un partido cargado de intensidad y buen tenis. La victoria signific\u00f3 su primer t\u00edtulo en este nuevo certamen que llega para instalar a la ciudad como un polo deportivo de relevancia dentro del tenis femenino profesional.<\/p>\n<h3 data-start=\"869\" data-end=\"912\">Un doble triunfo para Capurro Taborda<\/h3>\n<p data-start=\"913\" data-end=\"1278\">El gran fin de semana de la tenista argentina no termin\u00f3 all\u00ed. Junto a la chilena Fernanda Labra\u00f1a se consagr\u00f3 tambi\u00e9n en dobles, tras vencer a la pareja integrada por la argentina Luciana Moyano y la ecuatoriana Camila Romero por 6-2 y 6-4. De esta manera, Capurro Taborda se llev\u00f3 los dos t\u00edtulos en disputa, convirti\u00e9ndose en la gran figura del <strong data-start=\"1261\" data-end=\"1275\">torneo ITF<\/strong>.<\/p>\n<h3 data-start=\"1280\" data-end=\"1309\">La revelaci\u00f3n lujanense<\/h3>\n<p data-start=\"1310\" data-end=\"1681\">Otro de los puntos destacados fue la actuaci\u00f3n de la juvenil local M\u00eda Brayotta, de apenas 16 a\u00f1os. La tenista lujanense lleg\u00f3 hasta los octavos de final, donde cay\u00f3 frente a Urrutia, quien m\u00e1s tarde ser\u00eda finalista. M\u00e1s all\u00e1 de la derrota por 6-1 y 6-2, Brayotta sum\u00f3 sus primeros puntos para el ranking WTA, experiencia que marca el inicio de una prometedora carrera.<\/p>\n<h3 data-start=\"1683\" data-end=\"1724\">Luj\u00e1n, sede internacional del <strong data-start=\"1780\" data-end=\"1819\">torneo ITF<\/strong><\/h3>\n<p data-start=\"1725\" data-end=\"2134\">Este lunes comenz\u00f3 la etapa clasificatoria del segundo <strong data-start=\"1780\" data-end=\"1819\">torneo ITF W15 Copa Ciudad de Luj\u00e1n<\/strong>, que se extender\u00e1 hasta el pr\u00f3ximo domingo 28 de septiembre. La continuidad de estas competencias consolida a la ciudad como sede de eventos internacionales de tenis, convocando a m\u00e1s de 100 jugadoras de pa\u00edses como Uruguay, Chile, Colombia, Brasil, Ecuador, Estados Unidos, Canad\u00e1, B\u00e9lgica y Rusia, entre otros.<\/p>\n<p data-start=\"2136\" data-end=\"2443\">Los torneos se disputan en las modalidades de singles y dobles, entregan 15.000 d\u00f3lares en premios y otorgan 15 puntos para el ranking mundial de la Women\u2019s Tennis Association (WTA). Con entrada libre y gratuita, los partidos se desarrollan entre las 10 y las 19 horas en las canchas del Luj\u00e1n Tenis Club.<\/p>\n<h3 data-start=\"2445\" data-end=\"2485\">Organizaci\u00f3n y apoyo institucional<\/h3>\n<p data-start=\"2486\" data-end=\"2834\">Los cert\u00e1menes est\u00e1n supervisados por la Federaci\u00f3n Internacional de Tenis (<a href=\"https:\/\/www.itftennis.com\/\" target=\"_blank\" rel=\"noopener\">ITF<\/a>) y avalados por la Asociaci\u00f3n Argentina de Tenis (AAT). La organizaci\u00f3n corre por cuenta de la empresa Tennium y el Luj\u00e1n <a href=\"https:\/\/diariodelujan.com\/lujan-sede-tenis-internacional-2\/\">Tenis<\/a> Club, con el acompa\u00f1amiento del Municipio de Luj\u00e1n, que apuesta a consolidar la ciudad como destino de eventos deportivos de primer nivel.<\/p>\n<p data-start=\"2836\" data-end=\"3065\">Con este impulso, Luj\u00e1n no solo ofrece a los vecinos la posibilidad de disfrutar de tenis profesional sin costo, sino que tambi\u00e9n fortalece su posicionamiento como sede de referencia en el calendario del circuito internacional.<\/p>\n","protected":false},"excerpt":{"rendered":"<p>La\u00a0argentina Martina Capurro Taborda se consagr\u00f3 campeona en la modalidad de singles y dobles del primer torneo ITF W15 Copa Ciudad de Luj\u00e1n, reafirmando su gran presente en el circuito internacional.<\/p>\n","protected":false},"author":4,"featured_media":17004,"comment_status":"closed","ping_status":"closed","sticky":false,"template":"","format":"standard","meta":{"tdm_status":"","tdm_grid_status":"","footnotes":""},"categories":[11,2],"tags":[517,520,106],"class_list":{"0":"post-17003","1":"post","2":"type-post","3":"status-publish","4":"format-standard","5":"has-post-thumbnail","7":"category-tenis","8":"category-featured","9":"tag-itf","10":"tag-martina-capurro-taborda","11":"tag-tenis"},"_links":{"self":[{"href":"https:\/\/diariodelujan.com\/xdeporte\/wp-json\/wp\/v2\/posts\/17003","targetHints":{"allow":["GET"]}}],"collection":[{"href":"https:\/\/diariodelujan.com\/xdeporte\/wp-json\/wp\/v2\/posts"}],"about":[{"href":"https:\/\/diariodelujan.com\/xdeporte\/wp-json\/wp\/v2\/types\/post"}],"author":[{"embeddable":true,"href":"https:\/\/diariodelujan.com\/xdeporte\/wp-json\/wp\/v2\/users\/4"}],"replies":[{"embeddable":true,"href":"https:\/\/diariodelujan.com\/xdeporte\/wp-json\/wp\/v2\/comments?post=17003"}],"version-history":[{"count":1,"href":"https:\/\/diariodelujan.com\/xdeporte\/wp-json\/wp\/v2\/posts\/17003\/revisions"}],"predecessor-version":[{"id":17005,"href":"https:\/\/diariodelujan.com\/xdeporte\/wp-json\/wp\/v2\/posts\/17003\/revisions\/17005"}],"wp:featuredmedia":[{"embeddable":true,"href":"https:\/\/diariodelujan.com\/xdeporte\/wp-json\/wp\/v2\/media\/17004"}],"wp:attachment":[{"href":"https:\/\/diariodelujan.com\/xdeporte\/wp-json\/wp\/v2\/media?parent=17003"}],"wp:term":[{"taxonomy":"category","embeddable":true,"href":"https:\/\/diariodelujan.com\/xdeporte\/wp-json\/wp\/v2\/categories?post=17003"},{"taxonomy":"post_tag","embeddable":true,"href":"https:\/\/diariodelujan.com\/xdeporte\/wp-json\/wp\/v2\/tags?post=17003"}],"curies":[{"name":"wp","href":"https:\/\/api.w.org\/{rel}","templated":true}]}}