{"id":17012,"date":"2025-09-27T03:20:26","date_gmt":"2025-09-27T06:20:26","guid":{"rendered":"https:\/\/diariodelujan.com\/xdeporte\/?p=17012"},"modified":"2025-09-27T18:13:46","modified_gmt":"2025-09-27T21:13:46","slug":"el-lujanero-enfrenta-a-el-porvenir","status":"publish","type":"post","link":"https:\/\/diariodelujan.com\/xdeporte\/el-lujanero-enfrenta-a-el-porvenir\/","title":{"rendered":"El Lujanero busca dar el primer golpe en el Reducido ante El Porvenir"},"content":{"rendered":"<p><span style=\"font-family: georgia, palatino, serif; font-size: 14pt;\"><em><a href=\"https:\/\/www.facebook.com\/www.clublujan.com.ar\" target=\"_blank\" rel=\"noopener\">El Lujanero<\/a> afronta un nuevo desaf\u00edo cargado de ilusi\u00f3n y compromiso. Luego de cerrar la fase regular con un <a href=\"https:\/\/diariodelujan.com\/xdeporte\/el-lujanero-empato-con-atlas\/\" target=\"_blank\" rel=\"noopener\">empate 1-1 frente a Atlas<\/a> que lo dej\u00f3 en la segunda posici\u00f3n de la Zona B, el elenco de la Bas\u00edlica ya se mentaliza en lo que ser\u00e1 el Reducido por el ascenso a la Primera B.<\/em><\/span><\/p>\n<p><!--more--><\/p>\n<p>Este s\u00e1bado, desde las 13.00 en el estadio Gildo Ghersinich, visitar\u00e1 a El Porvenir en el partido de ida de la primera fase, con arbitraje de Guido Mascheroni.<\/p>\n<h3><span style=\"font-size: 18px; font-family: georgia, palatino, serif;\"><strong>Una nueva oportunidad para el Lujanero<\/strong><\/span><\/h3>\n<p>Si bien el segundo puesto en su grupo dej\u00f3 un sabor agridulce, el <em>Lujanero<\/em> sabe que todav\u00eda conserva intacta la posibilidad de luchar por su gran objetivo: subir de categor\u00eda. El Reducido aparece como una nueva chance y, m\u00e1s all\u00e1 de las dificultades del calendario, el equipo conf\u00eda en su poder colectivo y en la experiencia adquirida durante todo el certamen.<\/p>\n<h3><span style=\"font-size: 18px; font-family: georgia, palatino, serif;\"><strong>El plan de Fredes para el debut<\/strong><\/span><\/h3>\n<p>El entrenador Santiago Fredes analiza variantes importantes respecto al \u00faltimo encuentro ante Atlas. La idea del cuerpo t\u00e9cnico es volver a apostar por la base de jugadores que protagoniz\u00f3 la mayor parte de la etapa regular, priorizando solidez, equilibrio y la jerarqu\u00eda de los futbolistas con m\u00e1s rodaje en la temporada. El <em>Lujanero<\/em> buscar\u00e1 hacerse fuerte desde la mitad de la cancha, intentando imponer condiciones en un escenario siempre complicado como el de Gerli.<\/p>\n<h3><span style=\"font-family: georgia, palatino, serif; font-size: 18px;\"><strong>El rival: El Porvenir, un obst\u00e1culo exigente<\/strong><\/span><\/h3>\n<p>El Porvenir llega a este Reducido con la motivaci\u00f3n de hacer valer su local\u00eda y sorprender a un Luj\u00e1n que, en los papeles, aparece como uno de los candidatos. El equipo de Gerli se caracteriza por su intensidad en la presi\u00f3n, el orden t\u00e1ctico y la b\u00fasqueda de sacar ventaja en las pelotas paradas, un aspecto que el <em>Lujanero<\/em> deber\u00e1 atender con suma atenci\u00f3n.<\/p>\n<h3><span style=\"font-size: 18px; font-family: georgia, palatino, serif;\"><strong>Un duelo con historia y expectativas<\/strong><\/span><\/h3>\n<p>Los enfrentamientos entre Luj\u00e1n y El Porvenir siempre han tenido un condimento especial, con partidos parejos y finales cerrados. En este contexto de Reducido, la tensi\u00f3n ser\u00e1 a\u00fan mayor, ya que cada detalle puede inclinar la balanza. El conjunto de la Bas\u00edlica sabe que un buen resultado de visitante puede ser determinante para encarar con mayor confianza la revancha.<\/p>\n<h3><span style=\"font-size: 18px; font-family: georgia, palatino, serif;\"><strong>La ilusi\u00f3n intacta<\/strong><\/span><\/h3>\n<p>Con el respaldo de su gente y el hambre de gloria que caracteriza al plantel, el <em>Lujanero<\/em> inicia su camino en el Reducido con la convicci\u00f3n de que est\u00e1 preparado para pelear hasta el final. El objetivo es claro: dar el primer paso en Gerli y mantener viva la esperanza de conseguir el tan anhelado ascenso a la Primera B.<\/p>\n","protected":false},"excerpt":{"rendered":"<p>El Lujanero afronta un nuevo desaf\u00edo cargado de ilusi\u00f3n y compromiso. Luego de cerrar la fase regular con un empate 1-1 frente a Atlas que lo dej\u00f3 en la segunda posici\u00f3n de la Zona B, el elenco de la Bas\u00edlica ya se mentaliza en lo que ser\u00e1 el Reducido por el ascenso a la Primera [&hellip;]<\/p>\n","protected":false},"author":3,"featured_media":16782,"comment_status":"closed","ping_status":"closed","sticky":false,"template":"","format":"standard","meta":{"tdm_status":"","tdm_grid_status":"","footnotes":""},"categories":[8],"tags":[209,173,117,184,130],"class_list":{"0":"post-17012","1":"post","2":"type-post","3":"status-publish","4":"format-standard","5":"has-post-thumbnail","7":"category-futbol","8":"tag-el-porvenir","9":"tag-futbol","10":"tag-lujan","11":"tag-lujanero","12":"tag-primera-c"},"_links":{"self":[{"href":"https:\/\/diariodelujan.com\/xdeporte\/wp-json\/wp\/v2\/posts\/17012","targetHints":{"allow":["GET"]}}],"collection":[{"href":"https:\/\/diariodelujan.com\/xdeporte\/wp-json\/wp\/v2\/posts"}],"about":[{"href":"https:\/\/diariodelujan.com\/xdeporte\/wp-json\/wp\/v2\/types\/post"}],"author":[{"embeddable":true,"href":"https:\/\/diariodelujan.com\/xdeporte\/wp-json\/wp\/v2\/users\/3"}],"replies":[{"embeddable":true,"href":"https:\/\/diariodelujan.com\/xdeporte\/wp-json\/wp\/v2\/comments?post=17012"}],"version-history":[{"count":2,"href":"https:\/\/diariodelujan.com\/xdeporte\/wp-json\/wp\/v2\/posts\/17012\/revisions"}],"predecessor-version":[{"id":17014,"href":"https:\/\/diariodelujan.com\/xdeporte\/wp-json\/wp\/v2\/posts\/17012\/revisions\/17014"}],"wp:featuredmedia":[{"embeddable":true,"href":"https:\/\/diariodelujan.com\/xdeporte\/wp-json\/wp\/v2\/media\/16782"}],"wp:attachment":[{"href":"https:\/\/diariodelujan.com\/xdeporte\/wp-json\/wp\/v2\/media?parent=17012"}],"wp:term":[{"taxonomy":"category","embeddable":true,"href":"https:\/\/diariodelujan.com\/xdeporte\/wp-json\/wp\/v2\/categories?post=17012"},{"taxonomy":"post_tag","embeddable":true,"href":"https:\/\/diariodelujan.com\/xdeporte\/wp-json\/wp\/v2\/tags?post=17012"}],"curies":[{"name":"wp","href":"https:\/\/api.w.org\/{rel}","templated":true}]}}