{"id":17033,"date":"2025-09-29T00:52:57","date_gmt":"2025-09-29T03:52:57","guid":{"rendered":"https:\/\/diariodelujan.com\/xdeporte\/?p=17033"},"modified":"2025-09-29T20:22:49","modified_gmt":"2025-09-29T23:22:49","slug":"flandria-busca-otro-triunfo-clave","status":"publish","type":"post","link":"https:\/\/diariodelujan.com\/xdeporte\/flandria-busca-otro-triunfo-clave\/","title":{"rendered":"Flandria busca otro triunfo clave ante Villa D\u00e1lmine en el Carlos V"},"content":{"rendered":"<p><span style=\"font-size: 14pt; font-family: georgia, palatino, serif;\"><em>El lunes en la tarde de J\u00e1uregui tendr\u00e1 un condimento especial: <a href=\"https:\/\/www.facebook.com\/ClubsydFlandria\" target=\"_blank\" rel=\"noopener\">Flandria<\/a> volver\u00e1 a presentarse en el estadio Carlos V con la ilusi\u00f3n de sumar tres puntos que lo acerquen a los puestos de Reducido.<\/em><\/span><\/p>\n<p><!--more--><\/p>\n<p>Desde las 15.30, Flandria recibir\u00e1 a Villa D\u00e1lmine por la 15\u00aa fecha del Torneo Clausura de la Primera B, con arbitraje de Gabriel Guti\u00e9rrez.<\/p>\n<h3><strong>Flandria llega con aire renovado<\/strong><\/h3>\n<p>Despu\u00e9s de una racha adversa de siete encuentros sin conocer la victoria, el equipo dirigido por <em>Cacho<\/em> Sialle logr\u00f3 un desahogo en su \u00faltima presentaci\u00f3n: <a href=\"https:\/\/diariodelujan.com\/xdeporte\/flandria-volvio-al-triunfo-2\/\" target=\"_blank\" rel=\"noopener\">triunfo 2-0 sobre F\u00e9nix<\/a>, resultado que levant\u00f3 el \u00e1nimo del plantel y devolvi\u00f3 la confianza. Tras cumplir con la fecha libre, Flandria tuvo m\u00e1s d\u00edas de trabajo para ajustar detalles y planificar un duelo que ser\u00e1 clave en sus aspiraciones.<\/p>\n<p>La necesidad es clara: ganar para seguir escalando posiciones y mantener viva la ilusi\u00f3n de meterse en la pelea por un lugar en el Reducido por el segundo ascenso. En un torneo tan parejo como el de la Primera B, cada punto cuenta, y la local\u00eda en J\u00e1uregui se transforma en un factor determinante.<\/p>\n<h3><strong>Los posibles cambios en el equipo<\/strong><\/h3>\n<p>De cara a este encuentro, el entrenador analiza modificaciones obligadas y t\u00e1cticas. Una de las novedades ser\u00eda el regreso de Ariel Morales en reemplazo de Alejandro Nalerio. Adem\u00e1s, en el arco, Mart\u00edn Correa ocupar\u00e1 el lugar de Dante Spitale, quien sufri\u00f3 una dura lesi\u00f3n en el hombro que lo obligar\u00e1 a pasar por el quir\u00f3fano.<\/p>\n<p>En el mediocampo tambi\u00e9n habr\u00eda una variante: Jonatan Palacio ingresar\u00eda por Ramiro De La Riva, ausente de la convocatoria. Estos movimientos buscan darle equilibrio y frescura a un equipo que necesita seguir sumando regularidad en el Clausura.<\/p>\n<h3><strong>Villa D\u00e1lmine, un rival inc\u00f3modo<\/strong><\/h3>\n<p>El <em>Viola<\/em> llega a este compromiso con la intenci\u00f3n de cortar su propia irregularidad y hacerse fuerte en una cancha siempre dif\u00edcil. Si bien ha mostrado altibajos a lo largo del torneo, Villa D\u00e1lmine cuenta con jugadores capaces de complicar a cualquier rival y se perfila como un examen exigente para Flandria.<\/p>\n","protected":false},"excerpt":{"rendered":"<p>El lunes en la tarde de J\u00e1uregui tendr\u00e1 un condimento especial: Flandria volver\u00e1 a presentarse en el estadio Carlos V con la ilusi\u00f3n de sumar tres puntos que lo acerquen a los puestos de Reducido.<\/p>\n","protected":false},"author":3,"featured_media":16073,"comment_status":"closed","ping_status":"closed","sticky":false,"template":"","format":"standard","meta":{"tdm_status":"","tdm_grid_status":"","footnotes":""},"categories":[8],"tags":[171,172,173,198,356],"class_list":{"0":"post-17033","1":"post","2":"type-post","3":"status-publish","4":"format-standard","5":"has-post-thumbnail","7":"category-futbol","8":"tag-canario","9":"tag-flandria","10":"tag-futbol","11":"tag-primera-b","12":"tag-villa-dalmine"},"_links":{"self":[{"href":"https:\/\/diariodelujan.com\/xdeporte\/wp-json\/wp\/v2\/posts\/17033","targetHints":{"allow":["GET"]}}],"collection":[{"href":"https:\/\/diariodelujan.com\/xdeporte\/wp-json\/wp\/v2\/posts"}],"about":[{"href":"https:\/\/diariodelujan.com\/xdeporte\/wp-json\/wp\/v2\/types\/post"}],"author":[{"embeddable":true,"href":"https:\/\/diariodelujan.com\/xdeporte\/wp-json\/wp\/v2\/users\/3"}],"replies":[{"embeddable":true,"href":"https:\/\/diariodelujan.com\/xdeporte\/wp-json\/wp\/v2\/comments?post=17033"}],"version-history":[{"count":3,"href":"https:\/\/diariodelujan.com\/xdeporte\/wp-json\/wp\/v2\/posts\/17033\/revisions"}],"predecessor-version":[{"id":17036,"href":"https:\/\/diariodelujan.com\/xdeporte\/wp-json\/wp\/v2\/posts\/17033\/revisions\/17036"}],"wp:featuredmedia":[{"embeddable":true,"href":"https:\/\/diariodelujan.com\/xdeporte\/wp-json\/wp\/v2\/media\/16073"}],"wp:attachment":[{"href":"https:\/\/diariodelujan.com\/xdeporte\/wp-json\/wp\/v2\/media?parent=17033"}],"wp:term":[{"taxonomy":"category","embeddable":true,"href":"https:\/\/diariodelujan.com\/xdeporte\/wp-json\/wp\/v2\/categories?post=17033"},{"taxonomy":"post_tag","embeddable":true,"href":"https:\/\/diariodelujan.com\/xdeporte\/wp-json\/wp\/v2\/tags?post=17033"}],"curies":[{"name":"wp","href":"https:\/\/api.w.org\/{rel}","templated":true}]}}