{"id":17056,"date":"2025-10-01T12:16:39","date_gmt":"2025-10-01T15:16:39","guid":{"rendered":"https:\/\/diariodelujan.com\/xdeporte\/?p=17056"},"modified":"2025-10-01T12:21:54","modified_gmt":"2025-10-01T15:21:54","slug":"hazana-en-brasil-de-laila-chain","status":"publish","type":"post","link":"https:\/\/diariodelujan.com\/xdeporte\/hazana-en-brasil-de-laila-chain\/","title":{"rendered":"Laila Cha\u00edn se corona multicampeona y bate r\u00e9cords en Nataci\u00f3n"},"content":{"rendered":"<p><span style=\"font-family: georgia, palatino, serif; font-size: 18px;\"><em>El deporte lujanense vuelve a ser sin\u00f3nimo de orgullo gracias a la brillante actuaci\u00f3n de <b>Laila Cha\u00edn<\/b> en el Campeonato Sudamericano Juvenil de Nataci\u00f3n, celebrado recientemente en R\u00edo de Janeiro, Brasil.<\/em><\/span><\/p>\n<p><!--more--><\/p>\n<p>Pese a competir en la categor\u00eda Juvenil siendo Cadete y dar considerable ventaja en edad, la nadadora de la Selecci\u00f3n Argentina no solo se consagr\u00f3 con m\u00faltiples medallas de oro, sino que pulveriz\u00f3 r\u00e9cords, confirmando su estatus como una de las mayores promesas de la nataci\u00f3n regional.<\/p>\n<h3>Un dominio hist\u00f3rico en el Sudamericano Juvenil<\/h3>\n<p>Entre el 22 y el 29 de septiembre, <a href=\"https:\/\/diariodelujan.com\/laila-chain-brilla-en-el-en-el-selectivo-juvenil\/\"><b>Laila Cha\u00edn<\/b><\/a> protagoniz\u00f3 una actuaci\u00f3n hist\u00f3rica en las piscinas brasile\u00f1as. La joven deportista lujanense acumul\u00f3 un total de <b>ocho medallas doradas<\/b> y dos plateadas, demostrando su versatilidad y dominio en diferentes estilos.<\/p>\n<p>Su performance no solo fue un \u00e9xito en el medallero, sino que dej\u00f3 marcas imborrables. Cha\u00edn logr\u00f3 establecer <b>cinco nuevos r\u00e9cords sudamericanos<\/b> y cuatro r\u00e9cords nacionales de categor\u00eda, un logro descomunal que subraya su potencial.<\/p>\n<p><a href=\"https:\/\/diariodelujan.com\/wp-content\/uploads\/2025\/10\/chain.webp\"><img loading=\"lazy\" decoding=\"async\" class=\"alignnone size-full wp-image-33204\" src=\"https:\/\/diariodelujan.com\/wp-content\/uploads\/2025\/10\/chain.webp\" alt=\"Laila Cha\u00edn se corona multicampeona y bate r\u00e9cords en Nataci\u00f3n\" width=\"603\" height=\"712\" title=\"\"><\/a><\/p>\n<p>El detalle de la hist\u00f3rica cosecha de <b>Laila Cha\u00edn<\/b> en R\u00edo de Janeiro incluye:<\/p>\n<ul>\n<li><b>100 metros Estilo Espalda:<\/b> Campeona Sudamericana con nuevo r\u00e9cord Sudamericano y R\u00e9cord Nacional de categor\u00eda.<\/li>\n<li><b>200 metros Estilo Espalda:<\/b> Campeona Sudamericana con nuevo r\u00e9cord Sudamericano y R\u00e9cord Nacional de categor\u00eda.<\/li>\n<li><b>200 metros Estilo Medley:<\/b> Campeona Sudamericana con nuevo r\u00e9cord Sudamericano y R\u00e9cord Nacional de categor\u00eda.<\/li>\n<li><b>100 metros Estilo Mariposa:<\/b> Campeona Sudamericana con nuevos r\u00e9cords Sudamericano y Nacional de categor\u00eda.<\/li>\n<li><b>400 metros Estilo Medley:<\/b> Campeona Sudamericana.<\/li>\n<li><b>Relevos Femenino:<\/b> Sum\u00f3 oros en 4&#215;100 Libre, 4&#215;200 Libre y 4&#215;200 Combinados.<\/li>\n<\/ul>\n<p>Adem\u00e1s, la nadadora demostr\u00f3 su val\u00eda en competencias de equipo, obteniendo dos medallas de plata en los Relevos Mixtos (4&#215;100 Combinados y 4&#215;100 Libre).<\/p>\n<h3>Reconocimiento a la excelencia t\u00e9cnica de Laila Cha\u00edn<\/h3>\n<p>Como broche de oro a su desempe\u00f1o, <b>Laila Cha\u00edn<\/b> recibi\u00f3 un trofeo de <b>Reconocimiento a la Mejor Marca T\u00e9cnica<\/b>.<\/p>\n<p><a href=\"https:\/\/diariodelujan.com\/wp-content\/uploads\/2025\/10\/chain-podio.webp\"><img loading=\"lazy\" decoding=\"async\" class=\"alignnone size-full wp-image-33203\" src=\"https:\/\/diariodelujan.com\/wp-content\/uploads\/2025\/10\/chain-podio.webp\" alt=\"Laila Cha\u00edn se corona multicampeona y bate r\u00e9cords en Nataci\u00f3n\" width=\"800\" height=\"750\" title=\"\"><\/a><\/p>\n<p>Este galard\u00f3n es otorgado \u00fanicamente a los cuatro nadadores m\u00e1s destacados de todo el Campeonato Sudamericano Juvenil de Nataci\u00f3n 2025, lo que resalta el impacto cualitativo de su participaci\u00f3n m\u00e1s all\u00e1 de la cantidad de medallas.<\/p>\n<p>La nadadora ya hab\u00eda dado indicios de su gran momento en junio, durante el Selectivo para el Sudamericano en el Parque Roca, donde logr\u00f3 seis marcas sudamericanas juveniles y cosech\u00f3 ocho oros. Ahora, en Brasil, <b>Laila Cha\u00edn<\/b> ha confirmado que es una fuerza imparable en el agua, llevando la bandera de Luj\u00e1n y de Argentina a lo m\u00e1s alto del podio regional.<\/p>\n<p><em>Fuente:<a href=\"http:\/\/www.estacionlujan.com.ar\" target=\"_blank\" rel=\"noopener\"> Radio Estaci\u00f3n Luj\u00e1n<\/a><\/em><\/p>\n","protected":false},"excerpt":{"rendered":"<p>El deporte lujanense vuelve a ser sin\u00f3nimo de orgullo gracias a la brillante actuaci\u00f3n de Laila Cha\u00edn en el Campeonato Sudamericano Juvenil de Nataci\u00f3n, celebrado recientemente en R\u00edo de Janeiro, Brasil.<\/p>\n","protected":false},"author":4,"featured_media":17059,"comment_status":"closed","ping_status":"closed","sticky":false,"template":"","format":"standard","meta":{"tdm_status":"","tdm_grid_status":"","footnotes":""},"categories":[451,2],"tags":[365,523,59],"class_list":{"0":"post-17056","1":"post","2":"type-post","3":"status-publish","4":"format-standard","5":"has-post-thumbnail","7":"category-natacion","8":"category-featured","9":"tag-laila-chain","10":"tag-multicampeona","11":"tag-natacion"},"_links":{"self":[{"href":"https:\/\/diariodelujan.com\/xdeporte\/wp-json\/wp\/v2\/posts\/17056","targetHints":{"allow":["GET"]}}],"collection":[{"href":"https:\/\/diariodelujan.com\/xdeporte\/wp-json\/wp\/v2\/posts"}],"about":[{"href":"https:\/\/diariodelujan.com\/xdeporte\/wp-json\/wp\/v2\/types\/post"}],"author":[{"embeddable":true,"href":"https:\/\/diariodelujan.com\/xdeporte\/wp-json\/wp\/v2\/users\/4"}],"replies":[{"embeddable":true,"href":"https:\/\/diariodelujan.com\/xdeporte\/wp-json\/wp\/v2\/comments?post=17056"}],"version-history":[{"count":6,"href":"https:\/\/diariodelujan.com\/xdeporte\/wp-json\/wp\/v2\/posts\/17056\/revisions"}],"predecessor-version":[{"id":17063,"href":"https:\/\/diariodelujan.com\/xdeporte\/wp-json\/wp\/v2\/posts\/17056\/revisions\/17063"}],"wp:featuredmedia":[{"embeddable":true,"href":"https:\/\/diariodelujan.com\/xdeporte\/wp-json\/wp\/v2\/media\/17059"}],"wp:attachment":[{"href":"https:\/\/diariodelujan.com\/xdeporte\/wp-json\/wp\/v2\/media?parent=17056"}],"wp:term":[{"taxonomy":"category","embeddable":true,"href":"https:\/\/diariodelujan.com\/xdeporte\/wp-json\/wp\/v2\/categories?post=17056"},{"taxonomy":"post_tag","embeddable":true,"href":"https:\/\/diariodelujan.com\/xdeporte\/wp-json\/wp\/v2\/tags?post=17056"}],"curies":[{"name":"wp","href":"https:\/\/api.w.org\/{rel}","templated":true}]}}