{"id":17078,"date":"2025-10-03T18:23:32","date_gmt":"2025-10-03T21:23:32","guid":{"rendered":"https:\/\/diariodelujan.com\/xdeporte\/?p=17078"},"modified":"2025-10-03T18:32:07","modified_gmt":"2025-10-03T21:32:07","slug":"lujan-gano-en-primera-c","status":"publish","type":"post","link":"https:\/\/diariodelujan.com\/xdeporte\/lujan-gano-en-primera-c\/","title":{"rendered":"Luj\u00e1n gan\u00f3 y avanza en el Torneo Reducido de la Primera C"},"content":{"rendered":"<p data-start=\"213\" data-end=\"666\"><span style=\"font-family: georgia, palatino, serif; font-size: 18px;\"><em>Con justicia por lo hecho a lo largo de la serie, <strong data-start=\"284\" data-end=\"293\">Luj\u00e1n<\/strong> se meti\u00f3 en los <strong data-start=\"310\" data-end=\"375\">cuartos de final del Torneo Reducido de la Primera C<\/strong> al dejar en el camino a <strong data-start=\"400\" data-end=\"415\">El Porvenir<\/strong>.<\/em><\/span><\/p>\n<p data-start=\"213\" data-end=\"666\"><!--more--><\/p>\n<p data-start=\"213\" data-end=\"666\">En un partido cargado de nerviosismo, el \u201c<a href=\"https:\/\/diariodelujan.com\/xdeporte\/el-lujanero-busca-pasar-en-casa\/\">Lujanero<\/a>\u201d se impuso por 1 a 0 con un gol ag\u00f3nico de <strong data-start=\"511\" data-end=\"529\">Ferm\u00edn Urtasun<\/strong> a los 40 minutos del complemento, en el estadio 1\u00b0 de Abril, y mantiene intacto el sue\u00f1o del segundo ascenso a la <strong data-start=\"644\" data-end=\"663\">B Metropolitana<\/strong>.<\/p>\n<h3 data-start=\"668\" data-end=\"697\">Un primer tiempo parejo<\/h3>\n<p data-start=\"698\" data-end=\"1052\">El encuentro revancha mostr\u00f3 en la etapa inicial un desarrollo cerrado, con marcas f\u00e9rreas y pocas situaciones claras. Luj\u00e1n busc\u00f3 desnivelar, pero la defensa del conjunto de Gerli se mostr\u00f3 s\u00f3lida. Eladio Ramos tuvo una chance clara, pero apareci\u00f3 a tiempo Peralta Salinas para cerrar. Luego, Juli\u00e1n Ford intent\u00f3 con un remate que se fue apenas ancho.<\/p>\n<p data-start=\"1054\" data-end=\"1234\">Por su parte, El Porvenir respondi\u00f3 con pelotas paradas y un cabezazo de Rodr\u00edguez que se fue por encima del arco defendido por Ruhl. Con el empate en cero se fueron al descanso.<\/p>\n<p data-start=\"1054\" data-end=\"1234\"><a href=\"https:\/\/diariodelujan.com\/xdeporte\/wp-content\/uploads\/2025\/08\/centro-espanol-lujan-2025.webp\"><img loading=\"lazy\" decoding=\"async\" class=\"alignnone wp-image-16640\" src=\"https:\/\/diariodelujan.com\/xdeporte\/wp-content\/uploads\/2025\/08\/centro-espanol-lujan-2025.webp\" alt=\"El Lujanero lo gan\u00f3 en la \u00faltima y sigue prendido\" width=\"700\" height=\"597\" title=\"\" srcset=\"https:\/\/diariodelujan.com\/xdeporte\/wp-content\/uploads\/2025\/08\/centro-espanol-lujan-2025.webp 512w, https:\/\/diariodelujan.com\/xdeporte\/wp-content\/uploads\/2025\/08\/centro-espanol-lujan-2025-300x256.webp 300w, https:\/\/diariodelujan.com\/xdeporte\/wp-content\/uploads\/2025\/08\/centro-espanol-lujan-2025-492x420.webp 492w\" sizes=\"auto, (max-width: 700px) 100vw, 700px\" \/><\/a><\/p>\n<h3 data-start=\"1236\" data-end=\"1278\">El segundo tiempo, con dominio local<\/h3>\n<p data-start=\"1279\" data-end=\"1549\">En el complemento, Luj\u00e1n sali\u00f3 decidido a tomar el protagonismo. Juli\u00e1n Ford exigi\u00f3 de media distancia al arquero Ju\u00e1rez, que respondi\u00f3 con solvencia. Minutos despu\u00e9s, Facundo Rojas tambi\u00e9n prob\u00f3 desde afuera, pero otra vez el uno visitante evit\u00f3 la ca\u00edda de su valla.<\/p>\n<p data-start=\"1551\" data-end=\"1709\">El Porvenir se defend\u00eda con orden y manten\u00eda la expectativa de llevar la serie al l\u00edmite, pero el Lujanero sigui\u00f3 insistiendo hasta encontrar la recompensa.<\/p>\n<h3 data-start=\"1711\" data-end=\"1743\">El gol de la clasificaci\u00f3n<\/h3>\n<p data-start=\"1744\" data-end=\"1999\">Cuando el partido parec\u00eda encaminarse a un cierre sin emociones, apareci\u00f3 la conexi\u00f3n que cambi\u00f3 la historia: <strong data-start=\"1854\" data-end=\"1891\">Arriola habilit\u00f3 a Ferm\u00edn Urtasun<\/strong>, que dentro del \u00e1rea remat\u00f3 fuerte y cruzado para vencer a Ju\u00e1rez y desatar la euforia en el 1\u00b0 de Abril.<\/p>\n<p data-start=\"2001\" data-end=\"2203\">Ese tanto sell\u00f3 el 1 a 0 final, suficiente para que <strong data-start=\"2053\" data-end=\"2112\"><a href=\"http:\/\/www.estacionlujan.com.ar\" target=\"_blank\" rel=\"noopener\">Luj\u00e1n<\/a> avance a los cuartos de final del Torneo Reducido<\/strong>, dejando atr\u00e1s a un digno El Porvenir y alimentando la ilusi\u00f3n de pelear por el ascenso.<\/p>\n<h3 data-start=\"2205\" data-end=\"2223\">Lo que viene en la primera C<\/h3>\n<p data-start=\"2224\" data-end=\"2431\">Con esta victoria, el Lujanero sigue con vida en el certamen y espera rival en la pr\u00f3xima instancia, con el objetivo claro de seguir avanzando en busca del anhelado pasaje que lo saque de la primera C y lo catapulte a la <strong data-start=\"2401\" data-end=\"2428\">Primera B Metropolitana<\/strong>.<\/p>\n","protected":false},"excerpt":{"rendered":"<p>Con justicia por lo hecho a lo largo de la serie, Luj\u00e1n se meti\u00f3 en los cuartos de final del Torneo Reducido de la Primera C al dejar en el camino a El Porvenir.<\/p>\n","protected":false},"author":4,"featured_media":16878,"comment_status":"closed","ping_status":"closed","sticky":false,"template":"","format":"standard","meta":{"tdm_status":"","tdm_grid_status":"","footnotes":""},"categories":[2,8],"tags":[],"class_list":{"0":"post-17078","1":"post","2":"type-post","3":"status-publish","4":"format-standard","5":"has-post-thumbnail","7":"category-featured","8":"category-futbol"},"_links":{"self":[{"href":"https:\/\/diariodelujan.com\/xdeporte\/wp-json\/wp\/v2\/posts\/17078","targetHints":{"allow":["GET"]}}],"collection":[{"href":"https:\/\/diariodelujan.com\/xdeporte\/wp-json\/wp\/v2\/posts"}],"about":[{"href":"https:\/\/diariodelujan.com\/xdeporte\/wp-json\/wp\/v2\/types\/post"}],"author":[{"embeddable":true,"href":"https:\/\/diariodelujan.com\/xdeporte\/wp-json\/wp\/v2\/users\/4"}],"replies":[{"embeddable":true,"href":"https:\/\/diariodelujan.com\/xdeporte\/wp-json\/wp\/v2\/comments?post=17078"}],"version-history":[{"count":6,"href":"https:\/\/diariodelujan.com\/xdeporte\/wp-json\/wp\/v2\/posts\/17078\/revisions"}],"predecessor-version":[{"id":17084,"href":"https:\/\/diariodelujan.com\/xdeporte\/wp-json\/wp\/v2\/posts\/17078\/revisions\/17084"}],"wp:featuredmedia":[{"embeddable":true,"href":"https:\/\/diariodelujan.com\/xdeporte\/wp-json\/wp\/v2\/media\/16878"}],"wp:attachment":[{"href":"https:\/\/diariodelujan.com\/xdeporte\/wp-json\/wp\/v2\/media?parent=17078"}],"wp:term":[{"taxonomy":"category","embeddable":true,"href":"https:\/\/diariodelujan.com\/xdeporte\/wp-json\/wp\/v2\/categories?post=17078"},{"taxonomy":"post_tag","embeddable":true,"href":"https:\/\/diariodelujan.com\/xdeporte\/wp-json\/wp\/v2\/tags?post=17078"}],"curies":[{"name":"wp","href":"https:\/\/api.w.org\/{rel}","templated":true}]}}