{"id":17113,"date":"2025-10-08T14:04:06","date_gmt":"2025-10-08T17:04:06","guid":{"rendered":"https:\/\/diariodelujan.com\/xdeporte\/?p=17113"},"modified":"2025-10-08T14:04:28","modified_gmt":"2025-10-08T17:04:28","slug":"delegacion-para-los-juegos-bonaerenses","status":"publish","type":"post","link":"https:\/\/diariodelujan.com\/xdeporte\/delegacion-para-los-juegos-bonaerenses\/","title":{"rendered":"Luj\u00e1n present\u00f3 su delegaci\u00f3n para los Juegos Bonaerenses 2025"},"content":{"rendered":"<p data-start=\"167\" data-end=\"478\"><span style=\"font-family: georgia, palatino, serif; font-size: 18px;\"><em>Luj\u00e1n entreg\u00f3 la nueva indumentaria deportiva a la delegaci\u00f3n local que representar\u00e1 al distrito en las finales de los <strong data-start=\"372\" data-end=\"399\">Juegos Bonaerenses 2025<\/strong>, que se desarrollar\u00e1n del 13 al 18 de octubre en la ciudad de Mar del Plata.<\/em><\/span><\/p>\n<p data-start=\"167\" data-end=\"478\"><!--more--><\/p>\n<p data-start=\"480\" data-end=\"713\">El encuentro cont\u00f3 con la presencia de finalistas, instructores, acompa\u00f1antes y familiares, que vivieron una jornada de alegr\u00eda y reconocimiento tras un largo recorrido de competencias en las etapas local, regional e interregional.<\/p>\n<p data-start=\"1352\" data-end=\"1583\">El evento comenz\u00f3 con las acreditaciones y continu\u00f3 con la <strong data-start=\"1411\" data-end=\"1460\">entrega de los conjuntos deportivos oficiales<\/strong> a los m\u00e1s de <strong data-start=\"1474\" data-end=\"1492\">220 lujanenses<\/strong> que participar\u00e1n en <strong data-start=\"1513\" data-end=\"1531\">36 disciplinas<\/strong> durante la etapa final de los Juegos Bonaerenses.<\/p>\n<p data-start=\"1585\" data-end=\"1759\">Adem\u00e1s, la jornada incluy\u00f3 <strong data-start=\"1612\" data-end=\"1644\">sorteos, un \u00e1gape compartido<\/strong> y un <strong data-start=\"1650\" data-end=\"1681\">cierre musical a puro ritmo<\/strong>, a cargo de la banda local <em data-start=\"1709\" data-end=\"1717\">Skeree<\/em>, que hizo bailar a todos los presentes.<\/p>\n<p data-start=\"1761\" data-end=\"1899\">Por su parte, el <strong data-start=\"1778\" data-end=\"1829\">secretario de Desarrollo Humano <\/strong>subray\u00f3 el valor del trabajo colectivo detr\u00e1s de la clasificaci\u00f3n:<\/p>\n<p data-start=\"1902\" data-end=\"2344\"><span style=\"font-size: 18px; font-family: georgia, palatino, serif;\"><em>\u201cEste es un momento de celebraci\u00f3n para los clasificados, pero tambi\u00e9n de reconocimiento a todos los que participaron en las etapas anteriores y nos representaron muy bien. Agradecemos tambi\u00e9n a las instituciones que nos acompa\u00f1aron y al personal municipal que coordin\u00f3 cada actividad con gran compromiso. El viaje a Mar del Plata es el corolario de todo ese esfuerzo. Esperamos que lo disfruten de la mejor manera\u201d, sostuvo el funcionario.<\/em><\/span><\/p>\n<p data-start=\"2346\" data-end=\"2599\">La delegaci\u00f3n partir\u00e1 hacia la ciudad balnearia <strong data-start=\"2394\" data-end=\"2433\">este domingo a la 1 de la madrugada<\/strong>, desde el <strong data-start=\"2444\" data-end=\"2471\"><a href=\"https:\/\/diariodelujan.com\/sanitarios-del-polideportivo-municipal\/\">Polideportivo<\/a> Municipal<\/strong>, donde se reunir\u00e1n los representantes de las distintas disciplinas para emprender el viaje que coronar\u00e1 meses de preparaci\u00f3n.<\/p>\n<p data-start=\"715\" data-end=\"828\">Durante la ceremonia, el intendente <strong data-start=\"751\" data-end=\"768\">Leonardo Boto<\/strong> destac\u00f3 el compromiso y el esfuerzo de cada participante:<\/p>\n<p data-start=\"831\" data-end=\"1350\"><span style=\"font-family: georgia, palatino, serif; font-size: 18px;\"><em>\u201cSabemos que para llegar a esta instancia pusieron lo mejor, y desde el Municipio debemos hacer lo mismo. Este viaje a Mar del Plata va a ser muy especial para muchos de ustedes, que quiz\u00e1s no han tenido la oportunidad de conocerla. Queremos que sientan orgullo de representar a Luj\u00e1n, por eso realizamos una inversi\u00f3n muy importante para garantizar que puedan competir y disfrutar con tranquilidad y alegr\u00eda. Estamos muy felices de que nos representen y les deseamos el mayor de los \u00e9xitos\u201d, expres\u00f3 el jefe comunal.<\/em><\/span><\/p>\n<p data-start=\"2601\" data-end=\"2970\">Los competidores de Luj\u00e1n estar\u00e1n presentes en una amplia gama de disciplinas deportivas y culturales, entre ellas <strong data-start=\"2716\" data-end=\"2927\">Acuatl\u00f3n, Atletismo, Atletismo PCD, B\u00e1dminton, Boccia, Bonaerenses en Carrera, Canotaje, Futsal, Gimnasia Art\u00edstica, Hockey, Judo, P\u00e1del, Pat\u00edn Art\u00edstico, Pelota, Nataci\u00f3n, Tenis, F\u00fatbol Tenis, Tejo, Malambo<\/strong> y <strong data-start=\"2930\" data-end=\"2947\">Arte Circense<\/strong>, entre muchas otras.<\/p>\n<p data-start=\"2601\" data-end=\"2970\"><a href=\"https:\/\/diariodelujan.com\/wp-content\/uploads\/2025\/10\/Juegos-Bonaerenses.webp\"><img loading=\"lazy\" decoding=\"async\" class=\"alignnone size-full wp-image-33500\" src=\"https:\/\/diariodelujan.com\/wp-content\/uploads\/2025\/10\/Juegos-Bonaerenses.webp\" alt=\"Juegos Bonaerenses\" width=\"800\" height=\"533\" title=\"\"><\/a><\/p>\n<p data-start=\"2972\" data-end=\"3280\">Tambi\u00e9n participaron del acto la <strong data-start=\"3005\" data-end=\"3066\">secretaria general de la Intendencia, Magdalena Fern\u00e1ndez<\/strong>, el <strong data-start=\"3071\" data-end=\"3114\">director de Deportes, Gustavo Santill\u00e1n<\/strong>, y el <strong data-start=\"3121\" data-end=\"3201\">subdirector de Promoci\u00f3n de Derechos para Personas Mayores, Adri\u00e1n Caporales<\/strong>, quienes acompa\u00f1aron a los deportistas en esta despedida cargada de emoci\u00f3n.<\/p>\n<p data-start=\"3282\" data-end=\"3629\">Con esta nueva edici\u00f3n de los <strong data-start=\"3312\" data-end=\"3334\">Juegos Bonaerenses<\/strong>, Luj\u00e1n renueva su compromiso con el deporte, la inclusi\u00f3n y la cultura, consolidando el trabajo de formaci\u00f3n, apoyo y acompa\u00f1amiento a cientos de j\u00f3venes, adultos y personas mayores que encuentran en la competencia una oportunidad para crecer, compartir y representar con orgullo a su ciudad.<\/p>\n<p data-start=\"3282\" data-end=\"3629\">Con informaci\u00f3n de <a href=\"http:\/\/www.estacionlujan.com.ar\" target=\"_blank\" rel=\"noopener\">Radio Estaci\u00f3n Luj\u00e1n<\/a><\/p>\n","protected":false},"excerpt":{"rendered":"<p>Luj\u00e1n entreg\u00f3 la nueva indumentaria deportiva a la delegaci\u00f3n local que representar\u00e1 al distrito en las finales de los Juegos Bonaerenses 2025, que se desarrollar\u00e1n del 13 al 18 de octubre en la ciudad de Mar del Plata.<\/p>\n","protected":false},"author":4,"featured_media":8463,"comment_status":"closed","ping_status":"closed","sticky":false,"template":"","format":"standard","meta":{"tdm_status":"","tdm_grid_status":"","footnotes":""},"categories":[17],"tags":[530,94],"class_list":{"0":"post-17113","1":"post","2":"type-post","3":"status-publish","4":"format-standard","5":"has-post-thumbnail","7":"category-deportes","8":"tag-delegacion","9":"tag-juegos-bonaerenses"},"_links":{"self":[{"href":"https:\/\/diariodelujan.com\/xdeporte\/wp-json\/wp\/v2\/posts\/17113","targetHints":{"allow":["GET"]}}],"collection":[{"href":"https:\/\/diariodelujan.com\/xdeporte\/wp-json\/wp\/v2\/posts"}],"about":[{"href":"https:\/\/diariodelujan.com\/xdeporte\/wp-json\/wp\/v2\/types\/post"}],"author":[{"embeddable":true,"href":"https:\/\/diariodelujan.com\/xdeporte\/wp-json\/wp\/v2\/users\/4"}],"replies":[{"embeddable":true,"href":"https:\/\/diariodelujan.com\/xdeporte\/wp-json\/wp\/v2\/comments?post=17113"}],"version-history":[{"count":2,"href":"https:\/\/diariodelujan.com\/xdeporte\/wp-json\/wp\/v2\/posts\/17113\/revisions"}],"predecessor-version":[{"id":17115,"href":"https:\/\/diariodelujan.com\/xdeporte\/wp-json\/wp\/v2\/posts\/17113\/revisions\/17115"}],"wp:featuredmedia":[{"embeddable":true,"href":"https:\/\/diariodelujan.com\/xdeporte\/wp-json\/wp\/v2\/media\/8463"}],"wp:attachment":[{"href":"https:\/\/diariodelujan.com\/xdeporte\/wp-json\/wp\/v2\/media?parent=17113"}],"wp:term":[{"taxonomy":"category","embeddable":true,"href":"https:\/\/diariodelujan.com\/xdeporte\/wp-json\/wp\/v2\/categories?post=17113"},{"taxonomy":"post_tag","embeddable":true,"href":"https:\/\/diariodelujan.com\/xdeporte\/wp-json\/wp\/v2\/tags?post=17113"}],"curies":[{"name":"wp","href":"https:\/\/api.w.org\/{rel}","templated":true}]}}