{"id":17135,"date":"2025-10-11T19:30:45","date_gmt":"2025-10-11T22:30:45","guid":{"rendered":"https:\/\/diariodelujan.com\/xdeporte\/?p=17135"},"modified":"2025-10-11T19:31:15","modified_gmt":"2025-10-11T22:31:15","slug":"flandria-se-hizo-fuerte-en-casa","status":"publish","type":"post","link":"https:\/\/diariodelujan.com\/xdeporte\/flandria-se-hizo-fuerte-en-casa\/","title":{"rendered":"Flandria se hizo fuerte en casa y sue\u00f1a con el Reducido"},"content":{"rendered":"<p><span style=\"font-family: georgia, palatino, serif; font-size: 14pt;\"><em>Por una nueva fecha del Clausura, <a href=\"https:\/\/www.facebook.com\/ClubsydFlandria\" target=\"_blank\" rel=\"noopener\">Flandria<\/a> volvi\u00f3 a sonre\u00edr ante su gente. En el Estadio Carlos V, el conjunto de Arnaldo \u201cCacho\u201d Sialle venci\u00f3 a Argentino de Merlo y dio un paso importante en su objetivo de meterse en los puestos de clasificaci\u00f3n al Reducido.<\/em><\/span><\/p>\n<p><!--more--><\/p>\n<p>Luego del <a href=\"https:\/\/diariodelujan.com\/xdeporte\/flandria-empato-en-la-barranca\/\" target=\"_blank\" rel=\"noopener\">empate en 1 ante Argentino de Quilmes<\/a>, Flandria recibi\u00f3 a la Academia del Oeste en el Carlos V, donde se qued\u00f3 con los tres tantos y se acerca tanto a los puestos de reducido en la tabla anual, como al actual l\u00edder del Clausura y campe\u00f3n del Apertura, Midland.<\/p>\n<h3><strong>Primer tiempo parejo y de estudio<\/strong><\/h3>\n<p>El arranque del partido mostr\u00f3 a dos equipos con intenciones de imponerse desde la intensidad. Flandria busc\u00f3 progresar por las bandas con la movilidad de Palacio y los remates de media distancia de Salega, aunque sin generar demasiado peligro. Del otro lado, Argentino de Merlo apost\u00f3 al juego a\u00e9reo con Lucas Scarnato, pero la defensa local, bien plantada, no le dio espacios.<\/p>\n<p>La etapa inicial se fue diluyendo con pocas llegadas claras y mucho tr\u00e1nsito en la zona media. El 0-0 con el que se fueron al descanso reflej\u00f3 la paridad y la falta de eficacia de ambos conjuntos.<\/p>\n<h3><strong>Flandria creci\u00f3 y encontr\u00f3 el gol<\/strong><\/h3>\n<p>En el complemento, el <em>Canario<\/em> asumi\u00f3 el protagonismo y mostr\u00f3 mayor decisi\u00f3n ofensiva. Salega volvi\u00f3 a probar desde fuera del \u00e1rea obligando a una gran respuesta del arquero Atamaniuk, mientras que Palacio tuvo una ocasi\u00f3n inmejorable tras un error defensivo rival, pero el delantero se resbal\u00f3 en el momento justo de la definici\u00f3n.<\/p>\n<p>La recompensa lleg\u00f3 tras una acci\u00f3n r\u00e1pida de contragolpe: Daniel Gonz\u00e1lez condujo con precisi\u00f3n y asisti\u00f3 a Franco Bustamante, quien defini\u00f3 con categor\u00eda ante la salida del arquero para establecer el 1-0. Un gol que desat\u00f3 la alegr\u00eda en el Carlos V y puso justicia en el marcador.<\/p>\n<h3><strong>Control y cierre con autoridad<\/strong><\/h3>\n<p>Con la ventaja, Flandria mostr\u00f3 madurez para manejar los tiempos. Argentino de Merlo, en cambio, se desesper\u00f3 y termin\u00f3 con un jugador menos tras un codazo sobre Thiago Echag\u00fce. Desde ese momento, el local domin\u00f3 el tr\u00e1mite y tuvo varias oportunidades para liquidar el pleito, aunque fall\u00f3 en la definici\u00f3n.<\/p>\n<p>El equipo de J\u00e1uregui defendi\u00f3 con orden y cont\u00f3 con la seguridad de Maximiliano Gagliardo, quien intervino con firmeza en las pocas aproximaciones de la visita. El pitazo final sell\u00f3 una victoria muy valiosa para un Flandria que no s\u00f3lo sum\u00f3 tres puntos, sino tambi\u00e9n confianza y empuje para lo que viene.<\/p>\n<h3><strong>El Canario se ilusiona<\/strong><\/h3>\n<p>Con este triunfo, Flandria reafirma su levantada en el Clausura y se mantiene en la pelea por ingresar al Torneo Reducido. El equipo muestra signos de solidez, compromiso y, sobre todo, una clara intenci\u00f3n de recuperar protagonismo en la categor\u00eda.<\/p>\n<p>La pr\u00f3xima fecha ser\u00e1 una nueva oportunidad para seguir escalando y sostener el sue\u00f1o de luchar por el ascenso. En J\u00e1uregui, la ilusi\u00f3n sigue m\u00e1s viva que nunca.<\/p>\n","protected":false},"excerpt":{"rendered":"<p>Por una nueva fecha del Clausura, Flandria volvi\u00f3 a sonre\u00edr ante su gente. En el Estadio Carlos V, el conjunto de Arnaldo \u201cCacho\u201d Sialle venci\u00f3 a Argentino de Merlo y dio un paso importante en su objetivo de meterse en los puestos de clasificaci\u00f3n al Reducido.<\/p>\n","protected":false},"author":3,"featured_media":17137,"comment_status":"closed","ping_status":"closed","sticky":false,"template":"","format":"standard","meta":{"tdm_status":"","tdm_grid_status":"","footnotes":""},"categories":[2,8],"tags":[236,171,172,173,198],"class_list":{"0":"post-17135","1":"post","2":"type-post","3":"status-publish","4":"format-standard","5":"has-post-thumbnail","7":"category-featured","8":"category-futbol","9":"tag-argentino-de-merlo","10":"tag-canario","11":"tag-flandria","12":"tag-futbol","13":"tag-primera-b"},"_links":{"self":[{"href":"https:\/\/diariodelujan.com\/xdeporte\/wp-json\/wp\/v2\/posts\/17135","targetHints":{"allow":["GET"]}}],"collection":[{"href":"https:\/\/diariodelujan.com\/xdeporte\/wp-json\/wp\/v2\/posts"}],"about":[{"href":"https:\/\/diariodelujan.com\/xdeporte\/wp-json\/wp\/v2\/types\/post"}],"author":[{"embeddable":true,"href":"https:\/\/diariodelujan.com\/xdeporte\/wp-json\/wp\/v2\/users\/3"}],"replies":[{"embeddable":true,"href":"https:\/\/diariodelujan.com\/xdeporte\/wp-json\/wp\/v2\/comments?post=17135"}],"version-history":[{"count":3,"href":"https:\/\/diariodelujan.com\/xdeporte\/wp-json\/wp\/v2\/posts\/17135\/revisions"}],"predecessor-version":[{"id":17142,"href":"https:\/\/diariodelujan.com\/xdeporte\/wp-json\/wp\/v2\/posts\/17135\/revisions\/17142"}],"wp:featuredmedia":[{"embeddable":true,"href":"https:\/\/diariodelujan.com\/xdeporte\/wp-json\/wp\/v2\/media\/17137"}],"wp:attachment":[{"href":"https:\/\/diariodelujan.com\/xdeporte\/wp-json\/wp\/v2\/media?parent=17135"}],"wp:term":[{"taxonomy":"category","embeddable":true,"href":"https:\/\/diariodelujan.com\/xdeporte\/wp-json\/wp\/v2\/categories?post=17135"},{"taxonomy":"post_tag","embeddable":true,"href":"https:\/\/diariodelujan.com\/xdeporte\/wp-json\/wp\/v2\/tags?post=17135"}],"curies":[{"name":"wp","href":"https:\/\/api.w.org\/{rel}","templated":true}]}}