{"id":17146,"date":"2025-10-13T01:06:42","date_gmt":"2025-10-13T04:06:42","guid":{"rendered":"https:\/\/diariodelujan.com\/xdeporte\/?p=17146"},"modified":"2025-10-13T18:49:34","modified_gmt":"2025-10-13T21:49:34","slug":"el-lujanero-recibe-al-arrabalero","status":"publish","type":"post","link":"https:\/\/diariodelujan.com\/xdeporte\/el-lujanero-recibe-al-arrabalero\/","title":{"rendered":"El Lujanero busca dar otro paso en su sue\u00f1o de ascenso ante Sportivo Barracas"},"content":{"rendered":"<p><span style=\"font-family: georgia, palatino, serif; font-size: 14pt;\"><em><a href=\"https:\/\/www.facebook.com\/www.clublujan.com.ar\" target=\"_blank\" rel=\"noopener\">El Lujanero<\/a> visita este lunes a Sportivo Barracas por la ida de los cuartos del Reducido. Con el \u00e1nimo en alza, quiere seguir avanzando hacia la Primera B.<\/em><\/span><\/p>\n<p><!--more--><\/p>\n<h3><strong>El Lujanero va por m\u00e1s en el Reducido<\/strong><\/h3>\n<p>El sue\u00f1o del <em>Lujanero<\/em> sigue intacto. Despu\u00e9s de dejar en el camino a El Porvenir con una <a href=\"https:\/\/diariodelujan.com\/xdeporte\/lujan-gano-en-primera-c\/\" target=\"_blank\" rel=\"noopener\">ajustada victoria por 1-0 en la Bas\u00edlica<\/a>, el equipo de Santiago Fredes afronta una nueva instancia decisiva en su camino hacia el anhelado ascenso a la Primera B. Este lunes, desde las 15.30, visitar\u00e1 a Sportivo Barracas en la cancha de Almagro, en el duelo de ida por los cuartos de final del Torneo Reducido de la Primera C, con Rodrigo Villalba como \u00e1rbitro principal.<\/p>\n<h3><strong>Un equipo con confianza y sin cambios<\/strong><\/h3>\n<p>El conjunto de la ciudad de Luj\u00e1n llega con confianza y buen funcionamiento. La victoria ante El Porvenir no solo signific\u00f3 avanzar de ronda, sino tambi\u00e9n reforzar la idea de juego y la solidez defensiva que el equipo mostr\u00f3 en el tramo final del campeonato.<\/p>\n<p>Para este compromiso, Fredes mantendr\u00eda la base que viene dando resultados. El t\u00e9cnico qued\u00f3 conforme con el rendimiento del once que elimin\u00f3 al conjunto de Gerli y por eso no realizar\u00eda modificaciones. As\u00ed, el <em>Lujanero<\/em> saldr\u00eda con:<br \/>\nMat\u00edas Lescano; Ferm\u00edn Urtasun, Nahuel Icazatti, Diego Molina, Leandro Coronel; Facundo Rojas, Enzo Oviedo, Pedro Alfonso, Juli\u00e1n Ford; Eladio Ramos y Tom\u00e1s Luj\u00e1n.<\/p>\n<p>Una formaci\u00f3n equilibrada, con un mediocampo combativo y movilidad ofensiva, que busca aprovechar la velocidad por las bandas y el oportunismo de sus delanteros.<\/p>\n<h3><strong>El rival: un Sportivo Barracas siempre peligroso<\/strong><\/h3>\n<p>Del otro lado estar\u00e1 un Sportivo Barracas que termin\u00f3 la fase regular en buena forma y que sabe hacerse fuerte en cancha neutral. El <em>Arrabalero<\/em> cuenta con jugadores experimentados y un estilo pragm\u00e1tico, con una defensa firme y salidas r\u00e1pidas. Ser\u00e1 un duelo exigente para los de Fredes, que deber\u00e1n mantener la concentraci\u00f3n durante los noventa minutos.<\/p>\n<p>El conjunto barrial intentar\u00e1 sacar ventaja en la ida para llegar con tranquilidad a la revancha, sabiendo que Luj\u00e1n se hace fuerte de local y suele rendir mejor ante su gente.<\/p>\n<h3><strong>La ilusi\u00f3n sigue viva<\/strong><\/h3>\n<p>El <em>Lujanero<\/em> atraviesa un momento especial. Tras una temporada de altibajos, el equipo encontr\u00f3 regularidad en el cierre y volvi\u00f3 a ilusionar a su gente con la posibilidad de ascender. Cada partido del Reducido es una final, y este lunes no ser\u00e1 la excepci\u00f3n.<\/p>\n<p>Con una estructura s\u00f3lida, una defensa ordenada y un plantel que combina juventud y experiencia, Luj\u00e1n quiere dar el primer golpe en una serie que promete ser pareja. El objetivo est\u00e1 claro: llegar a la semifinal y seguir so\u00f1ando con volver a la Primera B despu\u00e9s de tantos a\u00f1os de lucha.<\/p>\n","protected":false},"excerpt":{"rendered":"<p>El Lujanero visita este lunes a Sportivo Barracas por la ida de los cuartos del Reducido. Con el \u00e1nimo en alza, quiere seguir avanzando hacia la Primera B.<\/p>\n","protected":false},"author":3,"featured_media":17148,"comment_status":"closed","ping_status":"closed","sticky":false,"template":"","format":"standard","meta":{"tdm_status":"","tdm_grid_status":"","footnotes":""},"categories":[8],"tags":[173,117,184,130,297],"class_list":{"0":"post-17146","1":"post","2":"type-post","3":"status-publish","4":"format-standard","5":"has-post-thumbnail","7":"category-futbol","8":"tag-futbol","9":"tag-lujan","10":"tag-lujanero","11":"tag-primera-c","12":"tag-sportivo-barracas"},"_links":{"self":[{"href":"https:\/\/diariodelujan.com\/xdeporte\/wp-json\/wp\/v2\/posts\/17146","targetHints":{"allow":["GET"]}}],"collection":[{"href":"https:\/\/diariodelujan.com\/xdeporte\/wp-json\/wp\/v2\/posts"}],"about":[{"href":"https:\/\/diariodelujan.com\/xdeporte\/wp-json\/wp\/v2\/types\/post"}],"author":[{"embeddable":true,"href":"https:\/\/diariodelujan.com\/xdeporte\/wp-json\/wp\/v2\/users\/3"}],"replies":[{"embeddable":true,"href":"https:\/\/diariodelujan.com\/xdeporte\/wp-json\/wp\/v2\/comments?post=17146"}],"version-history":[{"count":2,"href":"https:\/\/diariodelujan.com\/xdeporte\/wp-json\/wp\/v2\/posts\/17146\/revisions"}],"predecessor-version":[{"id":17149,"href":"https:\/\/diariodelujan.com\/xdeporte\/wp-json\/wp\/v2\/posts\/17146\/revisions\/17149"}],"wp:featuredmedia":[{"embeddable":true,"href":"https:\/\/diariodelujan.com\/xdeporte\/wp-json\/wp\/v2\/media\/17148"}],"wp:attachment":[{"href":"https:\/\/diariodelujan.com\/xdeporte\/wp-json\/wp\/v2\/media?parent=17146"}],"wp:term":[{"taxonomy":"category","embeddable":true,"href":"https:\/\/diariodelujan.com\/xdeporte\/wp-json\/wp\/v2\/categories?post=17146"},{"taxonomy":"post_tag","embeddable":true,"href":"https:\/\/diariodelujan.com\/xdeporte\/wp-json\/wp\/v2\/tags?post=17146"}],"curies":[{"name":"wp","href":"https:\/\/api.w.org\/{rel}","templated":true}]}}