{"id":17150,"date":"2025-10-13T19:05:59","date_gmt":"2025-10-13T22:05:59","guid":{"rendered":"https:\/\/diariodelujan.com\/xdeporte\/?p=17150"},"modified":"2025-10-13T19:05:59","modified_gmt":"2025-10-13T22:05:59","slug":"el-lujanero-resistio-en-almagro","status":"publish","type":"post","link":"https:\/\/diariodelujan.com\/xdeporte\/el-lujanero-resistio-en-almagro\/","title":{"rendered":"El Lujanero resisti\u00f3 en Almagro y dej\u00f3 la serie abierta ante Sportivo Barracas"},"content":{"rendered":"<p><span style=\"font-family: georgia, palatino, serif; font-size: 14pt;\"><em><a href=\"https:\/\/www.facebook.com\/www.clublujan.com.ar\" target=\"_blank\" rel=\"noopener\">El Lujanero<\/a> empat\u00f3 frente a Sportivo Barracas en el partido de ida de los cuartos de final. Lescano fue figura y la definici\u00f3n ser\u00e1 en el 1\u00b0 de Abril.<\/em><\/span><\/p>\n<p><!--more--><\/p>\n<p>Luego de <a href=\"https:\/\/diariodelujan.com\/xdeporte\/lujan-gano-en-primera-c\/\" target=\"_blank\" rel=\"noopener\">derrotar a El Porve en octavos<\/a>, el <em>Lujanero<\/em> visit\u00f3 este lunes a Sportivo Barracas, por los cuartos de final de la Primera C, \u00a0en el estadio Tres de Febrero de Almagro y logr\u00f3 un valioso empate que lo deja con buenas sensaciones de cara a la revancha. El encuentro, que fue arbitrado por Rodrigo Villalba, tuvo a Mat\u00edas Lescano como gran figura, con varias intervenciones que sostuvieron el arco de Luj\u00e1n en cero.<\/p>\n<h3><strong>Un arranque parejo y un Lujanero intenso<\/strong><\/h3>\n<p>El conjunto dirigido por Santiago Fredes sali\u00f3 decidido a presionar alto desde el inicio. El entrenador introdujo una sola variante respecto al partido anterior: Lucas G\u00f3mez ingres\u00f3 en lugar de Pedro Alfonso, buscando mayor movilidad en la zona ofensiva.<\/p>\n<p>Durante los primeros minutos, el <em>Lujanero<\/em> intent\u00f3 adue\u00f1arse del mediocampo y se aproxim\u00f3 con un centro sin consecuencias. Sin embargo, con el correr del reloj, el conjunto local comenz\u00f3 a imponer su ritmo. Sportivo Barracas tom\u00f3 el control del bal\u00f3n, lo hizo circular con criterio y gener\u00f3 peligro con un remate desde la puerta del \u00e1rea que encontr\u00f3 una brillante respuesta de Lescano, quien vol\u00f3 sobre su palo izquierdo para evitar el tanto.<\/p>\n<p>A pesar del dominio territorial de los de Almagro, Luj\u00e1n dispuso de la ocasi\u00f3n m\u00e1s clara del primer tiempo: una corrida solitaria de Eladio Ramos, que encar\u00f3 a pura potencia, pero lleg\u00f3 sin fuerzas al remate final y termin\u00f3 definiendo d\u00e9bil ante la salida del arquero rival.<\/p>\n<h3><strong>Lescano, figura y muralla bajo los tres palos<\/strong><\/h3>\n<p>En el complemento, el <em>Lujanero<\/em> volvi\u00f3 a avisar primero. Tras una buena combinaci\u00f3n, Lucas G\u00f3mez habilit\u00f3 a Ramos, quien remat\u00f3 cruzado; el arquero dio rebote y Juli\u00e1n Ford no alcanz\u00f3 a conectar la pelota por cent\u00edmetros.<\/p>\n<p>A partir de all\u00ed, Sportivo Barracas volvi\u00f3 a hacerse due\u00f1o del bal\u00f3n y arrincon\u00f3 a Luj\u00e1n, que debi\u00f3 apoyarse en la solidez de su arquero. A los 15 minutos, el local dispuso de una doble oportunidad clara, pero Lescano se luci\u00f3 con dos atajadas formidables, primero abajo y luego en el rebote, desatando el festejo en el banco visitante.<\/p>\n<p>La figura del encuentro volvi\u00f3 a aparecer minutos m\u00e1s tarde: tras un potente remate de Figueroa, el arquero rechaz\u00f3 y Molina, en el cierre, complet\u00f3 el despeje. Enseguida, Vidal prob\u00f3 desde media distancia y la pelota se fue apenas desviada, en otro susto para el elenco lujanense.<\/p>\n<h3><strong>Un cierre intenso y con la mira en la revancha<\/strong><\/h3>\n<p>Con el paso del tiempo, el desgaste f\u00edsico y el calor comenzaron a sentirse. Ambos equipos bajaron la intensidad, priorizando el orden y cuidando no cometer errores que pudieran definir la serie. As\u00ed, el 0-0 se mantuvo hasta el final, dejando una sensaci\u00f3n de equilibrio y justicia en el marcador.<\/p>\n<p>El <em>Lujanero<\/em> cumpli\u00f3 con su objetivo principal: mantener su arco en cero en condici\u00f3n de visitante y dejar todo abierto para la vuelta. La serie se definir\u00e1 el pr\u00f3ximo fin de semana en el Estadio Municipal de Luj\u00e1n, donde el equipo de Fredes buscar\u00e1 hacerse fuerte ante su gente y sellar el pasaje a las semifinales.<\/p>\n<h3><strong>Balance y proyecci\u00f3n<\/strong><\/h3>\n<p>El empate deja un saldo positivo. Luj\u00e1n mostr\u00f3 orden, sacrificio y solidez defensiva, con un Lescano decisivo y una defensa que respondi\u00f3 en los momentos m\u00e1s cr\u00edticos. Sin embargo, tambi\u00e9n qued\u00f3 claro que deber\u00e1 mejorar en la generaci\u00f3n de juego y la eficacia ofensiva si quiere quedarse con la clasificaci\u00f3n.<\/p>\n<p>El pr\u00f3ximo cap\u00edtulo de esta historia se escribir\u00e1 en el 1 de Abril, donde el <em>Lujanero<\/em> contar\u00e1 con el respaldo de su p\u00fablico y la oportunidad de meterse entre los cuatro mejores del certamen.<\/p>\n","protected":false},"excerpt":{"rendered":"<p>El Lujanero empat\u00f3 frente a Sportivo Barracas en el partido de ida de los cuartos de final. Lescano fue figura y la definici\u00f3n ser\u00e1 en el 1\u00b0 de Abril.<\/p>\n","protected":false},"author":3,"featured_media":17152,"comment_status":"closed","ping_status":"closed","sticky":false,"template":"","format":"standard","meta":{"tdm_status":"","tdm_grid_status":"","footnotes":""},"categories":[2,8],"tags":[173,117,184,130,535,297],"class_list":{"0":"post-17150","1":"post","2":"type-post","3":"status-publish","4":"format-standard","5":"has-post-thumbnail","7":"category-featured","8":"category-futbol","9":"tag-futbol","10":"tag-lujan","11":"tag-lujanero","12":"tag-primera-c","13":"tag-reducido","14":"tag-sportivo-barracas"},"_links":{"self":[{"href":"https:\/\/diariodelujan.com\/xdeporte\/wp-json\/wp\/v2\/posts\/17150","targetHints":{"allow":["GET"]}}],"collection":[{"href":"https:\/\/diariodelujan.com\/xdeporte\/wp-json\/wp\/v2\/posts"}],"about":[{"href":"https:\/\/diariodelujan.com\/xdeporte\/wp-json\/wp\/v2\/types\/post"}],"author":[{"embeddable":true,"href":"https:\/\/diariodelujan.com\/xdeporte\/wp-json\/wp\/v2\/users\/3"}],"replies":[{"embeddable":true,"href":"https:\/\/diariodelujan.com\/xdeporte\/wp-json\/wp\/v2\/comments?post=17150"}],"version-history":[{"count":2,"href":"https:\/\/diariodelujan.com\/xdeporte\/wp-json\/wp\/v2\/posts\/17150\/revisions"}],"predecessor-version":[{"id":17153,"href":"https:\/\/diariodelujan.com\/xdeporte\/wp-json\/wp\/v2\/posts\/17150\/revisions\/17153"}],"wp:featuredmedia":[{"embeddable":true,"href":"https:\/\/diariodelujan.com\/xdeporte\/wp-json\/wp\/v2\/media\/17152"}],"wp:attachment":[{"href":"https:\/\/diariodelujan.com\/xdeporte\/wp-json\/wp\/v2\/media?parent=17150"}],"wp:term":[{"taxonomy":"category","embeddable":true,"href":"https:\/\/diariodelujan.com\/xdeporte\/wp-json\/wp\/v2\/categories?post=17150"},{"taxonomy":"post_tag","embeddable":true,"href":"https:\/\/diariodelujan.com\/xdeporte\/wp-json\/wp\/v2\/tags?post=17150"}],"curies":[{"name":"wp","href":"https:\/\/api.w.org\/{rel}","templated":true}]}}