{"id":17207,"date":"2025-10-20T13:46:31","date_gmt":"2025-10-20T16:46:31","guid":{"rendered":"https:\/\/diariodelujan.com\/xdeporte\/?p=17207"},"modified":"2025-10-20T13:47:02","modified_gmt":"2025-10-20T16:47:02","slug":"medallas-en-juegos-bonaerenses","status":"publish","type":"post","link":"https:\/\/diariodelujan.com\/xdeporte\/medallas-en-juegos-bonaerenses\/","title":{"rendered":"Luj\u00e1n cerr\u00f3 su participaci\u00f3n en los Juegos Bonaerenses con 16 medallas"},"content":{"rendered":"<p><span style=\"font-family: georgia, palatino, serif; font-size: 18px;\"><em>Luj\u00e1n culmin\u00f3 con un total de <strong>16 medallas<\/strong> su destacada participaci\u00f3n en la <strong>Etapa Final de los Juegos Bonaerenses 2025<\/strong>, celebrada en la ciudad de Mar del Plata.<\/em><\/span><\/p>\n<p><!--more--><\/p>\n<p>La competencia, que reuni\u00f3 a representantes de los 135 municipios de la provincia, fue escenario de un gran desempe\u00f1o de los deportistas lujanenses, quienes se midieron en diversas disciplinas deportivas y culturales.<\/p>\n<h3>Un orgullo para el deporte lujanense<\/h3>\n<p>\u201cFelicitamos a la delegaci\u00f3n que nos represent\u00f3 de tan buena forma en las finales de los Juegos Bonaerenses, compitiendo y destac\u00e1ndose entre los 135 municipios de la provincia. Sabemos que fue un largo camino desde la Etapa Local hasta llegar a Mar del Plata, que pusieron lo mejor en cada instancia, que trabajaron junto a sus familias y profesores, junto a sus instituciones, que se esforzaron y buscaron superarse. Y eso es lo hermoso del deporte, m\u00e1s all\u00e1 de las <strong>medallas<\/strong> obtenidas, que tambi\u00e9n son importantes porque significan un rendimiento sobresaliente. Esperamos que la hayan pasado muy bien y que puedan atesorar esta experiencia como un momento valioso\u201d, expres\u00f3 el intendente <strong>Leonardo Boto<\/strong>.<\/p>\n<h3>Una delegaci\u00f3n numerosa y comprometida<\/h3>\n<p>M\u00e1s de <strong>220 lujanenses<\/strong> integraron la delegaci\u00f3n que viaj\u00f3 a la ciudad balnearia el lunes previo al inicio de la competencia. Desde el martes 14 hasta el s\u00e1bado 18 de octubre, los representantes de Luj\u00e1n participaron en <strong>36 disciplinas deportivas y art\u00edsticas<\/strong>, abarcando las categor\u00edas j\u00f3venes, adultos mayores y personas con discapacidad.<\/p>\n<p>Tras una intensa semana de competencias, la delegaci\u00f3n regres\u00f3 a la ciudad el domingo de madrugada, trayendo consigo no solo las <strong>16 medallas<\/strong> ganadas, sino tambi\u00e9n el orgullo de haber dejado en alto el nombre de Luj\u00e1n.<\/p>\n<h3>Detalle del medallero lujanense<\/h3>\n<p>El balance final dej\u00f3 un total de <strong>4 medallas de oro, 9 de plata y 3 de bronce<\/strong>, reflejando el esfuerzo y la dedicaci\u00f3n de los deportistas locales en cada disciplina:<\/p>\n<h4><strong>Medallas de oro (4)<\/strong><\/h4>\n<ul>\n<li><strong>Atletismo PCD Sub 15 Femenino \u2013 Salto en Largo:<\/strong> Rosario Ballesteros.<\/li>\n<li><strong>Gimnasia Sub 18:<\/strong> Camila Merlo, Lola Campana, Nicol Melo, Luc\u00eda Piaggio y Delfina Agliani.<\/li>\n<li><strong>Atletismo \u2013 Lanzamiento de Jabalina:<\/strong> Rebeca Pacheco.<\/li>\n<li><strong>Atletismo \u2013 Lanzamiento de Disco:<\/strong> Aixa Amiano.<\/li>\n<\/ul>\n<h4><strong>Medallas de plata (9)<\/strong><\/h4>\n<ul>\n<li><strong>Atletismo PCD Sub 15 Masculino \u2013 100 metros llanos:<\/strong> Alan Ortega.<\/li>\n<li><strong>Nataci\u00f3n PCD Sub 17 Masculino \u2013 50 metros libres:<\/strong> Maximiliano Vera.<\/li>\n<li><strong>Canotaje Sub 16 Femenino \u2013 Slalom:<\/strong> Catalina Medone.<\/li>\n<li><strong>Canotaje Sub 16 Femenino \u2013 Velocidad:<\/strong> Trinidad Bouzas.<\/li>\n<li><strong>Canotaje Sub 16 Masculino \u2013 Velocidad:<\/strong> Bautista Cebolla.<\/li>\n<li><strong>Atletismo Sub 18 Masculino \u2013 Salto en Alto:<\/strong> Tom\u00e1s Pagella.<\/li>\n<li><strong>Tenis de Mesa \u2013 Adultos Mayores:<\/strong> Marina Toccalino.<\/li>\n<li><strong>Hockey Masculino Sub 14:<\/strong> Teo Miranda, Iv\u00e1n Bueno Heis, Juan Cisneros, Valentino Ferri, Santino Ferri, Bruno Gallo Prot, Santino Garc\u00eda, Francisco Garc\u00eda Lizziero, Juan Gamory, Lautaro Mart\u00ednez, Marcos Mart\u00ednez, Fausto Pietroniro, Justo Rivero, Pedro Venezia y Sim\u00f3n Bernater.<\/li>\n<li><strong>Tenis Dobles Sub 14 Femenino:<\/strong> Mar\u00eda N\u00fa\u00f1ez y Mar\u00eda Romito Silva.<\/li>\n<\/ul>\n<h4><strong>Medallas de bronce (3)<\/strong><\/h4>\n<ul>\n<li><strong>Futsal Sub 14:<\/strong> Benjam\u00edn Justo, Jon\u00e1s Caminos, Joaqu\u00edn Caminos, Juan Litardo, Francisco Inamine, Benicio Coronel, Lino Moreno, Lucas Orellano y Pedro Kuchta.<\/li>\n<li><strong>Pat\u00edn Sub 13 (ambos sexos, Iniciaci\u00f3n B):<\/strong> Oriana Jacob.<\/li>\n<li><strong>Canotaje Sub 16 Femenino \u2013 Velocidad:<\/strong> Catalina Medone.<\/li>\n<\/ul>\n<h3>Un trabajo articulado entre \u00e1reas municipales<\/h3>\n<p>La participaci\u00f3n de Luj\u00e1n en los <a href=\"https:\/\/diariodelujan.com\/xdeporte\/delegacion-para-los-juegos-bonaerenses\/\"><strong>Juegos Bonaerenses 2025<\/strong><\/a> fue coordinada por la <strong>Direcci\u00f3n de Deportes<\/strong> y la <strong>Subdirecci\u00f3n de Promoci\u00f3n de Derechos para Personas Mayores<\/strong>, dependientes de la <strong>Secretar\u00eda de Desarrollo Humano<\/strong>, junto con la <strong>Secretar\u00eda de Culturas y Turismo<\/strong>.<\/p>\n<p>Estas \u00e1reas trabajaron de manera conjunta para acompa\u00f1ar a los deportistas en todo el proceso, desde las etapas locales hasta las finales provinciales, brindando apoyo log\u00edstico, t\u00e9cnico y emocional a cada representante.<\/p>\n<h3>Un balance m\u00e1s all\u00e1 de las medallas<\/h3>\n<p>Si bien las <strong>16 medallas<\/strong> reflejan el alto nivel competitivo de los deportistas lujanenses, desde el Municipio destacaron que el verdadero valor de los<a href=\"https:\/\/juegos.gba.gob.ar\/\" target=\"_blank\" rel=\"noopener\"> Juegos Bonaerenses<\/a> radica en el esp\u00edritu de participaci\u00f3n, la integraci\u00f3n y la posibilidad de compartir experiencias con j\u00f3venes, adultos y personas con discapacidad de toda la provincia.<\/p>\n<p>El intendente Boto subray\u00f3 que \u201cm\u00e1s all\u00e1 de los logros deportivos, lo importante es la convivencia, el aprendizaje y la oportunidad de seguir creciendo como comunidad a trav\u00e9s del deporte y la cultura\u201d.<\/p>\n<p>Con este resultado, Luj\u00e1n se consolida como uno de los municipios con mayor proyecci\u00f3n deportiva de la regi\u00f3n, demostrando que el trabajo en equipo, el esfuerzo y la dedicaci\u00f3n son el camino hacia los grandes logros.<\/p>\n","protected":false},"excerpt":{"rendered":"<p>Luj\u00e1n culmin\u00f3 con un total de 16 medallas su destacada participaci\u00f3n en la Etapa Final de los Juegos Bonaerenses 2025, celebrada en la ciudad de Mar del Plata.<\/p>\n","protected":false},"author":4,"featured_media":17210,"comment_status":"closed","ping_status":"closed","sticky":false,"template":"","format":"standard","meta":{"tdm_status":"","tdm_grid_status":"","footnotes":""},"categories":[17,2,1],"tags":[61,104,308],"class_list":{"0":"post-17207","1":"post","2":"type-post","3":"status-publish","4":"format-standard","5":"has-post-thumbnail","7":"category-deportes","8":"category-featured","9":"category-rugby","10":"tag-deportes","11":"tag-juegos-bonaerense","12":"tag-medalla"},"_links":{"self":[{"href":"https:\/\/diariodelujan.com\/xdeporte\/wp-json\/wp\/v2\/posts\/17207","targetHints":{"allow":["GET"]}}],"collection":[{"href":"https:\/\/diariodelujan.com\/xdeporte\/wp-json\/wp\/v2\/posts"}],"about":[{"href":"https:\/\/diariodelujan.com\/xdeporte\/wp-json\/wp\/v2\/types\/post"}],"author":[{"embeddable":true,"href":"https:\/\/diariodelujan.com\/xdeporte\/wp-json\/wp\/v2\/users\/4"}],"replies":[{"embeddable":true,"href":"https:\/\/diariodelujan.com\/xdeporte\/wp-json\/wp\/v2\/comments?post=17207"}],"version-history":[{"count":3,"href":"https:\/\/diariodelujan.com\/xdeporte\/wp-json\/wp\/v2\/posts\/17207\/revisions"}],"predecessor-version":[{"id":17211,"href":"https:\/\/diariodelujan.com\/xdeporte\/wp-json\/wp\/v2\/posts\/17207\/revisions\/17211"}],"wp:featuredmedia":[{"embeddable":true,"href":"https:\/\/diariodelujan.com\/xdeporte\/wp-json\/wp\/v2\/media\/17210"}],"wp:attachment":[{"href":"https:\/\/diariodelujan.com\/xdeporte\/wp-json\/wp\/v2\/media?parent=17207"}],"wp:term":[{"taxonomy":"category","embeddable":true,"href":"https:\/\/diariodelujan.com\/xdeporte\/wp-json\/wp\/v2\/categories?post=17207"},{"taxonomy":"post_tag","embeddable":true,"href":"https:\/\/diariodelujan.com\/xdeporte\/wp-json\/wp\/v2\/tags?post=17207"}],"curies":[{"name":"wp","href":"https:\/\/api.w.org\/{rel}","templated":true}]}}