{"id":17240,"date":"2025-10-27T11:15:19","date_gmt":"2025-10-27T14:15:19","guid":{"rendered":"https:\/\/diariodelujan.com\/xdeporte\/?p=17240"},"modified":"2025-10-27T11:16:46","modified_gmt":"2025-10-27T14:16:46","slug":"los-etchetto-dominaron-la-pista","status":"publish","type":"post","link":"https:\/\/diariodelujan.com\/xdeporte\/los-etchetto-dominaron-la-pista\/","title":{"rendered":"Los Etchetto dominaron la pista en una vibrante final de Sport 1\/24 en ACCAL"},"content":{"rendered":"<p><span style=\"font-family: georgia, palatino, serif; font-size: 18px;\"><em>Una noche a puro rugir de motores se vivi\u00f3 este viernes en la <strong>pista remozada ACCAL<\/strong>, donde los hermanos <strong>Javier y Lautaro Etchetto<\/strong> se adue\u00f1aron del podio en la final de la categor\u00eda <strong>Sport 1\/24<\/strong>, marcando un inolvidable 1-2 para su equipo.<\/em><\/span><\/p>\n<p><!--more--><\/p>\n<p>El espect\u00e1culo, que congreg\u00f3 a pilotos de distintos puntos de la regi\u00f3n, tuvo emoci\u00f3n de principio a fin. Desde las pruebas de clasificaci\u00f3n, <strong>Javier Etchetto<\/strong> impuso su jerarqu\u00eda con un <strong>tiempo de 3.361 segundos<\/strong>, un registro que dej\u00f3 en claro su dominio absoluto del circuito. En segundo lugar se ubic\u00f3 <strong>C\u00e9sar Ceballos<\/strong>, de Carmen de Areco, con <strong>3.420<\/strong>, y tercero <strong>Carlos Bellome<\/strong>, de Del Viso, con <strong>3.476<\/strong>, sorprendiendo al resto con su regularidad y ritmo competitivo.<\/p>\n<h3>Una final electrizante con duelo familiar<\/h3>\n<p>La final fue todo lo que el p\u00fablico esperaba y m\u00e1s. Desde el primer giro, la carrera se transform\u00f3 en un duelo vertiginoso entre <strong>Javier Etchetto<\/strong>, su hermano <strong>Lautaro<\/strong> y <strong>Carlos Bellome<\/strong>, que se mantuvieron intercambiando posiciones en un ritmo fren\u00e9tico.<\/p>\n<p>El mayor de los Etchetto logr\u00f3 imponerse finalmente con <strong>190.70 giros<\/strong>, demostrando precisi\u00f3n y velocidad en cada tramo. Muy cerca, en la misma vuelta, <strong>Lautaro Etchetto<\/strong> complet\u00f3 una actuaci\u00f3n sobresaliente con <strong>190.42 giros<\/strong>, consolidando el doblete familiar en el podio.<\/p>\n<p>Los Etchetto dominaron la pista <a href=\"https:\/\/diariodelujan.com\/xdeporte\/wp-content\/uploads\/2025\/10\/SPORT-VIERNES-24-10-A2-3.webp\"><img loading=\"lazy\" decoding=\"async\" class=\"aligncenter size-full wp-image-17247\" src=\"https:\/\/diariodelujan.com\/xdeporte\/wp-content\/uploads\/2025\/10\/SPORT-VIERNES-24-10-A2-3.webp\" alt=\"Los Etchetto dominaron la pista \" width=\"734\" height=\"300\" title=\"\" srcset=\"https:\/\/diariodelujan.com\/xdeporte\/wp-content\/uploads\/2025\/10\/SPORT-VIERNES-24-10-A2-3.webp 734w, https:\/\/diariodelujan.com\/xdeporte\/wp-content\/uploads\/2025\/10\/SPORT-VIERNES-24-10-A2-3-300x123.webp 300w, https:\/\/diariodelujan.com\/xdeporte\/wp-content\/uploads\/2025\/10\/SPORT-VIERNES-24-10-A2-3-696x284.webp 696w\" sizes=\"auto, (max-width: 734px) 100vw, 734px\" \/><\/a><\/p>\n<p>El tercero, <strong>Carlos Bellome<\/strong>, que en varios momentos de la competencia amenaz\u00f3 con quedarse con el primer lugar, cerr\u00f3 una excelente actuaci\u00f3n con <strong>189.80 giros<\/strong>, coronando un podio de alt\u00edsimo nivel t\u00e9cnico.<\/p>\n<h3>Etchetto, Bellome y una grilla que dio pelea<\/h3>\n<p>M\u00e1s atr\u00e1s, el cuarto lugar fue para <strong>Jos\u00e9 Rodr\u00edguez<\/strong> con <strong>185.78 giros<\/strong>, superando por poco a <strong>Juan Delgado<\/strong>, quinto con <strong>184.77<\/strong>. En tanto, <strong>Danilo Nicoloso<\/strong>, habitual protagonista en la pista de ACCAL, no tuvo su mejor jornada y finaliz\u00f3 sexto con <strong>182.40 giros<\/strong>.<\/p>\n<p>El s\u00e9ptimo puesto fue para <strong>C\u00e9sar Ceballos<\/strong> con <strong>180.81<\/strong>, luego de sufrir problemas en el rendimiento de su auto. En el octavo lugar, <strong>Julio Bevilaqua<\/strong> de Moreno tuvo inconvenientes mec\u00e1nicos y cerr\u00f3 con <strong>179.63 giros<\/strong>, superando a <strong>Gustavo Mellado<\/strong>, noveno con <strong>161.99<\/strong>, que debi\u00f3 lidiar con fallas de velocidad desde la tercera v\u00eda.<\/p>\n<p><a href=\"https:\/\/diariodelujan.com\/xdeporte\/wp-content\/uploads\/2025\/10\/SPORT-VIERNES-24-10-A2-4.webp\"><img loading=\"lazy\" decoding=\"async\" class=\"aligncenter size-full wp-image-17248\" src=\"https:\/\/diariodelujan.com\/xdeporte\/wp-content\/uploads\/2025\/10\/SPORT-VIERNES-24-10-A2-4.webp\" alt=\"Los Etchetto dominaron la pista \" width=\"800\" height=\"336\" title=\"\" srcset=\"https:\/\/diariodelujan.com\/xdeporte\/wp-content\/uploads\/2025\/10\/SPORT-VIERNES-24-10-A2-4.webp 800w, https:\/\/diariodelujan.com\/xdeporte\/wp-content\/uploads\/2025\/10\/SPORT-VIERNES-24-10-A2-4-300x126.webp 300w, https:\/\/diariodelujan.com\/xdeporte\/wp-content\/uploads\/2025\/10\/SPORT-VIERNES-24-10-A2-4-768x323.webp 768w, https:\/\/diariodelujan.com\/xdeporte\/wp-content\/uploads\/2025\/10\/SPORT-VIERNES-24-10-A2-4-696x292.webp 696w\" sizes=\"auto, (max-width: 800px) 100vw, 800px\" \/><\/a><\/p>\n<p>Complet\u00f3 el <strong>top ten<\/strong> el experimentado <strong>Ariel Crisso<\/strong>, habitual competidor de la pista de A.D.A. Del Viso, con <strong>155.99 giros<\/strong>, quien demostr\u00f3 su conocimiento del circuito y una puesta a punto eficiente pese a las adversidades.<\/p>\n<h3>Reconocimientos y agradecimientos<\/h3>\n<p>Durante la noche, la organizaci\u00f3n de la<strong> Asociaci\u00f3n Civil Corredores Automodelismo Luj\u00e1n <\/strong>(ACCAL) agradeci\u00f3 especialmente la colaboraci\u00f3n de <strong>Fernando Guagliardi<\/strong>, autor de las caricaturas que acompa\u00f1aron el evento, y de <strong>Pasti Melconian<\/strong>, encargado de las im\u00e1genes que inmortalizaron los mejores momentos de la carrera.<\/p>\n<p>El clima de camarader\u00eda y competencia le dio un marco ideal a esta nueva jornada del <strong>automodelismo lujanense<\/strong>, que contin\u00faa consolid\u00e1ndose como una de las disciplinas con mayor crecimiento en la regi\u00f3n.<\/p>\n<p><a href=\"https:\/\/diariodelujan.com\/xdeporte\/wp-content\/uploads\/2025\/10\/SPORT-VIERNES-24-10-A2-1.webp\"><img loading=\"lazy\" decoding=\"async\" class=\"aligncenter size-full wp-image-17245\" src=\"https:\/\/diariodelujan.com\/xdeporte\/wp-content\/uploads\/2025\/10\/SPORT-VIERNES-24-10-A2-1.webp\" alt=\"Los Etchetto dominaron la pista \" width=\"800\" height=\"533\" title=\"\" srcset=\"https:\/\/diariodelujan.com\/xdeporte\/wp-content\/uploads\/2025\/10\/SPORT-VIERNES-24-10-A2-1.webp 800w, https:\/\/diariodelujan.com\/xdeporte\/wp-content\/uploads\/2025\/10\/SPORT-VIERNES-24-10-A2-1-300x200.webp 300w, https:\/\/diariodelujan.com\/xdeporte\/wp-content\/uploads\/2025\/10\/SPORT-VIERNES-24-10-A2-1-768x512.webp 768w, https:\/\/diariodelujan.com\/xdeporte\/wp-content\/uploads\/2025\/10\/SPORT-VIERNES-24-10-A2-1-630x420.webp 630w, https:\/\/diariodelujan.com\/xdeporte\/wp-content\/uploads\/2025\/10\/SPORT-VIERNES-24-10-A2-1-696x464.webp 696w\" sizes=\"auto, (max-width: 800px) 100vw, 800px\" \/><\/a><\/p>\n<h3>Los Etchetto, sin\u00f3nimo de velocidad y precisi\u00f3n<\/h3>\n<p>El triunfo de <strong>Javier y Lautaro Etchetto<\/strong> no solo reafirma su dominio en la pista, sino que tambi\u00e9n confirma el excelente momento deportivo que atraviesan. La dupla mostr\u00f3 una combinaci\u00f3n perfecta de t\u00e9cnica, estrategia y concentraci\u00f3n, dejando en claro que su apellido ya es una marca registrada dentro del automodelismo local.<\/p>\n<p>Con este resultado, los Etchetto se consolidan como los grandes protagonistas de la temporada en ACCAL, en una categor\u00eda cada vez m\u00e1s competitiva y apasionante.<\/p>\n<p><span style=\"color: #ff9900;\"><strong><em>Con informaci\u00f3n de <a style=\"color: #ff9900;\" href=\"http:\/\/autoshowslot.blogspot.com\/\" target=\"_blank\" rel=\"noopener\">AutoShowSlot<\/a><\/em><\/strong><\/span><\/p>\n","protected":false},"excerpt":{"rendered":"<p>Una noche a puro rugir de motores se vivi\u00f3 este viernes en la pista remozada ACCAL, donde los hermanos Javier y Lautaro Etchetto se adue\u00f1aron del podio en la final de la categor\u00eda Sport 1\/24, marcando un inolvidable 1-2 para su equipo.<\/p>\n","protected":false},"author":4,"featured_media":17246,"comment_status":"closed","ping_status":"closed","sticky":false,"template":"","format":"standard","meta":{"tdm_status":"","tdm_grid_status":"","footnotes":""},"categories":[20,2],"tags":[510,19,34,278],"class_list":{"0":"post-17240","1":"post","2":"type-post","3":"status-publish","4":"format-standard","5":"has-post-thumbnail","7":"category-automodelismo","8":"category-featured","9":"tag-accal","10":"tag-automodelismo","11":"tag-etchetto","12":"tag-pista"},"_links":{"self":[{"href":"https:\/\/diariodelujan.com\/xdeporte\/wp-json\/wp\/v2\/posts\/17240","targetHints":{"allow":["GET"]}}],"collection":[{"href":"https:\/\/diariodelujan.com\/xdeporte\/wp-json\/wp\/v2\/posts"}],"about":[{"href":"https:\/\/diariodelujan.com\/xdeporte\/wp-json\/wp\/v2\/types\/post"}],"author":[{"embeddable":true,"href":"https:\/\/diariodelujan.com\/xdeporte\/wp-json\/wp\/v2\/users\/4"}],"replies":[{"embeddable":true,"href":"https:\/\/diariodelujan.com\/xdeporte\/wp-json\/wp\/v2\/comments?post=17240"}],"version-history":[{"count":7,"href":"https:\/\/diariodelujan.com\/xdeporte\/wp-json\/wp\/v2\/posts\/17240\/revisions"}],"predecessor-version":[{"id":17251,"href":"https:\/\/diariodelujan.com\/xdeporte\/wp-json\/wp\/v2\/posts\/17240\/revisions\/17251"}],"wp:featuredmedia":[{"embeddable":true,"href":"https:\/\/diariodelujan.com\/xdeporte\/wp-json\/wp\/v2\/media\/17246"}],"wp:attachment":[{"href":"https:\/\/diariodelujan.com\/xdeporte\/wp-json\/wp\/v2\/media?parent=17240"}],"wp:term":[{"taxonomy":"category","embeddable":true,"href":"https:\/\/diariodelujan.com\/xdeporte\/wp-json\/wp\/v2\/categories?post=17240"},{"taxonomy":"post_tag","embeddable":true,"href":"https:\/\/diariodelujan.com\/xdeporte\/wp-json\/wp\/v2\/tags?post=17240"}],"curies":[{"name":"wp","href":"https:\/\/api.w.org\/{rel}","templated":true}]}}