{"id":17283,"date":"2025-11-08T09:34:44","date_gmt":"2025-11-08T12:34:44","guid":{"rendered":"https:\/\/diariodelujan.com\/xdeporte\/?p=17283"},"modified":"2025-11-08T17:50:47","modified_gmt":"2025-11-08T20:50:47","slug":"flandria-busca-entrar-al-reducido-2","status":"publish","type":"post","link":"https:\/\/diariodelujan.com\/xdeporte\/flandria-busca-entrar-al-reducido-2\/","title":{"rendered":"Flandria busca un triunfo para mantener viva la ilusi\u00f3n del Reducido"},"content":{"rendered":"<p><span style=\"font-family: georgia, palatino, serif; font-size: 18px;\"><em>Flandria visita este s\u00e1bado a Excursionistas con la obligaci\u00f3n de ganar y esperar resultados favorables para seguir con chances de ingresar al Torneo Reducido.\u00a0<\/em><\/span><\/p>\n<p><!--more--><\/p>\n<p>El <a href=\"https:\/\/clubflandria.com.ar\/\" target=\"_blank\" rel=\"noopener\">Club Social y Deportivo Flandria<\/a> afrontar\u00e1 este s\u00e1bado un compromiso decisivo frente a Excursionistas, en el marco de la \u00faltima fecha de la etapa regular del campeonato. El encuentro, que se disputar\u00e1 desde las <strong>12 en el sint\u00e9tico del Bajo Belgrano<\/strong>, podr\u00eda definir el futuro del equipo de J\u00e1uregui en la pelea por acceder al <strong>Torneo Reducido<\/strong>.<\/p>\n<p>El conjunto dirigido por <strong>Arnaldo \u201cCacho\u201d Sialle<\/strong> no depende \u00fanicamente de s\u00ed mismo: adem\u00e1s de ganar su partido, deber\u00e1 aguardar que alguno de sus <strong>rivales directos en la tabla<\/strong> deje puntos en el camino para mantener viva la esperanza de clasificaci\u00f3n. Arnaldo Sialle recupera a Jonatan Palacio y prepara variantes en el once titular.<\/p>\n<h3>La bronca del hincha y la necesidad de reacci\u00f3n<\/h3>\n<p>Las \u00faltimas dos presentaciones, ante <strong>Brown de Adrogu\u00e9<\/strong> y <strong>Acassuso<\/strong>, dejaron un sabor amargo entre los simpatizantes del Canario, que vieron c\u00f3mo el equipo <strong>perd\u00eda terreno en la lucha por el <a href=\"https:\/\/diariodelujan.com\/xdeporte\/flandria-busca-entrar-al-reducido\/\">Reducido<\/a><\/strong>. Los resultados adversos no s\u00f3lo complicaron las aspiraciones deportivas, sino que tambi\u00e9n generaron <strong>enojo y frustraci\u00f3n<\/strong> en la hinchada, que reclama una reacci\u00f3n inmediata.<\/p>\n<p>Consciente del panorama, el cuerpo t\u00e9cnico apelar\u00e1 a la experiencia y al compromiso del plantel para encarar un duelo que, m\u00e1s all\u00e1 de las matem\u00e1ticas, ser\u00e1 una <strong>prueba de car\u00e1cter<\/strong> para cerrar la campa\u00f1a con una imagen positiva.<\/p>\n<h3>El regreso de Jonatan Palacio y posibles variantes<\/h3>\n<p>Una de las novedades m\u00e1s importantes para este encuentro es el <strong>regreso de Jonatan Palacio<\/strong>, quien cumpli\u00f3 una fecha de suspensi\u00f3n por acumulaci\u00f3n de tarjetas amarillas. El delantero volver\u00eda al once inicial en reemplazo de <strong>Benjam\u00edn Gim\u00e9nez<\/strong>, aunque Sialle podr\u00eda introducir <strong>m\u00e1s variantes de \u00faltimo momento<\/strong> seg\u00fan la estrategia que plantee en el Bajo Belgrano.<\/p>\n<p>El t\u00e9cnico mantiene su habitual hermetismo, pero todo indica que buscar\u00e1 <strong>un equipo equilibrado y ofensivo<\/strong>, consciente de que la \u00fanica opci\u00f3n es sumar de a tres.<\/p>\n<h3>Formaci\u00f3n probable y arbitraje<\/h3>\n<p>Con el arbitraje de <strong>Marcos Recalde<\/strong>, la <strong>formaci\u00f3n probable de Flandria<\/strong> ser\u00eda la siguiente:<br \/>\n<strong>Maximiliano Gagliardo<\/strong>; <strong>Andr\u00e9s Camacho<\/strong>, <strong>Ariel Morales<\/strong>, <strong>Fernando Evangelista<\/strong> y <strong>Mart\u00edn Correa<\/strong>; <strong>Cristian Ludue\u00f1a<\/strong>, <strong>Bruno Guelfi<\/strong>, <strong>Franco Bustamante<\/strong> y <strong>Gonzalo S\u00e1lega<\/strong>; <strong>Daniel Gonz\u00e1lez<\/strong> y <strong>Jonatan Palacio<\/strong>.<br \/>\n<strong>Director T\u00e9cnico:<\/strong> Arnaldo Sialle.<\/p>\n<h3>Expectativa y definici\u00f3n del Reducido<\/h3>\n<p>Mientras la pelota ruede en el Bajo Belgrano, el <strong>Canario tendr\u00e1 la mirada puesta en otros estadios<\/strong>, donde se definir\u00e1n los cupos restantes para el <strong>Torneo Reducido<\/strong>, el minitorneo que otorga la posibilidad de <strong>luchar por el ascenso<\/strong>.<\/p>\n<p>El objetivo es claro: <strong>ganar y esperar<\/strong>. Aunque el margen sea m\u00ednimo, Flandria intentar\u00e1 <strong>mantener encendida la ilusi\u00f3n<\/strong> de clasificar al Reducido y cerrar el campeonato con una sonrisa que le devuelva confianza a su gente y al plantel.<\/p>\n","protected":false},"excerpt":{"rendered":"<p>Flandria visita este s\u00e1bado a Excursionistas con la obligaci\u00f3n de ganar y esperar resultados favorables para seguir con chances de ingresar al Torneo Reducido.\u00a0<\/p>\n","protected":false},"author":4,"featured_media":16854,"comment_status":"closed","ping_status":"closed","sticky":false,"template":"","format":"standard","meta":{"tdm_status":"","tdm_grid_status":"","footnotes":""},"categories":[8],"tags":[172,173,535],"class_list":{"0":"post-17283","1":"post","2":"type-post","3":"status-publish","4":"format-standard","5":"has-post-thumbnail","7":"category-futbol","8":"tag-flandria","9":"tag-futbol","10":"tag-reducido"},"_links":{"self":[{"href":"https:\/\/diariodelujan.com\/xdeporte\/wp-json\/wp\/v2\/posts\/17283","targetHints":{"allow":["GET"]}}],"collection":[{"href":"https:\/\/diariodelujan.com\/xdeporte\/wp-json\/wp\/v2\/posts"}],"about":[{"href":"https:\/\/diariodelujan.com\/xdeporte\/wp-json\/wp\/v2\/types\/post"}],"author":[{"embeddable":true,"href":"https:\/\/diariodelujan.com\/xdeporte\/wp-json\/wp\/v2\/users\/4"}],"replies":[{"embeddable":true,"href":"https:\/\/diariodelujan.com\/xdeporte\/wp-json\/wp\/v2\/comments?post=17283"}],"version-history":[{"count":1,"href":"https:\/\/diariodelujan.com\/xdeporte\/wp-json\/wp\/v2\/posts\/17283\/revisions"}],"predecessor-version":[{"id":17284,"href":"https:\/\/diariodelujan.com\/xdeporte\/wp-json\/wp\/v2\/posts\/17283\/revisions\/17284"}],"wp:featuredmedia":[{"embeddable":true,"href":"https:\/\/diariodelujan.com\/xdeporte\/wp-json\/wp\/v2\/media\/16854"}],"wp:attachment":[{"href":"https:\/\/diariodelujan.com\/xdeporte\/wp-json\/wp\/v2\/media?parent=17283"}],"wp:term":[{"taxonomy":"category","embeddable":true,"href":"https:\/\/diariodelujan.com\/xdeporte\/wp-json\/wp\/v2\/categories?post=17283"},{"taxonomy":"post_tag","embeddable":true,"href":"https:\/\/diariodelujan.com\/xdeporte\/wp-json\/wp\/v2\/tags?post=17283"}],"curies":[{"name":"wp","href":"https:\/\/api.w.org\/{rel}","templated":true}]}}