{"id":17304,"date":"2025-11-13T10:29:25","date_gmt":"2025-11-13T13:29:25","guid":{"rendered":"https:\/\/diariodelujan.com\/xdeporte\/?p=17304"},"modified":"2025-11-13T10:29:25","modified_gmt":"2025-11-13T13:29:25","slug":"nadadora-recibe-premio-oly","status":"publish","type":"post","link":"https:\/\/diariodelujan.com\/xdeporte\/nadadora-recibe-premio-oly\/","title":{"rendered":"La nadadora Silvia Borgini recibi\u00f3 el premio OLY por su trayectoria deportiva"},"content":{"rendered":"<p><span style=\"font-family: georgia, palatino, serif; font-size: 18px;\"><em>La nadadora lujanense Silvia Borgini, quien represent\u00f3 a la Argentina en los Juegos Ol\u00edmpicos de M\u00fanich 1972, fue distinguida con el premio \u201cOLY\u201d del Comit\u00e9 Ol\u00edmpico Argentino.<\/em><\/span><\/p>\n<p><!--more--><\/p>\n<p>El galard\u00f3n reconoce el esfuerzo y la dedicaci\u00f3n de los atletas que mantienen vivo el esp\u00edritu del olimpismo.<\/p>\n<p data-start=\"1656\" data-end=\"2056\">Durante el evento, encabezado por el presidente del COA <strong data-start=\"1712\" data-end=\"1728\">Mario Moccia<\/strong> y la presidenta de la Comisi\u00f3n de Cultura y Legado Ol\u00edmpico <strong data-start=\"1789\" data-end=\"1814\">Mar\u00eda Julia Garisoain<\/strong>, se destac\u00f3 el papel de los deportistas en la construcci\u00f3n de la identidad ol\u00edmpica nacional. \u201cMantener la historia viva es trascender, es crecer y es avanzar\u201d, subray\u00f3 Garisoain, al resaltar la importancia de este tipo de reconocimientos.<\/p>\n<h3 data-start=\"2063\" data-end=\"2115\">La trayectoria de una nadadora que hizo historia<\/h3>\n<p data-start=\"2117\" data-end=\"2597\">Entre los homenajeados se destac\u00f3 la figura de <a href=\"https:\/\/diariodelujan.com\/xdeporte\/silvia-borgini-arraso-en-el-sudamericano-de-peru\/\"><strong data-start=\"2164\" data-end=\"2182\">Silvia Borgini<\/strong><\/a>, la hist\u00f3rica <strong data-start=\"2197\" data-end=\"2209\">nadadora<\/strong> lujanense que represent\u00f3 a la <strong data-start=\"2240\" data-end=\"2263\">Selecci\u00f3n Argentina<\/strong> en los Juegos Ol\u00edmpicos de <strong data-start=\"2291\" data-end=\"2306\">M\u00fanich 1972<\/strong>. Su historia es un ejemplo de esfuerzo y pasi\u00f3n: con apenas <strong data-start=\"2367\" data-end=\"2378\">14 a\u00f1os<\/strong>, Borgini se convirti\u00f3 en la deportista argentina m\u00e1s joven en participar en una cita ol\u00edmpica, un r\u00e9cord que mantuvo durante muchos a\u00f1os y que la transform\u00f3 en un s\u00edmbolo de inspiraci\u00f3n para generaciones posteriores.<\/p>\n<p data-start=\"2599\" data-end=\"2980\">Formada en el <a href=\"https:\/\/clubeltimon.com.ar\/\" target=\"_blank\" rel=\"noopener\"><strong data-start=\"2613\" data-end=\"2638\">Club N\u00e1utico El Tim\u00f3n<\/strong><\/a>, Borgini comenz\u00f3 a destacarse en las competencias locales bajo la gu\u00eda del recordado entrenador <strong data-start=\"2735\" data-end=\"2760\">Orestes \u201cTito\u201d Pescio<\/strong>, quien molde\u00f3 su disciplina y t\u00e9cnica hasta llevarla al m\u00e1ximo nivel. Su talento la llev\u00f3 r\u00e1pidamente a integrar la delegaci\u00f3n nacional, donde represent\u00f3 al pa\u00eds con orgullo en la m\u00e1xima competencia deportiva mundial.<\/p>\n<p data-start=\"2982\" data-end=\"3345\">El reconocimiento OLY llega como una reafirmaci\u00f3n de ese recorrido. En la gala celebrada la semana pasada, la deportista recibi\u00f3 su pin y su certificado de manos de las autoridades del <strong><a href=\"https:\/\/www.coarg.org.ar\/\" target=\"_blank\" rel=\"noopener\">COA<\/a><\/strong>, en un emotivo encuentro que reuni\u00f3 a figuras emblem\u00e1ticas de la nataci\u00f3n argentina, entre ellas <strong data-start=\"3268\" data-end=\"3342\">Jos\u00e9 Meolans, Georgina Bardach, Cecilia Biagioli y Delfina Pignatiello<\/strong>.<\/p>\n<p data-start=\"3347\" data-end=\"3639\">El presidente del COA, Mario Moccia, destac\u00f3 durante el acto: \u201cUstedes nos llenan de emoci\u00f3n por todo lo que le han dado al deporte argentino y a la nataci\u00f3n. Este reconocimiento es una manera de agradecerles y de reafirmar que todos somos parte de la gran familia del olimpismo argentino\u201d.<\/p>\n<h3 data-start=\"3646\" data-end=\"3710\">Orgullo lujanense y el valor de una vida dedicada al deporte<\/h3>\n<p data-start=\"3712\" data-end=\"4019\">El <strong data-start=\"3715\" data-end=\"3729\">premio OLY<\/strong> que hoy ostenta Silvia Borgini no solo reconoce su desempe\u00f1o deportivo, sino tambi\u00e9n su aporte al desarrollo del <strong data-start=\"3843\" data-end=\"3873\">deporte ol\u00edmpico argentino<\/strong>. Su carrera, marcada por la perseverancia y la entrega, simboliza los valores que el olimpismo busca transmitir: respeto, excelencia y amistad.<\/p>\n<p data-start=\"4021\" data-end=\"4344\">A lo largo de las d\u00e9cadas, Borgini ha sido ejemplo y referente, especialmente para las j\u00f3venes nadadoras que encuentran en su historia una fuente de motivaci\u00f3n. Su participaci\u00f3n en los Juegos de M\u00fanich, en una \u00e9poca donde las oportunidades eran m\u00e1s limitadas para las mujeres en el deporte, la posicion\u00f3 como una pionera.<\/p>\n<p data-start=\"4021\" data-end=\"4344\"><a href=\"https:\/\/diariodelujan.com\/wp-content\/uploads\/2025\/11\/premios-OLY.webp\"><img loading=\"lazy\" decoding=\"async\" class=\"alignnone wp-image-35174 size-full\" src=\"https:\/\/diariodelujan.com\/wp-content\/uploads\/2025\/11\/premios-OLY.webp\" alt=\"Orgullo lujanense y el valor de una vida dedicada al deporte\" width=\"800\" height=\"533\" title=\"\"><\/a><\/p>\n<h3 data-start=\"518\" data-end=\"572\">El legado ol\u00edmpico y el significado del premio OLY<\/h3>\n<p data-start=\"574\" data-end=\"1166\">El <strong data-start=\"577\" data-end=\"591\">premio OLY<\/strong> es una distinci\u00f3n internacional otorgada por el <strong data-start=\"640\" data-end=\"679\">Comit\u00e9 Ol\u00edmpico Internacional (COI)<\/strong> y la <strong data-start=\"685\" data-end=\"734\">Asociaci\u00f3n Mundial de Atletas Ol\u00edmpicos (WOA)<\/strong>. Este reconocimiento, acompa\u00f1ado por un certificado oficial y una insignia, simboliza el honor y el compromiso de quienes han representado a sus pa\u00edses en los Juegos Ol\u00edmpicos. El distintivo \u201cOLY\u201d funciona como una suerte de t\u00edtulo honor\u00edfico, que los atletas galardonados pueden a\u00f1adir a su nombre, del mismo modo en que los acad\u00e9micos utilizan t\u00edtulos como \u201cDr.\u201d o \u201cLic.\u201d, pero en este caso, como s\u00edmbolo del esp\u00edritu ol\u00edmpico.<\/p>\n<p data-start=\"1168\" data-end=\"1654\">El objetivo del premio es <strong data-start=\"1194\" data-end=\"1251\">mantener viva la historia y los valores del olimpismo<\/strong>, reconociendo la dedicaci\u00f3n, la excelencia y la pasi\u00f3n por el deporte que caracteriza a los atletas ol\u00edmpicos. En la <strong data-start=\"1369\" data-end=\"1412\">Gala Anual de Cultura y Legado Ol\u00edmpico<\/strong>, el <strong data-start=\"1417\" data-end=\"1452\">Comit\u00e9 Ol\u00edmpico Argentino (COA)<\/strong> y la <strong data-start=\"1458\" data-end=\"1511\">Asociaci\u00f3n de Atletas Ol\u00edmpicos Argentinos (AAOA)<\/strong> rindieron homenaje a figuras emblem\u00e1ticas de los deportes acu\u00e1ticos que participaron en distintas ediciones de los Juegos Ol\u00edmpicos de Verano.<\/p>\n<p data-start=\"4346\" data-end=\"4797\">El <strong data-start=\"4349\" data-end=\"4378\">Comit\u00e9 Ol\u00edmpico Argentino<\/strong>, a trav\u00e9s de esta distinci\u00f3n, reafirma su compromiso con el reconocimiento de las trayectorias que ayudaron a construir la identidad deportiva del pa\u00eds. En palabras de la atleta judoca y dirigente <strong data-start=\"4576\" data-end=\"4596\">Carolina Mariani<\/strong>, presidenta de la AAOA: \u201cReconocer a los ol\u00edmpicos y poner en valor toda una vida dedicada al deporte es fundamental. El pin OLY es una forma de agradecerles por mantener vivo el esp\u00edritu ol\u00edmpico\u201d.<\/p>\n<p data-start=\"4799\" data-end=\"5154\">Silvia Borgini vuelve as\u00ed a ser noticia, no por una nueva competencia, sino por la validaci\u00f3n de una vida entera dedicada a representar a su ciudad, a su pa\u00eds y a los valores m\u00e1s nobles del deporte. Un reconocimiento merecido para una atleta que hizo historia y que sigue inspirando a las futuras generaciones desde su ejemplo y su pasi\u00f3n por la nataci\u00f3n.<\/p>\n","protected":false},"excerpt":{"rendered":"<p>La nadadora lujanense Silvia Borgini, quien represent\u00f3 a la Argentina en los Juegos Ol\u00edmpicos de M\u00fanich 1972, fue distinguida con el premio \u201cOLY\u201d del Comit\u00e9 Ol\u00edmpico Argentino.<\/p>\n","protected":false},"author":4,"featured_media":17306,"comment_status":"closed","ping_status":"closed","sticky":false,"template":"","format":"standard","meta":{"tdm_status":"","tdm_grid_status":"","footnotes":""},"categories":[451,2],"tags":[59,543,544],"class_list":{"0":"post-17304","1":"post","2":"type-post","3":"status-publish","4":"format-standard","5":"has-post-thumbnail","7":"category-natacion","8":"category-featured","9":"tag-natacion","10":"tag-premio-oly","11":"tag-silvia-borgini"},"_links":{"self":[{"href":"https:\/\/diariodelujan.com\/xdeporte\/wp-json\/wp\/v2\/posts\/17304","targetHints":{"allow":["GET"]}}],"collection":[{"href":"https:\/\/diariodelujan.com\/xdeporte\/wp-json\/wp\/v2\/posts"}],"about":[{"href":"https:\/\/diariodelujan.com\/xdeporte\/wp-json\/wp\/v2\/types\/post"}],"author":[{"embeddable":true,"href":"https:\/\/diariodelujan.com\/xdeporte\/wp-json\/wp\/v2\/users\/4"}],"replies":[{"embeddable":true,"href":"https:\/\/diariodelujan.com\/xdeporte\/wp-json\/wp\/v2\/comments?post=17304"}],"version-history":[{"count":2,"href":"https:\/\/diariodelujan.com\/xdeporte\/wp-json\/wp\/v2\/posts\/17304\/revisions"}],"predecessor-version":[{"id":17308,"href":"https:\/\/diariodelujan.com\/xdeporte\/wp-json\/wp\/v2\/posts\/17304\/revisions\/17308"}],"wp:featuredmedia":[{"embeddable":true,"href":"https:\/\/diariodelujan.com\/xdeporte\/wp-json\/wp\/v2\/media\/17306"}],"wp:attachment":[{"href":"https:\/\/diariodelujan.com\/xdeporte\/wp-json\/wp\/v2\/media?parent=17304"}],"wp:term":[{"taxonomy":"category","embeddable":true,"href":"https:\/\/diariodelujan.com\/xdeporte\/wp-json\/wp\/v2\/categories?post=17304"},{"taxonomy":"post_tag","embeddable":true,"href":"https:\/\/diariodelujan.com\/xdeporte\/wp-json\/wp\/v2\/tags?post=17304"}],"curies":[{"name":"wp","href":"https:\/\/api.w.org\/{rel}","templated":true}]}}