{"id":17370,"date":"2025-11-29T10:35:32","date_gmt":"2025-11-29T13:35:32","guid":{"rendered":"https:\/\/diariodelujan.com\/xdeporte\/?p=17370"},"modified":"2025-11-30T02:57:25","modified_gmt":"2025-11-30T05:57:25","slug":"flandria-busca-el-pase-a-semis","status":"publish","type":"post","link":"https:\/\/diariodelujan.com\/xdeporte\/flandria-busca-el-pase-a-semis\/","title":{"rendered":"Flandria busca el pase a semifinales en terreno ajeno"},"content":{"rendered":"<p><span style=\"font-family: georgia, palatino, serif; font-size: 14pt;\"><em><a href=\"https:\/\/www.facebook.com\/ClubsydFlandria\" target=\"_blank\" rel=\"noopener\">Flandria<\/a> visita a Real Pilar en un duelo decisivo por el Reducido. <a href=\"https:\/\/diariodelujan.com\/flandria-dejo-pasar-la-victoria\/\" target=\"_blank\" rel=\"noopener\">Tras el 1-1 de la ida<\/a>, el Canario busca imponer su car\u00e1cter y avanzar a semifinales en el Carlos Barraza.<\/em><\/span><\/p>\n<p><!--more--><\/p>\n<p>Flandria se juega este s\u00e1bado una final anticipada en su visita a Real Pilar por la vuelta de los cuartos de final del Reducido de la Primera B. Con la serie igualada y la obligaci\u00f3n de ganar para seguir so\u00f1ando con el ascenso, el equipo de Cacho Sialle buscar\u00e1 mostrar su mejor versi\u00f3n en un Estadio Carlos Barraza que promete una gran convocatoria.<\/p>\n<h3><strong>Flandria quiere demostrar car\u00e1cter en una noche decisiva<\/strong><\/h3>\n<p>El fin de semana pasado, en el \u201cprimer chico\u201d, Flandria no pudo sostener la ventaja inicial y termin\u00f3 empatando 1-1 frente al Monarca en el Carlos V. Aquel sabor amargo qued\u00f3 marcado, pero tambi\u00e9n aliment\u00f3 la convicci\u00f3n del plantel: est\u00e1n en condiciones de competir, exigir y superar a un rival que llega en alza en este Reducido.<\/p>\n<p>Este s\u00e1bado, desde las 20.05 y con arbitraje de Gonzalo Pereira, el elenco de J\u00e1uregui afrontar\u00e1 un duelo que definir\u00e1 su futuro inmediato. En caso de otro empate, la clasificaci\u00f3n a semifinales se resolver\u00e1 desde el punto penal, una instancia que ambos equipos ya contemplan como escenario posible. Sin embargo, en Flandria nadie quiere que todo dependa de la loter\u00eda: la idea es ir a Pilar a ganar.<\/p>\n<h3><strong>El aporte de los regresos: Sialle recupera piezas clave<\/strong><\/h3>\n<p>Una de las mejores noticias de la semana para Flandria fue la recuperaci\u00f3n de tres futbolistas fundamentales. Andr\u00e9s Camacho, Ariel Morales y Benjam\u00edn Gim\u00e9nez cumplieron sus respectivas suspensiones y quedaron nuevamente a disposici\u00f3n del cuerpo t\u00e9cnico.<\/p>\n<p>Los tres volver\u00edan directamente al once inicial en reemplazo de Rodrigo Morales, Alejandro Nalerio y Daniel Gonz\u00e1lez. Para Sialle, estos regresos no solo devuelven jerarqu\u00eda, sino tambi\u00e9n orden t\u00e1ctico y presencia en las dos \u00e1reas, claves para un partido de alto voltaje emocional.<\/p>\n<h3><strong>Un rival duro y un contexto que exige concentraci\u00f3n plena<\/strong><\/h3>\n<p>Real Pilar llega con confianza y con la tranquilidad que le dio remontar en J\u00e1uregui. El Monarca se siente c\u00f3modo en su estadio y buscar\u00e1 protagonizar desde el inicio, apoyado por su gente y por un estilo vertical que exige m\u00e1xima atenci\u00f3n defensiva.<\/p>\n<p>Flandria, en cambio, sabe que su fortaleza est\u00e1 en la solidez colectiva y en la capacidad de golpe r\u00e1pido. Si el equipo logra sostener la intensidad y aprovechar los espacios, tendr\u00e1 serias chances de imponerse y llevarse el boleto a semifinales.<\/p>\n<h3><strong>Flandria, ante otra oportunidad para ilusionarse<\/strong><\/h3>\n<p>La palabra clave de la semana en J\u00e1uregui fue convicci\u00f3n. Flandria llega con la obligaci\u00f3n de mostrar car\u00e1cter, sostener su plan de juego y recuperar la contundencia de los mejores tramos del torneo. No ser\u00e1 sencillo, pero tampoco imposible: el Canario ha demostrado que, en partidos decisivos, puede elevar su nivel.<\/p>\n<p>Este s\u00e1bado, en Pilar, no estar\u00e1 solo en la b\u00fasqueda del sue\u00f1o. Estar\u00e1 acompa\u00f1ado por su gente, por su identidad y por la convicci\u00f3n de que esta historia todav\u00eda puede tener un cap\u00edtulo m\u00e1s. El desaf\u00edo est\u00e1 planteado: Flandria quiere dar el golpe y seguir en carrera por el ascenso.<\/p>\n","protected":false},"excerpt":{"rendered":"<p>Flandria visita a Real Pilar en un duelo decisivo por el Reducido. Tras el 1-1 de la ida, el Canario busca imponer su car\u00e1cter y avanzar a semifinales en el Carlos Barraza.<\/p>\n","protected":false},"author":3,"featured_media":16854,"comment_status":"closed","ping_status":"closed","sticky":false,"template":"","format":"standard","meta":{"tdm_status":"","tdm_grid_status":"","footnotes":""},"categories":[8],"tags":[171,172,173,198,246,535],"class_list":{"0":"post-17370","1":"post","2":"type-post","3":"status-publish","4":"format-standard","5":"has-post-thumbnail","7":"category-futbol","8":"tag-canario","9":"tag-flandria","10":"tag-futbol","11":"tag-primera-b","12":"tag-real-pilar","13":"tag-reducido"},"_links":{"self":[{"href":"https:\/\/diariodelujan.com\/xdeporte\/wp-json\/wp\/v2\/posts\/17370","targetHints":{"allow":["GET"]}}],"collection":[{"href":"https:\/\/diariodelujan.com\/xdeporte\/wp-json\/wp\/v2\/posts"}],"about":[{"href":"https:\/\/diariodelujan.com\/xdeporte\/wp-json\/wp\/v2\/types\/post"}],"author":[{"embeddable":true,"href":"https:\/\/diariodelujan.com\/xdeporte\/wp-json\/wp\/v2\/users\/3"}],"replies":[{"embeddable":true,"href":"https:\/\/diariodelujan.com\/xdeporte\/wp-json\/wp\/v2\/comments?post=17370"}],"version-history":[{"count":2,"href":"https:\/\/diariodelujan.com\/xdeporte\/wp-json\/wp\/v2\/posts\/17370\/revisions"}],"predecessor-version":[{"id":17372,"href":"https:\/\/diariodelujan.com\/xdeporte\/wp-json\/wp\/v2\/posts\/17370\/revisions\/17372"}],"wp:featuredmedia":[{"embeddable":true,"href":"https:\/\/diariodelujan.com\/xdeporte\/wp-json\/wp\/v2\/media\/16854"}],"wp:attachment":[{"href":"https:\/\/diariodelujan.com\/xdeporte\/wp-json\/wp\/v2\/media?parent=17370"}],"wp:term":[{"taxonomy":"category","embeddable":true,"href":"https:\/\/diariodelujan.com\/xdeporte\/wp-json\/wp\/v2\/categories?post=17370"},{"taxonomy":"post_tag","embeddable":true,"href":"https:\/\/diariodelujan.com\/xdeporte\/wp-json\/wp\/v2\/tags?post=17370"}],"curies":[{"name":"wp","href":"https:\/\/api.w.org\/{rel}","templated":true}]}}