{"id":17378,"date":"2025-11-30T17:07:21","date_gmt":"2025-11-30T20:07:21","guid":{"rendered":"https:\/\/diariodelujan.com\/xdeporte\/?p=17378"},"modified":"2025-11-30T17:19:28","modified_gmt":"2025-11-30T20:19:28","slug":"fuerte-denuncia-del-sadra-contra-la-afa","status":"publish","type":"post","link":"https:\/\/diariodelujan.com\/xdeporte\/fuerte-denuncia-del-sadra-contra-la-afa\/","title":{"rendered":"Fuerte denuncia del Sadra contra la AFA en medio de la crisis arbitral"},"content":{"rendered":"<p><span style=\"font-family: georgia, palatino, serif; font-size: 18px;\"><em>El conflicto por la transparencia en los arbitrajes sum\u00f3 un nuevo cap\u00edtulo con la denuncia del SADRA sobre el manejo irregular de la AFA del cuestionado &#8220;chiqui&#8221; Tapia.<\/em><\/span><\/p>\n<p><!--more--><\/p>\n<p>En medio del esc\u00e1ndalo por la sanci\u00f3n a Estudiantes de La Plata tras el \u201cpasillogate\u201d frente a Rosario Central y las sospechas crecientes por fallos pol\u00e9micos durante toda la temporada, el Sindicato de \u00c1rbitros Deportivos de la Rep\u00fablica Argentina (Sadra) lanz\u00f3 un duro comunicado contra la AFA y el sistema de designaciones arbitrales.<\/p>\n<p>La organizaci\u00f3n, encabezada por Guillermo Marconi y marginada del \u00e1mbito oficial durante la presidencia de Claudio \u201cChiqui\u201d Tapia, denunci\u00f3 una serie de pr\u00e1cticas que, seg\u00fan aseguran, deterioraron la credibilidad del arbitraje argentino.<\/p>\n<h3>El Sadra advierte sobre irregularidades estructurales<\/h3>\n<p>Bajo el t\u00edtulo \u201cNo estamos solos\u201d, el Sadra difundi\u00f3 un documento en el que reclama una reforma urgente para recuperar la integridad del sistema. El sindicato asegura que desde hace siete a\u00f1os vienen denunciando ante la justicia y la opini\u00f3n p\u00fablica \u201cirregularidades en las designaciones arbitrales\u201d y \u201cactuaciones que evidenciaban manipulaci\u00f3n de resultados\u201d.<\/p>\n<p>Seg\u00fan el comunicado, incluso cuando las anomal\u00edas involucraban a afiliados propios, el gremio elev\u00f3 todas las presentaciones correspondientes, pero nunca recibi\u00f3 respuestas claras de la <a href=\"https:\/\/www.afa.com.ar\/\" target=\"_blank\" rel=\"noopener\">AFA<\/a> ni de los organismos disciplinarios.<\/p>\n<p>La acusaci\u00f3n principal apunta a un mecanismo que, seg\u00fan denuncian, combina presiones directas, exclusi\u00f3n injustificada del Sadra, creaci\u00f3n de estructuras paralelas y decisiones que afectaron la carrera de numerosos \u00e1rbitros.<\/p>\n<h2>Acusaciones por presiones y perjuicios profesionales<\/h2>\n<p>El Sadra sostiene que las presiones dentro del arbitraje se intensificaron durante los \u00faltimos a\u00f1os. De acuerdo con el gremio, un grupo de jueces y dirigentes intent\u00f3 mantener la integridad profesional, resistiendo aprietes y defendiendo la institucionalidad, pero esa postura tuvo consecuencias: varios \u00e1rbitros habr\u00edan visto frenada su proyecci\u00f3n, sus designaciones y sus posibilidades en el plano internacional, incluso cuando fallos judiciales respaldaban su actividad.<\/p>\n<p><a href=\"https:\/\/diariodelujan.com\/xdeporte\/wp-content\/uploads\/2025\/11\/sadra.webp\"><img loading=\"lazy\" decoding=\"async\" class=\"aligncenter size-full wp-image-17382\" src=\"https:\/\/diariodelujan.com\/xdeporte\/wp-content\/uploads\/2025\/11\/sadra.webp\" alt=\"comunicado de SADRA\" width=\"768\" height=\"992\" title=\"\" srcset=\"https:\/\/diariodelujan.com\/xdeporte\/wp-content\/uploads\/2025\/11\/sadra.webp 768w, https:\/\/diariodelujan.com\/xdeporte\/wp-content\/uploads\/2025\/11\/sadra-232x300.webp 232w, https:\/\/diariodelujan.com\/xdeporte\/wp-content\/uploads\/2025\/11\/sadra-325x420.webp 325w, https:\/\/diariodelujan.com\/xdeporte\/wp-content\/uploads\/2025\/11\/sadra-696x899.webp 696w\" sizes=\"auto, (max-width: 768px) 100vw, 768px\" \/><\/a><\/p>\n<p>La denuncia se suma al clima enrarecido que atraviesa el f\u00fatbol argentino en 2025. El reciente anuncio que declar\u00f3 campe\u00f3n anual a Rosario Central sin que esa regla hubiera sido establecida antes del torneo, las suspensiones a Ver\u00f3n y a jugadores de Estudiantes, y fallos considerados ins\u00f3litos por distintos clubes alimentaron la desconfianza. Para el <strong><span style=\"color: #003300;\"><a style=\"color: #003300;\" href=\"https:\/\/sadra.net.ar\/\" target=\"_blank\" rel=\"noopener\">Sadra<\/a><\/span><\/strong>, estos hechos no son aislados, sino parte de un sistema deteriorado.<\/p>\n<h2>Historia, rupturas y el trasfondo sindical<\/h2>\n<p>La relaci\u00f3n entre el Sadra y la <a href=\"https:\/\/diariodelujan.com\/los-precios-del-futbol\/\">AFA<\/a> tiene d\u00e9cadas de tensi\u00f3n. El gremio irrumpi\u00f3 con fuerza en la Primera Divisi\u00f3n en 1992, cuando la AAA \u2014el sindicato mayoritario, hoy encabezado por Federico Beligoy, actual director de Arbitraje de la AFA\u2014 realiz\u00f3 un paro. Julio Grondona habilit\u00f3 entonces al Sadra a cubrir esa fecha, marcando un hito que cambi\u00f3 el mapa arbitral.<\/p>\n<p>Durante a\u00f1os, la influencia del Sadra creci\u00f3 con la incorporaci\u00f3n de \u00e1rbitros a los planteles superiores y la participaci\u00f3n en designaciones internacionales. Sin embargo, hacia 2019 el panorama volvi\u00f3 a cambiar: varios jueces se alejaron de Marconi y dieron origen a la Uni\u00f3n de \u00c1rbitros Deportivos de Argentina (UADA), conducida por Sergio Pezzotta y Juan Pompei. A ella se sumaron \u00e1rbitros como Tello, Herrera, Merlos, Espinoza, Trucco y Echavarr\u00eda.<\/p>\n<p>En paralelo, seg\u00fan denuncia el Sadra, Beligoy comenz\u00f3 a marginar a quienes permanec\u00edan afiliados al sindicato fundado por Marconi, incluyendo decisiones como el retiro forzado de N\u00e9stor Pitana \u2014que ven\u00eda de dirigir la final del Mundial 2018\u2014 y la p\u00e9rdida de la categor\u00eda internacional para Hern\u00e1n Maidana.<\/p>\n<h2>Un llamado a una reforma profunda del arbitraje<\/h2>\n<p>En su comunicado, el Sadra afirma que \u201cla sociedad comienza a dimensionar la gravedad de la situaci\u00f3n\u201d. Jugadores, dirigentes, periodistas y simpatizantes exigen cambios profundos para recuperar la transparencia en el f\u00fatbol argentino.<\/p>\n<p>La entidad cierra con un mensaje contundente: \u201cEl arbitraje es un componente esencial del deporte. Reafirmamos nuestro compromiso con la transparencia, la \u00e9tica y la profesionalizaci\u00f3n e invitamos a toda la familia del f\u00fatbol a construir un sistema m\u00e1s justo y confiable\u201d.<\/p>\n<p>El reclamo surge en un momento de m\u00e1xima tensi\u00f3n institucional, donde la credibilidad del arbitraje se encuentra en uno de sus puntos m\u00e1s bajos. El debate, lejos de cerrarse, promete escalar en las pr\u00f3ximas semanas.<\/p>\n","protected":false},"excerpt":{"rendered":"<p>El conflicto por la transparencia en los arbitrajes sum\u00f3 un nuevo cap\u00edtulo con la denuncia del SADRA sobre el manejo irregular de la AFA del cuestionado &#8220;chiqui&#8221; Tapia.<\/p>\n","protected":false},"author":4,"featured_media":17379,"comment_status":"closed","ping_status":"closed","sticky":false,"template":"","format":"standard","meta":{"tdm_status":"","tdm_grid_status":"","footnotes":""},"categories":[8,2],"tags":[179,552,551,550],"class_list":{"0":"post-17378","1":"post","2":"type-post","3":"status-publish","4":"format-standard","5":"has-post-thumbnail","7":"category-futbol","8":"category-featured","9":"tag-afa","10":"tag-arbitraje","11":"tag-denuncia","12":"tag-sadra"},"_links":{"self":[{"href":"https:\/\/diariodelujan.com\/xdeporte\/wp-json\/wp\/v2\/posts\/17378","targetHints":{"allow":["GET"]}}],"collection":[{"href":"https:\/\/diariodelujan.com\/xdeporte\/wp-json\/wp\/v2\/posts"}],"about":[{"href":"https:\/\/diariodelujan.com\/xdeporte\/wp-json\/wp\/v2\/types\/post"}],"author":[{"embeddable":true,"href":"https:\/\/diariodelujan.com\/xdeporte\/wp-json\/wp\/v2\/users\/4"}],"replies":[{"embeddable":true,"href":"https:\/\/diariodelujan.com\/xdeporte\/wp-json\/wp\/v2\/comments?post=17378"}],"version-history":[{"count":3,"href":"https:\/\/diariodelujan.com\/xdeporte\/wp-json\/wp\/v2\/posts\/17378\/revisions"}],"predecessor-version":[{"id":17383,"href":"https:\/\/diariodelujan.com\/xdeporte\/wp-json\/wp\/v2\/posts\/17378\/revisions\/17383"}],"wp:featuredmedia":[{"embeddable":true,"href":"https:\/\/diariodelujan.com\/xdeporte\/wp-json\/wp\/v2\/media\/17379"}],"wp:attachment":[{"href":"https:\/\/diariodelujan.com\/xdeporte\/wp-json\/wp\/v2\/media?parent=17378"}],"wp:term":[{"taxonomy":"category","embeddable":true,"href":"https:\/\/diariodelujan.com\/xdeporte\/wp-json\/wp\/v2\/categories?post=17378"},{"taxonomy":"post_tag","embeddable":true,"href":"https:\/\/diariodelujan.com\/xdeporte\/wp-json\/wp\/v2\/tags?post=17378"}],"curies":[{"name":"wp","href":"https:\/\/api.w.org\/{rel}","templated":true}]}}