{"id":17384,"date":"2025-12-03T08:32:00","date_gmt":"2025-12-03T11:32:00","guid":{"rendered":"https:\/\/diariodelujan.com\/xdeporte\/?p=17384"},"modified":"2025-12-03T08:56:00","modified_gmt":"2025-12-03T11:56:00","slug":"luto-por-fallecimiento-de-fredes","status":"publish","type":"post","link":"https:\/\/diariodelujan.com\/xdeporte\/luto-por-fallecimiento-de-fredes\/","title":{"rendered":"Luto en el F\u00fatbol por la muerte de Santiago &#8220;El Pulga&#8221; Fredes, DT del Club Luj\u00e1n"},"content":{"rendered":"<p data-path-to-node=\"1\"><span style=\"font-family: georgia, palatino, serif; font-size: 18px;\"><em>El Club Luj\u00e1n y todo el f\u00fatbol de ascenso argentino est\u00e1n de luto tras conocerse la noticia del fallecimiento de <b>Santiago &#8220;El Pulga&#8221; Fredes, <\/b>quien se encontraba internado v\u00edctima de<span style=\"font-family: georgia, palatino, serif; font-size: 18px;\">l\u00a0<\/span>s\u00edndrome de Guillain-Barr\u00e9<\/em><\/span><\/p>\n<p data-path-to-node=\"1\"><!--more--><\/p>\n<p data-path-to-node=\"1\">El joven director t\u00e9cnico, de apenas 35 a\u00f1os, fue declarado con muerte cerebral este martes, luego de una semana de internaci\u00f3n tras sufrir una descompensaci\u00f3n repentina durante un partido amistoso.<\/p>\n<p data-path-to-node=\"2\">La causa de su tr\u00e1gico deceso fue una <b>rara y compleja enfermedad autoinmune<\/b>, un trastorno neurol\u00f3gico que atac\u00f3 su sistema nervioso perif\u00e9rico y r\u00e1pidamente comprometi\u00f3 sus funciones vitales, dejando una huella imborrable como jugador, formador y entrenador del &#8220;Lujanero&#8221;. La familia, en un acto de profunda generosidad, decidi\u00f3 honrar su memoria a trav\u00e9s de la donaci\u00f3n de \u00f3rganos.<\/p>\n<h3 data-path-to-node=\"4\"><strong>La Batalla de Fredes Contra una Enfermedad Autoinmune<\/strong><\/h3>\n<p data-path-to-node=\"5\">La situaci\u00f3n de Santiago <a href=\"https:\/\/diariodelujan.com\/preocupa-la-salud-de-fredes\/\"><b>Fredes<\/b> <\/a>se precipit\u00f3 la semana pasada. Una consulta m\u00e9dica inicial, luego de un malestar sufrido en un encuentro contra J.J. Urquiza, deriv\u00f3 en un complejo diagn\u00f3stico que exigi\u00f3 su internaci\u00f3n autom\u00e1tica en terapia intensiva en el Hospital Austral de Pilar.<\/p>\n<p data-path-to-node=\"6\">El diagn\u00f3stico revel\u00f3 un <b>trastorno neurol\u00f3gico autoinmune poco com\u00fan<\/b>, donde el propio sistema inmunitario del cuerpo ataca por error el sistema nervioso perif\u00e9rico. Este ataque causa r\u00e1pidamente debilidad muscular y par\u00e1lisis. En el caso de <b>Fredes<\/b>, el trastorno afect\u00f3 directamente a su sistema respiratorio, oblig\u00e1ndolo a permanecer con asistencia mec\u00e1nica.<\/p>\n<p data-path-to-node=\"7\">A pesar de la lucha de los profesionales y la fuerza del joven entrenador, su estado empeor\u00f3 en la ma\u00f1ana de este martes, llevando a que fuera declarado con muerte cerebral y una situaci\u00f3n irreversible. Allegados, dirigentes e hinchas se acercaron al hospital para despedirse.<\/p>\n<p data-path-to-node=\"8\">Pasado el mediod\u00eda, la noticia comenz\u00f3 a circular, y las redes sociales se llenaron de mensajes de despedida. Sin embargo, <b>Fredes<\/b> permaneci\u00f3 conectado al respirador hasta la noche, a la espera de los receptores de sus \u00f3rganos, un \u00faltimo acto de vida y generosidad decidido por su familia.<\/p>\n<p data-path-to-node=\"8\"><a href=\"https:\/\/diariodelujan.com\/wp-content\/uploads\/2025\/12\/Fredes.webp\"><img loading=\"lazy\" decoding=\"async\" class=\"alignnone size-full wp-image-36014\" src=\"https:\/\/diariodelujan.com\/wp-content\/uploads\/2025\/12\/Fredes.webp\" alt=\"Luto por el fallecimiento de Fredes\" width=\"702\" height=\"878\" title=\"\"><\/a><\/p>\n<h3 data-path-to-node=\"10\"><strong>Una Trayectoria Marcada por el Sentido de Pertenencia<\/strong><\/h3>\n<p data-path-to-node=\"11\">Santiago <b>Fredes<\/b>, nacido el 7 de marzo de 1990, estaba radicado en el barrio San Emilio. Su conexi\u00f3n con el Club Luj\u00e1n era profunda: su infancia transcurri\u00f3 justo frente al predio que en aquel entonces estaba naciendo.<\/p>\n<p data-path-to-node=\"12\">Formado en la Escuela C\u00e9sar Luis Menotti, realiz\u00f3 inferiores en V\u00e9lez Sarsfield y tuvo pasos por Flandria, Excursionistas y Defensores Unidos de Z\u00e1rate, pero su coraz\u00f3n siempre estuvo en el &#8220;Lujanero&#8221;. Dos momentos de su carrera como jugador quedaron grabados en la historia del club:<\/p>\n<ol start=\"1\" data-path-to-node=\"13\">\n<li>\n<p data-path-to-node=\"13,0,0\"><b>El Penal a Flandria:<\/b> Un penal convertido en la Copa Argentina en el Estadio Carlos V.<\/p>\n<\/li>\n<li>\n<p data-path-to-node=\"13,1,0\"><b>El Gol a Alem:<\/b> El famoso golazo que marc\u00f3 en el estadio de Almagro, el cual no solo salv\u00f3 al Lujanero del descenso, sino que conden\u00f3 a San Miguel a la Primera D.<\/p>\n<\/li>\n<\/ol>\n<p data-path-to-node=\"14\">Tras retirarse, y luego de trabajar en las inferiores, asumi\u00f3 la conducci\u00f3n t\u00e9cnica del primer equipo este mismo a\u00f1o. En su breve pero exitoso ciclo como DT, <b>Fredes<\/b> logr\u00f3 una gran segunda mitad de temporada, metiendo al equipo en la lucha por el ascenso y promoviendo exitosamente a varios juveniles de las inferiores a la Primera Divisi\u00f3n.<\/p>\n<p data-path-to-node=\"15\">El <a href=\"https:\/\/clublujan.com.ar\/\" target=\"_blank\" rel=\"noopener\">Club Luj\u00e1n<\/a>, a trav\u00e9s de un emotivo comunicado, destac\u00f3 la huella imborrable que deja <b>Fredes<\/b> &#8220;como jugador, entrenador y formador&#8221;, resaltando su &#8220;entrega, su pasi\u00f3n, su sentido de pertenencia y su calidad humana&#8221;. La donaci\u00f3n de sus \u00f3rganos cierra su vida terrenal con un legado de profundo amor.<\/p>\n","protected":false},"excerpt":{"rendered":"<p>El Club Luj\u00e1n y todo el f\u00fatbol de ascenso argentino est\u00e1n de luto tras conocerse la noticia del fallecimiento de Santiago &#8220;El Pulga&#8221; Fredes, quien se encontraba internado v\u00edctima del\u00a0s\u00edndrome de Guillain-Barr\u00e9<\/p>\n","protected":false},"author":4,"featured_media":17385,"comment_status":"closed","ping_status":"closed","sticky":false,"template":"","format":"standard","meta":{"tdm_status":"","tdm_grid_status":"","footnotes":""},"categories":[8,2],"tags":[175,553],"class_list":{"0":"post-17384","1":"post","2":"type-post","3":"status-publish","4":"format-standard","5":"has-post-thumbnail","7":"category-futbol","8":"category-featured","9":"tag-club-lujan","10":"tag-santiago-fredes"},"_links":{"self":[{"href":"https:\/\/diariodelujan.com\/xdeporte\/wp-json\/wp\/v2\/posts\/17384","targetHints":{"allow":["GET"]}}],"collection":[{"href":"https:\/\/diariodelujan.com\/xdeporte\/wp-json\/wp\/v2\/posts"}],"about":[{"href":"https:\/\/diariodelujan.com\/xdeporte\/wp-json\/wp\/v2\/types\/post"}],"author":[{"embeddable":true,"href":"https:\/\/diariodelujan.com\/xdeporte\/wp-json\/wp\/v2\/users\/4"}],"replies":[{"embeddable":true,"href":"https:\/\/diariodelujan.com\/xdeporte\/wp-json\/wp\/v2\/comments?post=17384"}],"version-history":[{"count":3,"href":"https:\/\/diariodelujan.com\/xdeporte\/wp-json\/wp\/v2\/posts\/17384\/revisions"}],"predecessor-version":[{"id":17388,"href":"https:\/\/diariodelujan.com\/xdeporte\/wp-json\/wp\/v2\/posts\/17384\/revisions\/17388"}],"wp:featuredmedia":[{"embeddable":true,"href":"https:\/\/diariodelujan.com\/xdeporte\/wp-json\/wp\/v2\/media\/17385"}],"wp:attachment":[{"href":"https:\/\/diariodelujan.com\/xdeporte\/wp-json\/wp\/v2\/media?parent=17384"}],"wp:term":[{"taxonomy":"category","embeddable":true,"href":"https:\/\/diariodelujan.com\/xdeporte\/wp-json\/wp\/v2\/categories?post=17384"},{"taxonomy":"post_tag","embeddable":true,"href":"https:\/\/diariodelujan.com\/xdeporte\/wp-json\/wp\/v2\/tags?post=17384"}],"curies":[{"name":"wp","href":"https:\/\/api.w.org\/{rel}","templated":true}]}}