{"id":17405,"date":"2025-12-04T12:44:22","date_gmt":"2025-12-04T15:44:22","guid":{"rendered":"https:\/\/diariodelujan.com\/xdeporte\/?p=17405"},"modified":"2025-12-04T12:56:05","modified_gmt":"2025-12-04T15:56:05","slug":"final-electrizante-de-los-blindados","status":"publish","type":"post","link":"https:\/\/diariodelujan.com\/xdeporte\/final-electrizante-de-los-blindados\/","title":{"rendered":"Hallberg se coron\u00f3 en una final electrizante de los Blindados"},"content":{"rendered":"<p><span style=\"font-family: georgia, palatino, serif; font-size: 18px;\"><em>En el Circuito Fiorano Vianini, totalmente renovado, Pompi Hallberg se adjudic\u00f3 la \u00faltima fecha de los Blindados con una actuaci\u00f3n sobresaliente. Pav\u00e1n y Pe\u00f1agaricano completaron el podio tras una competencia vibrante.<\/em><\/span><\/p>\n<p><!--more--><\/p>\n<p>La \u00faltima fecha del a\u00f1o de los Blindados dej\u00f3 emociones de principio a fin en la renovada pista del Circuito Fiorano Vianini, ubicado en el predio de la <a href=\"https:\/\/www.facebook.com\/italianapilar\/?locale=es_LA\" target=\"_blank\" rel=\"noopener\">Asociaci\u00f3n Italiana de Pilar<\/a>.<\/p>\n<p><a href=\"https:\/\/diariodelujan.com\/wp-content\/uploads\/2025\/12\/BLINDADO-ULTIMA-2025-DE.webp\"><img loading=\"lazy\" decoding=\"async\" class=\"alignnone size-full wp-image-36127\" src=\"https:\/\/diariodelujan.com\/wp-content\/uploads\/2025\/12\/BLINDADO-ULTIMA-2025-DE.webp\" alt=\"Blindados \u00faltima fecha\" width=\"954\" height=\"565\" title=\"\"><\/a><\/p>\n<p>En un trazado que volvi\u00f3 a destacarse por su impecable estado, los principales pilotos de la categor\u00eda brindaron una definici\u00f3n electrizante que cerr\u00f3 la temporada con nivel competitivo y excelente convocatoria.<\/p>\n<p>Pompi Hallberg fue el gran protagonista de la jornada. Con una performance s\u00f3lida, veloz y sostenida, se qued\u00f3 con la victoria tras marcar un registro final de <strong>91.28 vueltas<\/strong>, cifra que ratific\u00f3 su contundencia en cada serie.<\/p>\n<h3>Podio ajustado en la \u00faltima fecha de los blindados<\/h3>\n<p>El segundo puesto qued\u00f3 en manos de <strong>Alejandro Pav\u00e1n<\/strong>, quien con <strong>91.07 vueltas<\/strong> protagoniz\u00f3 una de sus mejores actuaciones del a\u00f1o, regresando a los primeros planos de la categor\u00eda. Muy cerca se ubic\u00f3 <strong>Horacio Pe\u00f1agaricano<\/strong>, quien complet\u00f3 el podio con <strong>87.83 vueltas<\/strong>, consolidando una participaci\u00f3n firme y recuperando protagonismo en el campeonato.<\/p>\n<h3>Clasificaci\u00f3n pareja<\/h3>\n<p>La previa hab\u00eda anticipado una final de alto nivel. En las pruebas de clasificaci\u00f3n, <strong>Pav\u00e1n<\/strong> domin\u00f3 con un crono de <strong>5.79<\/strong>, seguido por <strong>Hallberg (5.63)<\/strong> y <strong>Dardo Mica (5.43)<\/strong>, registros que confirmaron el equilibrio entre los principales referentes.<\/p>\n<p><a href=\"https:\/\/diariodelujan.com\/wp-content\/uploads\/2025\/12\/BLINDADO-ULTIMA-2025-F.webp\"><img loading=\"lazy\" decoding=\"async\" class=\"alignnone size-full wp-image-36128\" src=\"https:\/\/diariodelujan.com\/wp-content\/uploads\/2025\/12\/BLINDADO-ULTIMA-2025-F.webp\" alt=\"Blindados \u00faltima fecha\" width=\"1003\" height=\"890\" title=\"\"><\/a><\/p>\n<h3>Rendimientos destacados en pista<\/h3>\n<p>Detr\u00e1s del tr\u00edo de punta, el cuarto lugar fue para <strong>Dardo Mica<\/strong>, que complet\u00f3 <strong>86.72 vueltas<\/strong>, superando a <strong>Edgardo Nu\u00f1ez<\/strong>, piloto de Tigre, quien cerr\u00f3 con <strong>84.63 giros<\/strong>.<br \/>\nM\u00e1s atr\u00e1s se ubicaron <strong>Juan Carlos Pecenko (83.14)<\/strong> y <strong>Oscar Romano (78.52)<\/strong>, ambos cumpliendo un papel destacado en una competencia exigente.<\/p>\n<h3>Organizaci\u00f3n y reconocimiento<\/h3>\n<p>El evento volvi\u00f3 a poner en valor el trabajo sostenido en el Circuito Fiorano Vianini, que una vez m\u00e1s present\u00f3 una pista en condiciones \u00f3ptimas, favoreciendo el espect\u00e1culo. Los pilotos y asistentes subrayaron la tarea de la organizaci\u00f3n, especialmente la del Comisario T\u00e9cnico y Deportivo, <strong>Jorge Cappelletti<\/strong>, cuyo compromiso y dedicaci\u00f3n fortalecen el crecimiento de la categor\u00eda y del automodelismo slot local.<\/p>\n<p>La \u00faltima fecha de los <a href=\"https:\/\/diariodelujan.com\/blindados-en-el-circuito-fiorano-vianini\/\">Blindados<\/a> no solo consolid\u00f3 a Hallberg como protagonista del a\u00f1o en el automodelismo zonal, sino que reafirm\u00f3 el excelente momento del automodelismo en la regi\u00f3n, impulsado por la calidad de la pista, la competitividad y la pasi\u00f3n de cada uno de sus participantes.<\/p>\n<p><em>Con informaci\u00f3n de<a href=\"http:\/\/autoshowslot.blogspot.com\/\" target=\"_blank\" rel=\"noopener\"> AutoShowSlot<\/a><\/em><\/p>\n","protected":false},"excerpt":{"rendered":"<p>En el Circuito Fiorano Vianini, totalmente renovado, Pompi Hallberg se adjudic\u00f3 la \u00faltima fecha de los Blindados con una actuaci\u00f3n sobresaliente. Pav\u00e1n y Pe\u00f1agaricano completaron el podio tras una competencia vibrante.<\/p>\n","protected":false},"author":4,"featured_media":16198,"comment_status":"closed","ping_status":"closed","sticky":false,"template":"","format":"standard","meta":{"tdm_status":"","tdm_grid_status":"","footnotes":""},"categories":[20,2],"tags":[19,452],"class_list":{"0":"post-17405","1":"post","2":"type-post","3":"status-publish","4":"format-standard","5":"has-post-thumbnail","7":"category-automodelismo","8":"category-featured","9":"tag-automodelismo","10":"tag-blindados"},"_links":{"self":[{"href":"https:\/\/diariodelujan.com\/xdeporte\/wp-json\/wp\/v2\/posts\/17405","targetHints":{"allow":["GET"]}}],"collection":[{"href":"https:\/\/diariodelujan.com\/xdeporte\/wp-json\/wp\/v2\/posts"}],"about":[{"href":"https:\/\/diariodelujan.com\/xdeporte\/wp-json\/wp\/v2\/types\/post"}],"author":[{"embeddable":true,"href":"https:\/\/diariodelujan.com\/xdeporte\/wp-json\/wp\/v2\/users\/4"}],"replies":[{"embeddable":true,"href":"https:\/\/diariodelujan.com\/xdeporte\/wp-json\/wp\/v2\/comments?post=17405"}],"version-history":[{"count":1,"href":"https:\/\/diariodelujan.com\/xdeporte\/wp-json\/wp\/v2\/posts\/17405\/revisions"}],"predecessor-version":[{"id":17406,"href":"https:\/\/diariodelujan.com\/xdeporte\/wp-json\/wp\/v2\/posts\/17405\/revisions\/17406"}],"wp:featuredmedia":[{"embeddable":true,"href":"https:\/\/diariodelujan.com\/xdeporte\/wp-json\/wp\/v2\/media\/16198"}],"wp:attachment":[{"href":"https:\/\/diariodelujan.com\/xdeporte\/wp-json\/wp\/v2\/media?parent=17405"}],"wp:term":[{"taxonomy":"category","embeddable":true,"href":"https:\/\/diariodelujan.com\/xdeporte\/wp-json\/wp\/v2\/categories?post=17405"},{"taxonomy":"post_tag","embeddable":true,"href":"https:\/\/diariodelujan.com\/xdeporte\/wp-json\/wp\/v2\/tags?post=17405"}],"curies":[{"name":"wp","href":"https:\/\/api.w.org\/{rel}","templated":true}]}}