{"id":17413,"date":"2025-12-07T20:45:52","date_gmt":"2025-12-07T23:45:52","guid":{"rendered":"https:\/\/diariodelujan.com\/xdeporte\/?p=17413"},"modified":"2025-12-07T20:53:14","modified_gmt":"2025-12-07T23:53:14","slug":"mundial-2026-sorteo-fixture","status":"publish","type":"post","link":"https:\/\/diariodelujan.com\/xdeporte\/mundial-2026-sorteo-fixture\/","title":{"rendered":"El mundial 2026 ya tiene fechas, sedes y el camino de Argentina"},"content":{"rendered":"<p><span style=\"font-family: georgia, palatino, serif; font-size: 18px;\"><em>Esta semana se oficializ\u00f3 el cronograma completo del Mundial 2026 que comenzar\u00e1 el 11 de junio y finalizar\u00e1 el 19 de julio. Argentina debutar\u00e1 ante Argelia y buscar\u00e1 defender el t\u00edtulo logrado en 2022.<\/em><\/span><\/p>\n<p><!--more--><\/p>\n<p>La <a href=\"https:\/\/www.fifa.com\/es\" target=\"_blank\" rel=\"noopener\">FIFA<\/a> dio a conocer el detalle completo de fechas, horarios y estadios para la pr\u00f3xima Copa del Mundo, que tendr\u00e1 lugar en tres pa\u00edses y marcar\u00e1 un r\u00e9cord de partidos y participantes. Tras el sorteo de grupos realizado este viernes, qued\u00f3 definido el extenso cronograma que atravesar\u00e1 40 d\u00edas de competencia en una geograf\u00eda in\u00e9dita y con desplazamientos m\u00e1s largos que en cualquier edici\u00f3n previa.<\/p>\n<p>El <strong>11 de junio<\/strong>, en el hist\u00f3rico Estadio Azteca de Ciudad de M\u00e9xico, se celebrar\u00e1 el partido inaugural entre el anfitri\u00f3n M\u00e9xico y Sud\u00e1frica. Ser\u00e1 el punto de partida del <strong>mundial 2026<\/strong>, el primero organizado por tres naciones y tambi\u00e9n el primero con un formato ampliado.<\/p>\n<p><a href=\"https:\/\/diariodelujan.com\/xdeporte\/wp-content\/uploads\/2025\/12\/fixture-mundial-2026.webp\"><img loading=\"lazy\" decoding=\"async\" class=\"aligncenter size-full wp-image-17417\" src=\"https:\/\/diariodelujan.com\/xdeporte\/wp-content\/uploads\/2025\/12\/fixture-mundial-2026.webp\" alt=\"fixture mundial 2026\" width=\"800\" height=\"1200\" title=\"\" srcset=\"https:\/\/diariodelujan.com\/xdeporte\/wp-content\/uploads\/2025\/12\/fixture-mundial-2026.webp 800w, https:\/\/diariodelujan.com\/xdeporte\/wp-content\/uploads\/2025\/12\/fixture-mundial-2026-200x300.webp 200w, https:\/\/diariodelujan.com\/xdeporte\/wp-content\/uploads\/2025\/12\/fixture-mundial-2026-683x1024.webp 683w, https:\/\/diariodelujan.com\/xdeporte\/wp-content\/uploads\/2025\/12\/fixture-mundial-2026-768x1152.webp 768w, https:\/\/diariodelujan.com\/xdeporte\/wp-content\/uploads\/2025\/12\/fixture-mundial-2026-280x420.webp 280w, https:\/\/diariodelujan.com\/xdeporte\/wp-content\/uploads\/2025\/12\/fixture-mundial-2026-696x1044.webp 696w\" sizes=\"auto, (max-width: 800px) 100vw, 800px\" \/><\/a><\/p>\n<p>La final est\u00e1 programada para el <strong>19 de julio<\/strong>, en el imponente Nueva York Stadium, escenario elegido para coronar al pr\u00f3ximo campe\u00f3n del planeta.<\/p>\n<h3><strong>El camino argentino rumbo a la defensa del t\u00edtulo<\/strong><\/h3>\n<p>La Selecci\u00f3n argentina comenzar\u00e1 su participaci\u00f3n en el <strong>Grupo J<\/strong>, donde enfrentar\u00e1 a Argelia, Austria y Jordania en tres ciudades distintas de Estados Unidos. Se trata del primer Mundial en el que podr\u00e1 defender la corona obtenida en Qatar 2022, con un plantel que llegar\u00e1 renovado pero con las expectativas intactas.<\/p>\n<p><strong>Primer partido \u2013 16 de junio, 22:00<\/strong><br \/>\nArgentina debutar\u00e1 ante Argelia en el <strong>Kansas City Stadium<\/strong>, un escenario moderno que recibir\u00e1 a miles de hinchas albicelestes dispuestos a acompa\u00f1ar el estreno del campe\u00f3n vigente.<\/p>\n<p><strong>Segundo partido \u2013 22 de junio, 14:00<\/strong><br \/>\nEl segundo compromiso ser\u00e1 frente a Austria en el <strong>Dallas Stadium<\/strong>, en un horario at\u00edpico para el p\u00fablico latinoamericano pero con una capacidad que promete un marco multitudinario.<\/p>\n<p><strong>Tercer partido \u2013 27 de junio, 23:00<\/strong><br \/>\nLa fase de grupos se cerrar\u00e1 ante Jordania, nuevamente en Estados Unidos pero esta vez en Kansas, en una jornada de <a href=\"https:\/\/diariodelujan.com\/luto-por-fallecimiento-de-fredes\/\">f\u00fatbol<\/a> que podr\u00eda definir posiciones clave para la clasificaci\u00f3n a octavos.<\/p>\n<h3><strong>Mundial 2026: Sedes y horarios<\/strong><\/h3>\n<p>El Mundial 2026 tendr\u00e1 actividad diaria desde el 11 de junio, con m\u00faltiples partidos distribuidos en sedes ubicadas en Estados Unidos, M\u00e9xico y Canad\u00e1. A continuaci\u00f3n, una s\u00edntesis destacada de las primeras jornadas:<\/p>\n<h3>Inicio electrizante<\/h3>\n<ul>\n<li><strong>11 de junio<\/strong>\n<ul>\n<li>16:00 \u2013 M\u00e9xico vs. Sud\u00e1frica (Grupo A, Estadio Azteca)<\/li>\n<li>23:00 \u2013 Corea del Sur vs. Europa D (Guadalajara)<\/li>\n<\/ul>\n<\/li>\n<li><strong>12 de junio<\/strong>\n<ul>\n<li>16:00 \u2013 Canad\u00e1 vs. Europa A (Toronto)<\/li>\n<li>22:00 \u2013 Estados Unidos vs. Paraguay (Los \u00c1ngeles)<\/li>\n<\/ul>\n<\/li>\n<\/ul>\n<h3>Primer fin de semana mundialista<\/h3>\n<ul>\n<li><strong>13 de junio<\/strong>\n<ul>\n<li>Brasil iniciar\u00e1 su camino ante Marruecos en Boston.<\/li>\n<li>Hait\u00ed jugar\u00e1 ante Escocia en Nueva York.<\/li>\n<li>Australia debutar\u00e1 en Vancouver.<\/li>\n<\/ul>\n<\/li>\n<li><strong>14 de junio<\/strong>\n<ul>\n<li>Alemania vs. Curazao en Filadelfia.<\/li>\n<li>Pa\u00edses Bajos vs. Jap\u00f3n en Dallas.<\/li>\n<li>Ecuador vs. Costa de Marfil en Houston.<\/li>\n<\/ul>\n<\/li>\n<\/ul>\n<h3><a href=\"https:\/\/diariodelujan.com\/wp-content\/uploads\/2025\/12\/MUNDIAL_SORTEO.webp\"><img loading=\"lazy\" decoding=\"async\" class=\"alignnone size-full wp-image-36263\" src=\"https:\/\/diariodelujan.com\/wp-content\/uploads\/2025\/12\/MUNDIAL_SORTEO.webp\" alt=\"El mundial 2026 ya tiene fechas, sedes y el camino de Argentina\" width=\"1024\" height=\"685\" title=\"\"><\/a><\/h3>\n<h3><strong>Agenda para seguir a las potencias<\/strong><\/h3>\n<p>El calendario tambi\u00e9n dej\u00f3 confirmados los primeros compromisos de las principales selecciones:<\/p>\n<ul>\n<li><strong>Francia<\/strong>, l\u00edder europeo, debutar\u00e1 el 16 de junio ante Senegal en Nueva York.<\/li>\n<li><strong>Espa\u00f1a<\/strong> har\u00e1 su estreno el 15 de junio frente a Cabo Verde en Miami.<\/li>\n<li><strong>Brasil<\/strong> tendr\u00e1 su segundo duelo el 19 de junio ante Hait\u00ed.<\/li>\n<li><strong>Inglaterra<\/strong> jugar\u00e1 el 17 su esperado choque ante Croacia.<\/li>\n<li><strong>Portugal<\/strong> se presentar\u00e1 el 17 ante el ganador del repechaje 1.<\/li>\n<\/ul>\n<h3><strong>Argentina, los rivales y las fechas clave<\/strong><\/h3>\n<p>El Grupo J ser\u00e1 uno de los m\u00e1s observados, dado que incluye al campe\u00f3n defensor. Adem\u00e1s del debut ante Argelia, la Albiceleste deber\u00e1 enfrentar distintos estilos de juego:<\/p>\n<ul>\n<li><strong>Austria<\/strong>, un rival europeo ordenado y de buen ritmo, con antecedentes recientes de crecimiento competitivo.<\/li>\n<li><strong>Jordania<\/strong>, una selecci\u00f3n que llega desde Asia y que suele presentar planteos t\u00e1cticos compactos.<\/li>\n<\/ul>\n<p>La ubicaci\u00f3n final en el grupo condicionar\u00e1 el cuadro de octavos y la posible ruta hacia los cruces decisivos, donde podr\u00edan aparecer selecciones de gran peso como Portugal, Inglaterra o Alemania.<\/p>\n<h3><strong>Camino hacia la final: etapas eliminatorias<\/strong><\/h3>\n<p>A partir del <strong>28 de junio<\/strong>, comenzar\u00e1n los dieciseisavos de final, una fase nueva incorporada debido al incremento de equipos. All\u00ed se enfrentar\u00e1n segundos, terceros y primeros de grupo seg\u00fan el orden definido por la FIFA.<\/p>\n<p>Los <strong>octavos<\/strong> se jugar\u00e1n entre el 4 y el 7 de julio, mientras que los <strong>cuartos<\/strong> tendr\u00e1n lugar del 9 al 11. Las semifinales se disputar\u00e1n el <strong>14 y 15 de julio<\/strong>, abriendo paso a la definici\u00f3n del campeonato:<\/p>\n<ul>\n<li><strong>Final \u2013 19 de julio, 16:00 \u2013 Nueva York Stadium<\/strong><\/li>\n<\/ul>\n<p>Ser\u00e1 el encuentro m\u00e1s esperado del calendario global, y marcar\u00e1 el cierre de un torneo que promete ser hist\u00f3rico en organizaci\u00f3n, magnitud y repercusi\u00f3n.<\/p>\n","protected":false},"excerpt":{"rendered":"<p>Esta semana se oficializ\u00f3 el cronograma completo del Mundial 2026 que comenzar\u00e1 el 11 de junio y finalizar\u00e1 el 19 de julio. Argentina debutar\u00e1 ante Argelia y buscar\u00e1 defender el t\u00edtulo logrado en 2022.<\/p>\n","protected":false},"author":4,"featured_media":17414,"comment_status":"closed","ping_status":"closed","sticky":false,"template":"","format":"standard","meta":{"tdm_status":"","tdm_grid_status":"","footnotes":""},"categories":[2,8],"tags":[413,173,268],"class_list":{"0":"post-17413","1":"post","2":"type-post","3":"status-publish","4":"format-standard","5":"has-post-thumbnail","7":"category-featured","8":"category-futbol","9":"tag-fixture","10":"tag-futbol","11":"tag-mundial"},"_links":{"self":[{"href":"https:\/\/diariodelujan.com\/xdeporte\/wp-json\/wp\/v2\/posts\/17413","targetHints":{"allow":["GET"]}}],"collection":[{"href":"https:\/\/diariodelujan.com\/xdeporte\/wp-json\/wp\/v2\/posts"}],"about":[{"href":"https:\/\/diariodelujan.com\/xdeporte\/wp-json\/wp\/v2\/types\/post"}],"author":[{"embeddable":true,"href":"https:\/\/diariodelujan.com\/xdeporte\/wp-json\/wp\/v2\/users\/4"}],"replies":[{"embeddable":true,"href":"https:\/\/diariodelujan.com\/xdeporte\/wp-json\/wp\/v2\/comments?post=17413"}],"version-history":[{"count":3,"href":"https:\/\/diariodelujan.com\/xdeporte\/wp-json\/wp\/v2\/posts\/17413\/revisions"}],"predecessor-version":[{"id":17418,"href":"https:\/\/diariodelujan.com\/xdeporte\/wp-json\/wp\/v2\/posts\/17413\/revisions\/17418"}],"wp:featuredmedia":[{"embeddable":true,"href":"https:\/\/diariodelujan.com\/xdeporte\/wp-json\/wp\/v2\/media\/17414"}],"wp:attachment":[{"href":"https:\/\/diariodelujan.com\/xdeporte\/wp-json\/wp\/v2\/media?parent=17413"}],"wp:term":[{"taxonomy":"category","embeddable":true,"href":"https:\/\/diariodelujan.com\/xdeporte\/wp-json\/wp\/v2\/categories?post=17413"},{"taxonomy":"post_tag","embeddable":true,"href":"https:\/\/diariodelujan.com\/xdeporte\/wp-json\/wp\/v2\/tags?post=17413"}],"curies":[{"name":"wp","href":"https:\/\/api.w.org\/{rel}","templated":true}]}}