{"id":17454,"date":"2025-12-17T15:30:04","date_gmt":"2025-12-17T18:30:04","guid":{"rendered":"https:\/\/diariodelujan.com\/xdeporte\/?p=17454"},"modified":"2025-12-17T15:30:04","modified_gmt":"2025-12-17T18:30:04","slug":"cierre-anual-basquet","status":"publish","type":"post","link":"https:\/\/diariodelujan.com\/xdeporte\/cierre-anual-basquet\/","title":{"rendered":"La Escuela Municipal de B\u00e1squet realiz\u00f3 su cierre anual"},"content":{"rendered":"<p><span style=\"font-family: georgia, palatino, serif; font-size: 18px;\"><em>M\u00e1s de 120 deportistas participaron del cierre anual de la Escuela Municipal de B\u00e1squet, que se realiz\u00f3 este lunes por la tarde en las canchas p\u00fablicas del Parque San Mart\u00edn.<\/em><\/span><\/p>\n<p><!--more--><\/p>\n<p>[dropcap]L[\/dropcap]a actividad convoc\u00f3 a los jugadores de todas las categor\u00edas disponibles: Mosquitos (5 a 7 a\u00f1os), Pre Mini (8 y 9 a\u00f1os), Mini (10 y 11 a\u00f1os), U13 (12 y 13 a\u00f1os), U15 (14 y 15 a\u00f1os), U17 (16 y 17 a\u00f1os) y Primera (mayores de 18 a\u00f1os), que participaron en distintas actividades deportivas y partidos de exhibici\u00f3n.<\/p>\n<p>\u201cEste momento tan significativo que estamos compartiendo juntos a los chicos y las familias es el resultado de la decisi\u00f3n pol\u00edtica del Intendente Leonardo Boto, que asumi\u00f3 el compromiso de promover el deporte como herramienta de inclusi\u00f3n, de aprendizaje y de formaci\u00f3n en valores.<br \/>\nA partir de esta decisi\u00f3n primero se concret\u00f3 la construcci\u00f3n de estas canchas p\u00fablicas, una infraestructura necesaria y largamente esperada por todos los aficionados al b\u00e1squet, despu\u00e9s vino la creaci\u00f3n de la Escuela Municipal, un espacio formativo, y finalmente este a\u00f1o el inicio de la Liga <a href=\"http:\/\/www.estacionlujan.com.ar\" target=\"_blank\" rel=\"noopener\">Municipal<\/a>, un \u00e1mbito de competencia. Felicitaciones al equipo de profesores, a todos los deportistas y a las familias por su apoyo permanente\u201d, se\u00f1al\u00f3 el Secretario de Desarrollo Humano, C\u00e9sar Siror.<\/p>\n<p>Luego se realiz\u00f3 la entrega de certificados individuales y reconocimientos a los dos equipos lujanenses de Primera que el fin de semana pasado lograron el primer y tercer puesto en la Liga Municipal de B\u00e1squet de Moreno.<\/p>\n<p>Asimismo, se destac\u00f3 la puesta en marcha de la Liga Municipal de <a href=\"https:\/\/diariodelujan.com\/xdeporte\/basquet-con-identidad-y-resultados\/\">B\u00e1squet<\/a> de Luj\u00e1n, que este a\u00f1o tuvo su primera edici\u00f3n con la participaci\u00f3n de cinco instituciones.<\/p>\n<p>La Escuela Municipal de B\u00e1squet es coordinada por Florencia Adorno y cuenta con un equipo docente integrado por Mayra Miranda, Brian Simonavicius, Juan Delfino, Gabriela Spindola, Juan Aroza y Nicol\u00e1s Miraca.<\/p>\n<p>La actividad tambi\u00e9n cont\u00f3 con la participaci\u00f3n del Director de Deportes, Gustavo Santill\u00e1n.<\/p>\n","protected":false},"excerpt":{"rendered":"<p>M\u00e1s de 120 deportistas participaron del cierre anual de la Escuela Municipal de B\u00e1squet, que se realiz\u00f3 este lunes por la tarde en las canchas p\u00fablicas del Parque San Mart\u00edn.<\/p>\n","protected":false},"author":4,"featured_media":17456,"comment_status":"closed","ping_status":"closed","sticky":false,"template":"","format":"standard","meta":{"tdm_status":"","tdm_grid_status":"","footnotes":""},"categories":[425,2],"tags":[564],"class_list":{"0":"post-17454","1":"post","2":"type-post","3":"status-publish","4":"format-standard","5":"has-post-thumbnail","7":"category-basquet","8":"category-featured","9":"tag-cierre-anual-basquet"},"_links":{"self":[{"href":"https:\/\/diariodelujan.com\/xdeporte\/wp-json\/wp\/v2\/posts\/17454","targetHints":{"allow":["GET"]}}],"collection":[{"href":"https:\/\/diariodelujan.com\/xdeporte\/wp-json\/wp\/v2\/posts"}],"about":[{"href":"https:\/\/diariodelujan.com\/xdeporte\/wp-json\/wp\/v2\/types\/post"}],"author":[{"embeddable":true,"href":"https:\/\/diariodelujan.com\/xdeporte\/wp-json\/wp\/v2\/users\/4"}],"replies":[{"embeddable":true,"href":"https:\/\/diariodelujan.com\/xdeporte\/wp-json\/wp\/v2\/comments?post=17454"}],"version-history":[{"count":1,"href":"https:\/\/diariodelujan.com\/xdeporte\/wp-json\/wp\/v2\/posts\/17454\/revisions"}],"predecessor-version":[{"id":17455,"href":"https:\/\/diariodelujan.com\/xdeporte\/wp-json\/wp\/v2\/posts\/17454\/revisions\/17455"}],"wp:featuredmedia":[{"embeddable":true,"href":"https:\/\/diariodelujan.com\/xdeporte\/wp-json\/wp\/v2\/media\/17456"}],"wp:attachment":[{"href":"https:\/\/diariodelujan.com\/xdeporte\/wp-json\/wp\/v2\/media?parent=17454"}],"wp:term":[{"taxonomy":"category","embeddable":true,"href":"https:\/\/diariodelujan.com\/xdeporte\/wp-json\/wp\/v2\/categories?post=17454"},{"taxonomy":"post_tag","embeddable":true,"href":"https:\/\/diariodelujan.com\/xdeporte\/wp-json\/wp\/v2\/tags?post=17454"}],"curies":[{"name":"wp","href":"https:\/\/api.w.org\/{rel}","templated":true}]}}