{"id":17567,"date":"2026-01-17T20:58:04","date_gmt":"2026-01-17T23:58:04","guid":{"rendered":"https:\/\/diariodelujan.com\/xdeporte\/?p=17567"},"modified":"2026-01-17T20:58:04","modified_gmt":"2026-01-17T23:58:04","slug":"benavides-historia-en-el-rally-dakar","status":"publish","type":"post","link":"https:\/\/diariodelujan.com\/xdeporte\/benavides-historia-en-el-rally-dakar\/","title":{"rendered":"Benavides hizo historia y gan\u00f3 el Rally Dakar por dos segundos"},"content":{"rendered":"<p><span style=\"font-family: georgia, palatino, serif; font-size: 18px;\"><em>Luciano Benavides conquist\u00f3 el Rally Dakar en motos con una definici\u00f3n hist\u00f3rica. Aprovech\u00f3 un error del l\u00edder y logr\u00f3 el primer triunfo argentino por apenas dos segundos.<\/em><\/span><\/p>\n<p><!--more--><\/p>\n<p>Argentina volvi\u00f3 a quedar en lo m\u00e1s alto del deporte motor mundial con una victoria hist\u00f3rica en el Rally Dakar. El salte\u00f1o Luciano Benavides se consagr\u00f3 campe\u00f3n en la categor\u00eda motos tras una definici\u00f3n in\u00e9dita, al imponerse por apenas dos segundos en la competencia m\u00e1s exigente del planeta.<\/p>\n<p>El piloto de <a href=\"https:\/\/ktmargentina.com.ar\/\" target=\"_blank\" rel=\"noopener\">KTM<\/a>, con el n\u00famero 77, logr\u00f3 su primer t\u00edtulo en el Dakar luego de capitalizar un error del estadounidense Ricky Brabec, quien lideraba la clasificaci\u00f3n general y se desorient\u00f3 a tan solo siete kil\u00f3metros de la meta. Ese desenlace inesperado le permiti\u00f3 a Benavides quedarse con una victoria que ya es considerada una de las m\u00e1s emocionantes en la historia de la prueba.<\/p>\n<h3><strong>Un Rally Dakar definido al l\u00edmite<\/strong><\/h3>\n<p>La consagraci\u00f3n de Benavides se produjo en el cierre de una competencia extrema disputada en Arabia Saudita, donde la navegaci\u00f3n, la resistencia f\u00edsica y la estrategia resultaron determinantes. La diferencia final de apenas dos segundos marc\u00f3 un desenlace sin precedentes en la categor\u00eda motos del Rally Dakar.<\/p>\n<blockquote class=\"twitter-tweet\" data-media-max-width=\"560\">\n<p dir=\"ltr\" lang=\"es\">\ud83c\udfc6 GANE \ud83c\udfc6<\/p>\n<p>No tengo palabras para describir lo que siento!! <a href=\"https:\/\/t.co\/x7I3MegWVs\">pic.twitter.com\/x7I3MegWVs<\/a><\/p>\n<p>\u2014 Luciano Benavides (@LBenavides77) <a href=\"https:\/\/twitter.com\/LBenavides77\/status\/2012477392485273722?ref_src=twsrc%5Etfw\" target=\"_blank\" rel=\"noopener\">January 17, 2026<\/a><\/p><\/blockquote>\n<p><script src=\"https:\/\/platform.twitter.com\/widgets.js\" async=\"\" charset=\"utf-8\"><\/script><\/p>\n<p>El error de Brabec en el tramo final result\u00f3 decisivo, pero desde el entorno del piloto argentino remarcaron que el triunfo fue consecuencia de una actuaci\u00f3n s\u00f3lida y constante a lo largo de toda la carrera, con especial foco en la precisi\u00f3n de la navegaci\u00f3n.<\/p>\n<h3><strong>Una apuesta personal antes de la largada<\/strong><\/h3>\n<p>El camino hacia el t\u00edtulo comenz\u00f3 incluso antes del inicio de la competencia. Luciano Benavides ten\u00eda programada una cirug\u00eda de rodilla que, en principio, le imped\u00eda participar del <a href=\"https:\/\/diariodelujan.com\/xdeporte\/hacen-historia-en-el-rally-dakar\/\">Rally Dakar<\/a> 2026. Sin embargo, decidi\u00f3 postergar la intervenci\u00f3n quir\u00fargica y realizar un tratamiento alternativo para poder llegar en condiciones a la exigente prueba en Medio Oriente.<\/p>\n<p>Esa decisi\u00f3n termin\u00f3 siendo clave para escribir una de las p\u00e1ginas m\u00e1s importantes de su carrera deportiva y del motociclismo argentino.<\/p>\n<h3><strong>Primeras palabras como campe\u00f3n<\/strong><\/h3>\n<p>Tras cruzar la meta y confirmar el t\u00edtulo, Benavides expres\u00f3 su emoci\u00f3n por el logro alcanzado. \u201cNo puedo creer lo que acaba de pasar. Hice el m\u00e1ximo hoy, confi\u00e9 en m\u00ed, navegu\u00e9 lo mejor que pude y Dios me ha dado esta victoria. Ten\u00eda que creerlo hasta el final. Es algo que no me voy a olvidar nunca en mi vida\u201d, se\u00f1al\u00f3.<\/p>\n<p>El piloto tambi\u00e9n destac\u00f3 la fortaleza mental que sostuvo durante toda la competencia y la convicci\u00f3n con la que encar\u00f3 cada etapa decisiva.<\/p>\n<p><a href=\"https:\/\/diariodelujan.com\/wp-content\/uploads\/2026\/01\/dakar.webp\"><img loading=\"lazy\" decoding=\"async\" class=\"alignnone size-full wp-image-37970\" src=\"https:\/\/diariodelujan.com\/wp-content\/uploads\/2026\/01\/dakar.webp\" alt=\"Rally Dakar\" width=\"885\" height=\"505\" title=\"\"><\/a><\/p>\n<h3><strong>Un logro familiar sin precedentes<\/strong><\/h3>\n<p>La consagraci\u00f3n tuvo adem\u00e1s un condimento especial para la familia Benavides. Luciano y su hermano Kevin quedaron en los libros de historia del Rally Dakar al convertirse en la primera dupla de hermanos en ganar una etapa el mismo d\u00eda, con Kevin compitiendo en la categor\u00eda Challenger de autos.<\/p>\n<blockquote class=\"twitter-tweet\" data-media-max-width=\"560\">\n<p dir=\"ltr\" lang=\"en\">2 SECONDS!!<br \/>\nLUCIANO BENAVIDES WINS DAKAR 2026 BY 2 SECONDS AHEAD OF RICKY BRABEC \ud83d\ude31<a href=\"https:\/\/twitter.com\/hashtag\/Dakar2026?src=hash&amp;ref_src=twsrc%5Etfw\" target=\"_blank\" rel=\"noopener\">#Dakar2026<\/a> <a href=\"https:\/\/twitter.com\/hashtag\/DakarInSaudi?src=hash&amp;ref_src=twsrc%5Etfw\" target=\"_blank\" rel=\"noopener\">#DakarInSaudi<\/a> <a href=\"https:\/\/t.co\/GOccU6HSt6\">pic.twitter.com\/GOccU6HSt6<\/a><\/p>\n<p>\u2014 DAKAR RALLY (@dakar) <a href=\"https:\/\/twitter.com\/dakar\/status\/2012441952889753748?ref_src=twsrc%5Etfw\" target=\"_blank\" rel=\"noopener\">January 17, 2026<\/a><\/p><\/blockquote>\n<p><script src=\"https:\/\/platform.twitter.com\/widgets.js\" async=\"\" charset=\"utf-8\"><\/script><\/p>\n<p>\u201cEs dif\u00edcil describir lo que acaba de pasar. Hoy di lo mejor de m\u00ed desde la partida hasta el final. Nunca dej\u00e9 de so\u00f1ar ni de creer. Sent\u00eda que era posible y empuj\u00e9 hasta el final\u201d, afirm\u00f3 Luciano, a\u00fan conmovido por el resultado.<\/p>\n<p>Con este triunfo, Argentina reafirma su protagonismo en el Rally Dakar y suma una nueva haza\u00f1a a su rica historia en el deporte motor internacional.<\/p>\n","protected":false},"excerpt":{"rendered":"<p>Luciano Benavides conquist\u00f3 el Rally Dakar en motos con una definici\u00f3n hist\u00f3rica. Aprovech\u00f3 un error del l\u00edder y logr\u00f3 el primer triunfo argentino por apenas dos segundos.<\/p>\n","protected":false},"author":4,"featured_media":17568,"comment_status":"closed","ping_status":"closed","sticky":false,"template":"","format":"standard","meta":{"tdm_status":"","tdm_grid_status":"","footnotes":""},"categories":[2,13],"tags":[578,577],"class_list":{"0":"post-17567","1":"post","2":"type-post","3":"status-publish","4":"format-standard","5":"has-post-thumbnail","7":"category-featured","8":"category-motor","9":"tag-luciano-benavides","10":"tag-rally-dakar"},"_links":{"self":[{"href":"https:\/\/diariodelujan.com\/xdeporte\/wp-json\/wp\/v2\/posts\/17567","targetHints":{"allow":["GET"]}}],"collection":[{"href":"https:\/\/diariodelujan.com\/xdeporte\/wp-json\/wp\/v2\/posts"}],"about":[{"href":"https:\/\/diariodelujan.com\/xdeporte\/wp-json\/wp\/v2\/types\/post"}],"author":[{"embeddable":true,"href":"https:\/\/diariodelujan.com\/xdeporte\/wp-json\/wp\/v2\/users\/4"}],"replies":[{"embeddable":true,"href":"https:\/\/diariodelujan.com\/xdeporte\/wp-json\/wp\/v2\/comments?post=17567"}],"version-history":[{"count":2,"href":"https:\/\/diariodelujan.com\/xdeporte\/wp-json\/wp\/v2\/posts\/17567\/revisions"}],"predecessor-version":[{"id":17570,"href":"https:\/\/diariodelujan.com\/xdeporte\/wp-json\/wp\/v2\/posts\/17567\/revisions\/17570"}],"wp:featuredmedia":[{"embeddable":true,"href":"https:\/\/diariodelujan.com\/xdeporte\/wp-json\/wp\/v2\/media\/17568"}],"wp:attachment":[{"href":"https:\/\/diariodelujan.com\/xdeporte\/wp-json\/wp\/v2\/media?parent=17567"}],"wp:term":[{"taxonomy":"category","embeddable":true,"href":"https:\/\/diariodelujan.com\/xdeporte\/wp-json\/wp\/v2\/categories?post=17567"},{"taxonomy":"post_tag","embeddable":true,"href":"https:\/\/diariodelujan.com\/xdeporte\/wp-json\/wp\/v2\/tags?post=17567"}],"curies":[{"name":"wp","href":"https:\/\/api.w.org\/{rel}","templated":true}]}}