{"id":17577,"date":"2026-01-19T12:21:52","date_gmt":"2026-01-19T15:21:52","guid":{"rendered":"https:\/\/diariodelujan.com\/xdeporte\/?p=17577"},"modified":"2026-01-19T12:21:52","modified_gmt":"2026-01-19T15:21:52","slug":"mundial-2026-por-tv-publica","status":"publish","type":"post","link":"https:\/\/diariodelujan.com\/xdeporte\/mundial-2026-por-tv-publica\/","title":{"rendered":"Argentina podr\u00e1 verse gratis en el Mundial 2026"},"content":{"rendered":"<p><span style=\"font-family: georgia, palatino, serif; font-size: 18px;\"><em>El Gobierno confirm\u00f3 que la TV P\u00fablica y Radio Nacional transmitir\u00e1n todos los partidos de la Selecci\u00f3n Argentina en el Mundial 2026 mediante un acuerdo comercial sin uso de impuestos.<\/em><\/span><\/p>\n<p><!--more--><\/p>\n<p>A pocos meses del inicio de la Copa del Mundo, el Gobierno nacional anunci\u00f3 que todos los partidos que dispute la Selecci\u00f3n Argentina en el Mundial 2026 podr\u00e1n verse y escucharse de manera gratuita a trav\u00e9s de la <a href=\"https:\/\/www.tvpublica.com.ar\/\" target=\"_blank\" rel=\"noopener\">Televisi\u00f3n P\u00fablica<\/a> y Radio Nacional.<\/p>\n<p>La confirmaci\u00f3n fue realizada este lunes por el vocero presidencial, Manuel Adorni, quien precis\u00f3 que la cobertura de la competencia se llevar\u00e1 adelante gracias a un acuerdo comercial que permitir\u00e1 afrontar el costo de los derechos de transmisi\u00f3n sin recurrir a fondos provenientes de los impuestos.<\/p>\n<p>Seg\u00fan lo informado oficialmente, la transmisi\u00f3n abarcar\u00e1 exclusivamente los encuentros que dispute la Selecci\u00f3n Argentina durante el torneo, en el que el equipo buscar\u00e1 defender el t\u00edtulo obtenido en Qatar 2022.<\/p>\n<p>El anuncio apunta a garantizar el acceso universal a uno de los eventos deportivos m\u00e1s relevantes a nivel global, en un contexto de fuerte debate sobre el financiamiento de los medios p\u00fablicos y el uso de recursos del Estado.<\/p>\n<p>\u201cGracias a un acuerdo comercial, el costo de los derechos de transmisi\u00f3n no ser\u00e1 afrontado con el dinero de los impuestos. Para todos, sin usar la plata de todos\u201d, expres\u00f3 Adorni en un mensaje difundido a trav\u00e9s de la red social X.<\/p>\n<p>El torneo se disputar\u00e1 entre el 11 de junio y el 19 de julio de 2026 y tendr\u00e1 como sedes a M\u00e9xico, Canad\u00e1 y Estados Unidos, en lo que ser\u00e1 la primera Copa del Mundo organizada de manera conjunta por tres pa\u00edses.<\/p>\n<p>El partido inaugural se jugar\u00e1 el jueves 11 de junio en el Estadio Azteca de la Ciudad de M\u00e9xico, mientras que la final est\u00e1 programada para el domingo 19 de julio en el MetLife Stadium, en Estados Unidos.<\/p>\n<p>Esta edici\u00f3n marcar\u00e1 adem\u00e1s un hito por la ampliaci\u00f3n del formato, con m\u00e1s selecciones participantes y una mayor cantidad de partidos a lo largo del certamen.<\/p>\n<h3>Transmisi\u00f3n del mundial 2026 sin fondos del Estado<\/h3>\n<p>Desde el Ejecutivo remarcaron que el esquema elegido busca evitar cuestionamientos sobre el uso de recursos p\u00fablicos para la transmisi\u00f3n de espect\u00e1culos deportivos, al tiempo que garantiza que los partidos de la Selecci\u00f3n Nacional lleguen a todo el pa\u00eds.<\/p>\n<p>La confirmaci\u00f3n oficial ratifica lo que el propio Adorni hab\u00eda anticipado meses atr\u00e1s, cuando hab\u00eda se\u00f1alado que los medios p\u00fablicos estaban avanzando en las gestiones necesarias para asegurar la transmisi\u00f3n del torneo.<\/p>\n<p>En aquella oportunidad, el vocero presidencial sostuvo que el objetivo era que \u201clos argentinos puedan ver el Mundial 2026 de la manera m\u00e1s eficiente posible\u201d, una meta que ahora qued\u00f3 formalmente respaldada con el anuncio del acuerdo comercial.<\/p>\n<h3>Expectativa por la defensa del t\u00edtulo<\/h3>\n<p>La decisi\u00f3n se conoce en un contexto de gran expectativa deportiva, ya que la Selecci\u00f3n Argentina de <a href=\"https:\/\/diariodelujan.com\/xdeporte\/futbol-de-ascenso-argentino\/\">f\u00fatbol<\/a> llegar\u00e1 al Mundial 2026 como campeona vigente y con la ilusi\u00f3n de repetir el logro.<\/p>\n<p>Con la confirmaci\u00f3n de la transmisi\u00f3n abierta de sus partidos, el Gobierno busca asegurar que millones de argentinos puedan seguir el desempe\u00f1o del equipo nacional en la m\u00e1xima cita del f\u00fatbol internacional.<\/p>\n","protected":false},"excerpt":{"rendered":"<p>El Gobierno confirm\u00f3 que la TV P\u00fablica y Radio Nacional transmitir\u00e1n todos los partidos de la Selecci\u00f3n Argentina en el Mundial 2026 mediante un acuerdo comercial sin uso de impuestos.<\/p>\n","protected":false},"author":4,"featured_media":17578,"comment_status":"closed","ping_status":"closed","sticky":false,"template":"","format":"standard","meta":{"tdm_status":"","tdm_grid_status":"","footnotes":""},"categories":[8,2],"tags":[569,173,268],"class_list":{"0":"post-17577","1":"post","2":"type-post","3":"status-publish","4":"format-standard","5":"has-post-thumbnail","7":"category-futbol","8":"category-featured","9":"tag-569","10":"tag-futbol","11":"tag-mundial"},"_links":{"self":[{"href":"https:\/\/diariodelujan.com\/xdeporte\/wp-json\/wp\/v2\/posts\/17577","targetHints":{"allow":["GET"]}}],"collection":[{"href":"https:\/\/diariodelujan.com\/xdeporte\/wp-json\/wp\/v2\/posts"}],"about":[{"href":"https:\/\/diariodelujan.com\/xdeporte\/wp-json\/wp\/v2\/types\/post"}],"author":[{"embeddable":true,"href":"https:\/\/diariodelujan.com\/xdeporte\/wp-json\/wp\/v2\/users\/4"}],"replies":[{"embeddable":true,"href":"https:\/\/diariodelujan.com\/xdeporte\/wp-json\/wp\/v2\/comments?post=17577"}],"version-history":[{"count":2,"href":"https:\/\/diariodelujan.com\/xdeporte\/wp-json\/wp\/v2\/posts\/17577\/revisions"}],"predecessor-version":[{"id":17580,"href":"https:\/\/diariodelujan.com\/xdeporte\/wp-json\/wp\/v2\/posts\/17577\/revisions\/17580"}],"wp:featuredmedia":[{"embeddable":true,"href":"https:\/\/diariodelujan.com\/xdeporte\/wp-json\/wp\/v2\/media\/17578"}],"wp:attachment":[{"href":"https:\/\/diariodelujan.com\/xdeporte\/wp-json\/wp\/v2\/media?parent=17577"}],"wp:term":[{"taxonomy":"category","embeddable":true,"href":"https:\/\/diariodelujan.com\/xdeporte\/wp-json\/wp\/v2\/categories?post=17577"},{"taxonomy":"post_tag","embeddable":true,"href":"https:\/\/diariodelujan.com\/xdeporte\/wp-json\/wp\/v2\/tags?post=17577"}],"curies":[{"name":"wp","href":"https:\/\/api.w.org\/{rel}","templated":true}]}}