{"id":17581,"date":"2026-01-20T14:16:10","date_gmt":"2026-01-20T17:16:10","guid":{"rendered":"https:\/\/diariodelujan.com\/xdeporte\/?p=17581"},"modified":"2026-01-20T14:16:10","modified_gmt":"2026-01-20T17:16:10","slug":"carrera-de-alto-nivel","status":"publish","type":"post","link":"https:\/\/diariodelujan.com\/xdeporte\/carrera-de-alto-nivel\/","title":{"rendered":"Manocontrol brill\u00f3 en Pilar con una carrera de alto nivel"},"content":{"rendered":"<p><span style=\"font-family: georgia, palatino, serif; font-size: 18px;\"><em>Con gran convocatoria y clima ideal, el manocontrol concret\u00f3 en Pilar una carrera vibrante, con intensa competencia, debutantes destacados y dos pruebas memorables que consolidan el crecimiento de la disciplina.<\/em><\/span><\/p>\n<p><!--more--><\/p>\n<p>El manocontrol volvi\u00f3 a mostrar su proyecci\u00f3n y crecimiento con una jornada deportiva destacada en el circuito del Corredor Aer\u00f3bico de Pilar, donde finalmente pudo disputarse la competencia postergada por lluvias. El evento se desarroll\u00f3 bajo un d\u00eda espl\u00e9ndido, con altas temperaturas pero acompa\u00f1ado por una brisa constante y sectores de sombra que hicieron agradable el tiempo de competencia.<\/p>\n<p>La convocatoria y el nivel de organizaci\u00f3n reflejaron el buen presente de esta actividad en expansi\u00f3n, que sum\u00f3 participantes, p\u00fablico y nuevas promesas, consolidando una experiencia deportiva completa y emotiva.<\/p>\n<h3>La carrera principal y una largada con protagonistas<\/h3>\n<p>A la hora prevista de largada, fijada para las 10, inicialmente eran siete los pilotos inscriptos. Sin embargo, tras la clasificaci\u00f3n a dos tiros en la recta y la conformaci\u00f3n de los cajones de salida, el n\u00famero ascendi\u00f3 a nueve competidores.<\/p>\n<p>Las pruebas clasificatorias ordenaron la grilla de la siguiente manera: Sergio se qued\u00f3 con el primer lugar, seguido por Nelson, Jorge, Petty, Rafa, David, Luca, Mario y Oscar.<\/p>\n<p>La carrera de los <a href=\"https:\/\/actc.org.ar\/\" target=\"_blank\" rel=\"noopener\">TC<\/a> de 32 cent\u00edmetros se disput\u00f3 a tres vueltas, sin tiro extra por superaci\u00f3n. Desde el inicio, la lucha por la punta fue intensa, con una f\u00e9rrea batalla entre el Ford de Jorge, la Chevy de Petty, la Chevy de Rafael, el Ford de Nelson y la Chevy de Sergio.<\/p>\n<h3>Desarrollo, debutantes y definiciones ajustadas<\/h3>\n<p>En el medio del pelot\u00f3n, algunos desaciertos en los tiros iniciales obligaron a una recuperaci\u00f3n progresiva. El Falcon de David, la Chevy Nascar del debutante Mario y Luca, quien continu\u00f3 con una Chevy prestada tras perder una goma del Dodge original, avanzaron posiciones. M\u00e1s retrasado, Oscar sufri\u00f3 varias salidas de pista.<\/p>\n<p>Tras completarse la primera vuelta, se incorporaron desde la l\u00ednea de largada los debutantes con autos prestados. Entre los menores participaron Azul, la \u00fanica dama de la competencia, junto a Manuel, Benjam\u00edn y Pedro. En la categor\u00eda mayores debutaron Peter, padre de Azul, y Juan.<\/p>\n<p>La definici\u00f3n fue electrizante. En la recta final, a un tiro de la llegada, Petty logr\u00f3 quedarse con la victoria luego de que Jorge fallara un intento milim\u00e9trico que lo releg\u00f3 sobre la l\u00ednea de meta, siendo superado por tres rivales.<\/p>\n<p>La clasificaci\u00f3n final qued\u00f3 conformada por Petty en el primer puesto, seguido por Sergio, Rafa, Luca, Jorge, Mario, Nelson, Piter, Pedro, David, Azul, Juan, Benjam\u00edn, Manuel y Oscar.<\/p>\n<p><a href=\"https:\/\/diariodelujan.com\/wp-content\/uploads\/2026\/01\/3.webp\"><img loading=\"lazy\" decoding=\"async\" class=\"alignnone size-full wp-image-38053\" src=\"https:\/\/diariodelujan.com\/wp-content\/uploads\/2026\/01\/3.webp\" alt=\"Manocontrol brill\u00f3 en Pilar con una carrera de alto nivel\" width=\"800\" height=\"606\" title=\"\"><\/a><\/p>\n<h3>Una segunda prueba que mantuvo la emoci\u00f3n<\/h3>\n<p>Lejos de concluir la actividad, la jornada continu\u00f3 con una carrera de F\u00f3rmula Uno a dos vueltas. Los autos fueron facilitados por Petty y Oscar, y diez pilotos aceptaron el desaf\u00edo.<\/p>\n<p>El formato incluy\u00f3 un tiro adicional al superar a cualquier auto que no fuera el l\u00edder, lo que gener\u00f3 un pelot\u00f3n competitivo y sin concesiones. A pesar de que ninguno de los participantes conoc\u00eda previamente su veh\u00edculo, la competencia result\u00f3 din\u00e1mica y muy pareja.<\/p>\n<p>Las posiciones finales fueron encabezadas por Sergio, seguido por Jorge, Nelson, Pedro, Petty, David, Mario, Oscar, Manuel y Benjam\u00edn.La jornada dej\u00f3 un balance altamente positivo, con carreras entretenidas, debutantes a la altura de las circunstancias y un marco ideal para seguir proyectando el crecimiento del manocontrol como una actividad deportiva en franco desarrollo.<\/p>\n","protected":false},"excerpt":{"rendered":"<p>Con gran convocatoria y clima ideal, el manocontrol concret\u00f3 en Pilar una carrera vibrante, con intensa competencia, debutantes destacados y dos pruebas memorables que consolidan el crecimiento de la disciplina.<\/p>\n","protected":false},"author":4,"featured_media":17584,"comment_status":"closed","ping_status":"closed","sticky":false,"template":"","format":"standard","meta":{"tdm_status":"","tdm_grid_status":"","footnotes":""},"categories":[20,2],"tags":[19,579,245],"class_list":{"0":"post-17581","1":"post","2":"type-post","3":"status-publish","4":"format-standard","5":"has-post-thumbnail","7":"category-automodelismo","8":"category-featured","9":"tag-automodelismo","10":"tag-manocontrol","11":"tag-pilar"},"_links":{"self":[{"href":"https:\/\/diariodelujan.com\/xdeporte\/wp-json\/wp\/v2\/posts\/17581","targetHints":{"allow":["GET"]}}],"collection":[{"href":"https:\/\/diariodelujan.com\/xdeporte\/wp-json\/wp\/v2\/posts"}],"about":[{"href":"https:\/\/diariodelujan.com\/xdeporte\/wp-json\/wp\/v2\/types\/post"}],"author":[{"embeddable":true,"href":"https:\/\/diariodelujan.com\/xdeporte\/wp-json\/wp\/v2\/users\/4"}],"replies":[{"embeddable":true,"href":"https:\/\/diariodelujan.com\/xdeporte\/wp-json\/wp\/v2\/comments?post=17581"}],"version-history":[{"count":3,"href":"https:\/\/diariodelujan.com\/xdeporte\/wp-json\/wp\/v2\/posts\/17581\/revisions"}],"predecessor-version":[{"id":17585,"href":"https:\/\/diariodelujan.com\/xdeporte\/wp-json\/wp\/v2\/posts\/17581\/revisions\/17585"}],"wp:featuredmedia":[{"embeddable":true,"href":"https:\/\/diariodelujan.com\/xdeporte\/wp-json\/wp\/v2\/media\/17584"}],"wp:attachment":[{"href":"https:\/\/diariodelujan.com\/xdeporte\/wp-json\/wp\/v2\/media?parent=17581"}],"wp:term":[{"taxonomy":"category","embeddable":true,"href":"https:\/\/diariodelujan.com\/xdeporte\/wp-json\/wp\/v2\/categories?post=17581"},{"taxonomy":"post_tag","embeddable":true,"href":"https:\/\/diariodelujan.com\/xdeporte\/wp-json\/wp\/v2\/tags?post=17581"}],"curies":[{"name":"wp","href":"https:\/\/api.w.org\/{rel}","templated":true}]}}