{"id":17589,"date":"2026-01-26T08:54:04","date_gmt":"2026-01-26T11:54:04","guid":{"rendered":"https:\/\/diariodelujan.com\/xdeporte\/?p=17589"},"modified":"2026-01-26T08:54:04","modified_gmt":"2026-01-26T11:54:04","slug":"tc-de-accal-inicio-de-temporada","status":"publish","type":"post","link":"https:\/\/diariodelujan.com\/xdeporte\/tc-de-accal-inicio-de-temporada\/","title":{"rendered":"El TC abri\u00f3 la temporada 2026 en ACCAL con una carrera vibrante y gran convocatoria"},"content":{"rendered":"<p><span style=\"font-family: georgia, palatino, serif; font-size: 18px;\"><em>La pista de ACCAL fue escenario del inicio del TC 2026 con m\u00e1s de 20 pilotos, alto nivel competitivo, gran presencia regional y un triunfo s\u00f3lido del experimentado Fernando Guagliardi.<\/em><\/span><\/p>\n<p><!--more--><\/p>\n<p>La <a href=\"https:\/\/diariodelujan.com\/xdeporte\/accal-presenta-los-autos-del-tc-2026\/\">Asociaci\u00f3n Civil Corredores Automodelismo Luj\u00e1n<\/a> (ACCAL) dio inicio a la temporada 2026 del automodelismo slot con una destacada velada nocturna en su pista de la calle Venerando Rodr\u00edguez 113, casi Carlos Pellegrini. La presentaci\u00f3n de autos y equipos de la categor\u00eda TC, considerada \u201cla m\u00e1xima\u201d, reuni\u00f3 a m\u00e1s de una veintena de pilotos, confirmando el crecimiento sostenido de la instituci\u00f3n.<\/p>\n<p>La convocatoria incluy\u00f3 competidores locales y representantes de Pilar, Campana, Cardales, Haedo, Padua, Capilla del Se\u00f1or, General Rodr\u00edguez, Moreno y la Ciudad Aut\u00f3noma de Buenos Aires. Esta amplia participaci\u00f3n regional reflej\u00f3 el inter\u00e9s que despierta la pista de ACCAL y el nivel organizativo alcanzado en los \u00faltimos a\u00f1os.<\/p>\n<p><a href=\"https:\/\/diariodelujan.com\/wp-content\/uploads\/2026\/01\/ACCAL-TC-2.webp\"><img loading=\"lazy\" decoding=\"async\" class=\"alignnone size-full wp-image-38289\" src=\"https:\/\/diariodelujan.com\/wp-content\/uploads\/2026\/01\/ACCAL-TC-2.webp\" alt=\"El TC abri\u00f3 la temporada 2026 en ACCAL\" width=\"1263\" height=\"606\" title=\"\"><\/a><\/p>\n<h3>Clasificaci\u00f3n y armado de las series<\/h3>\n<p>Con m\u00e1s de 20 pilotos habilitados para probar y poner a punto sus autos de cara a la nueva temporada, la actividad oficial comenz\u00f3 con la clasificaci\u00f3n previa. El mejor registro fue para Danilo Nicoloso, quien marc\u00f3 un tiempo de 4.237, resultado que permiti\u00f3 ordenar las dos series disputadas posteriormente.<\/p>\n<p>El formato de competencia ofreci\u00f3 desde el inicio una paridad marcada, anticipando una definici\u00f3n ajustada y cargada de expectativas, tanto para los protagonistas como para el p\u00fablico presente.<\/p>\n<h3>Debut prometedor y continuidad formativa<\/h3>\n<p>Uno de los puntos destacados de la noche fue el debut de Valentino Simonetti en la categor\u00eda TC. El joven piloto, que ven\u00eda de cerrar un muy buen 2025 con su primer triunfo en TC Pick Up, mostr\u00f3 un rendimiento s\u00f3lido y consistente con un auto preparado por su padre, confirmando su proyecci\u00f3n dentro del automodelismo local.<\/p>\n<p>Su participaci\u00f3n aport\u00f3 un condimento especial a la jornada, reafirmando el recambio generacional que comienza a consolidarse en ACCAL.<\/p>\n<h3>TC de ACCAL: una final cargada de tensi\u00f3n y experiencia<\/h3>\n<p>La final de la primera fecha del <strong>TC de ACCAL<\/strong> ofreci\u00f3 momentos de gran intensidad. Cuando restaba disputar la \u00faltima v\u00eda, el veterano piloto y preparador Fernando Guagliardi comenz\u00f3 a ser presionado por Nicoloso, Delgado y Javier Etchetto, quienes recortaron diferencias a fuerza de manejo preciso y ritmo sostenido.<\/p>\n<p>Sin embargo, Guagliardi supo administrar la ventaja con concentraci\u00f3n y un rendimiento parejo de su auto, logrando contener los ataques y asegurar el triunfo. El ganador complet\u00f3 161,07 vueltas, seguido por Nicoloso con 160,50. El tercer lugar fue para Delgado con 157,10, mientras que Etchetto finaliz\u00f3 cuarto con 156,11.<\/p>\n<p><a href=\"https:\/\/diariodelujan.com\/wp-content\/uploads\/2026\/01\/ACCAL-TC-1.webp\"><img loading=\"lazy\" decoding=\"async\" class=\"alignnone size-full wp-image-38288\" src=\"https:\/\/diariodelujan.com\/wp-content\/uploads\/2026\/01\/ACCAL-TC-1.webp\" alt=\"El TC abri\u00f3 la temporada 2026 en ACCAL\" width=\"800\" height=\"912\" title=\"\"><\/a><\/p>\n<h3>Clasificaci\u00f3n final y desempe\u00f1o destacado<\/h3>\n<p>El quinto puesto qued\u00f3 en manos de Pasty Melconian, con 151,79 vueltas, seguido muy de cerca por Horacio Ninkov, que sum\u00f3 151,44. En la s\u00e9ptima posici\u00f3n arrib\u00f3 Julio Bevilaqua, representante de Moreno, con 148,26 giros.<\/p>\n<p>Completaron el top ten Luis Rubin, piloto de Cardales, con 143,61; el debutante Valentino Simonetti, con 141,24; y Fanto Ariel, con 134,07 vueltas, cerrando una final exigente y disputada.<\/p>\n<p>M\u00e1s atr\u00e1s, Christian Guagliardi y Esteban Colmenares finalizaron con inconvenientes mec\u00e1nicos, sumando 74 y 14 vueltas respectivamente. Como dato destacado, el \u00fanico Torino TC presente en la carrera fue el de Christian Guagliardi, que hab\u00eda liderado su serie antes del abandono. Tanto ese veh\u00edculo como el del ganador pertenecen a la estructura de La Fortaleza del Luj\u00e1n Slot Racing.<\/p>\n<h3>Balance positivo y expectativas para el a\u00f1o<\/h3>\n<p>La primera carrera del TC en 2026 dej\u00f3 un balance ampliamente positivo: lucha puesto a puesto, pista en excelentes condiciones y un parque automotor competitivo. La presencia de pilotos que se acercaron a probar nuevas m\u00e1quinas refuerza la expectativa que genera ACCAL de cara a la temporada.<\/p>\n<p>Con una apertura de este nivel, la entidad lujanense ratifica su protagonismo en el automodelismo slot regional y se perfila para un a\u00f1o cargado de actividad, crecimiento y competencias de alto nivel.<\/p>\n<p><em>Con informaci\u00f3n de <a href=\"https:\/\/autoshowslot.blogspot.com\/\" target=\"_blank\" rel=\"noopener\">AutoShowSlot<\/a><\/em><\/p>\n","protected":false},"excerpt":{"rendered":"<p>La pista de ACCAL fue escenario del inicio del TC 2026 con m\u00e1s de 20 pilotos, alto nivel competitivo, gran presencia regional y un triunfo s\u00f3lido del experimentado Fernando Guagliardi.<\/p>\n","protected":false},"author":4,"featured_media":17591,"comment_status":"closed","ping_status":"closed","sticky":false,"template":"","format":"standard","meta":{"tdm_status":"","tdm_grid_status":"","footnotes":""},"categories":[20,2],"tags":[510,583,21,44],"class_list":{"0":"post-17589","1":"post","2":"type-post","3":"status-publish","4":"format-standard","5":"has-post-thumbnail","7":"category-automodelismo","8":"category-featured","9":"tag-accal","10":"tag-aumomodelismo","11":"tag-slot","12":"tag-tc"},"_links":{"self":[{"href":"https:\/\/diariodelujan.com\/xdeporte\/wp-json\/wp\/v2\/posts\/17589","targetHints":{"allow":["GET"]}}],"collection":[{"href":"https:\/\/diariodelujan.com\/xdeporte\/wp-json\/wp\/v2\/posts"}],"about":[{"href":"https:\/\/diariodelujan.com\/xdeporte\/wp-json\/wp\/v2\/types\/post"}],"author":[{"embeddable":true,"href":"https:\/\/diariodelujan.com\/xdeporte\/wp-json\/wp\/v2\/users\/4"}],"replies":[{"embeddable":true,"href":"https:\/\/diariodelujan.com\/xdeporte\/wp-json\/wp\/v2\/comments?post=17589"}],"version-history":[{"count":2,"href":"https:\/\/diariodelujan.com\/xdeporte\/wp-json\/wp\/v2\/posts\/17589\/revisions"}],"predecessor-version":[{"id":17593,"href":"https:\/\/diariodelujan.com\/xdeporte\/wp-json\/wp\/v2\/posts\/17589\/revisions\/17593"}],"wp:featuredmedia":[{"embeddable":true,"href":"https:\/\/diariodelujan.com\/xdeporte\/wp-json\/wp\/v2\/media\/17591"}],"wp:attachment":[{"href":"https:\/\/diariodelujan.com\/xdeporte\/wp-json\/wp\/v2\/media?parent=17589"}],"wp:term":[{"taxonomy":"category","embeddable":true,"href":"https:\/\/diariodelujan.com\/xdeporte\/wp-json\/wp\/v2\/categories?post=17589"},{"taxonomy":"post_tag","embeddable":true,"href":"https:\/\/diariodelujan.com\/xdeporte\/wp-json\/wp\/v2\/tags?post=17589"}],"curies":[{"name":"wp","href":"https:\/\/api.w.org\/{rel}","templated":true}]}}