{"id":17594,"date":"2026-01-26T11:40:33","date_gmt":"2026-01-26T14:40:33","guid":{"rendered":"https:\/\/diariodelujan.com\/xdeporte\/?p=17594"},"modified":"2026-01-26T11:40:33","modified_gmt":"2026-01-26T14:40:33","slug":"club-lujan-proyecta-su-futuro","status":"publish","type":"post","link":"https:\/\/diariodelujan.com\/xdeporte\/club-lujan-proyecta-su-futuro\/","title":{"rendered":"Vanin fue reelegido y el Club Luj\u00e1n proyecta su futuro rumbo a los 90 a\u00f1os"},"content":{"rendered":"<p><span style=\"font-family: georgia, palatino, serif; font-size: 18px;\"><em>La asamblea de socios del Club Luj\u00e1n ratific\u00f3 a Federico Vanin como presidente. La instituci\u00f3n destac\u00f3 avances deportivos e institucionales y se prepara para celebrar su 90\u00b0 aniversario.<\/em><\/span><\/p>\n<p><!--more--><\/p>\n<p>La asamblea de socios del <a href=\"https:\/\/clublujan.com.ar\/\" target=\"_blank\" rel=\"noopener\">Club Luj\u00e1n<\/a>, realizada este s\u00e1bado en la sede social de la instituci\u00f3n, ratific\u00f3 la continuidad de la actual conducci\u00f3n por un nuevo per\u00edodo de dos a\u00f1os. Federico Vanin fue reelegido presidente, consolidando un proyecto dirigencial que cuenta con el respaldo mayoritario de los asociados.<\/p>\n<p>Durante el encuentro, el departamento de prensa del club inform\u00f3 el estado de situaci\u00f3n de las demandas judiciales correspondientes a los a\u00f1os 2019 y 2020. En ese marco, se reafirm\u00f3 la transparencia administrativa y el orden institucional que la dirigencia sostiene como uno de los pilares de su gesti\u00f3n.<\/p>\n<h3>Club Luj\u00e1n: nueva comisi\u00f3n directiva y objetivos<\/h3>\n<p>La nueva comisi\u00f3n directiva estar\u00e1 integrada por referentes con trayectoria en la vida institucional del club. Fernando Luchetta, ex presidente, ocupar\u00e1 el cargo de vicepresidente primero, mientras que Rodrigo \u00c1valos ser\u00e1 vicepresidente segundo. El equipo se completa con Sof\u00eda Coria, Fernando Marcigliano, Santiago Scorzato, Emmanuel Bennardis, Tom\u00e1s Marquese, Leonardo Moreno y Hugo Leal.<\/p>\n<p>Vanin, quien adem\u00e1s se desempe\u00f1a como concejal y presidente del Honorable Concejo Deliberante, realiz\u00f3 un repaso de los avances logrados en los \u00faltimos a\u00f1os y deline\u00f3 los principales objetivos del nuevo per\u00edodo. El dirigente remarc\u00f3 que el club transita un a\u00f1o especial, en la antesala del 90\u00b0 aniversario de su fundaci\u00f3n, lo que implica redoblar esfuerzos para consolidar el crecimiento institucional y deportivo.<\/p>\n<p><a href=\"https:\/\/diariodelujan.com\/wp-content\/uploads\/2026\/01\/Lujanvanin.webp\"><img loading=\"lazy\" decoding=\"async\" class=\"alignnone size-full wp-image-38304\" src=\"https:\/\/diariodelujan.com\/wp-content\/uploads\/2026\/01\/Lujanvanin.webp\" alt=\"Federico Vanin confirmado al frente del Club Luj\u00e1n\" width=\"844\" height=\"505\" title=\"\"><\/a><\/p>\n<h3>Infraestructura y crecimiento sostenido<\/h3>\n<p>En los \u00faltimos a\u00f1os, el <strong><a href=\"https:\/\/diariodelujan.com\/xdeporte\/lujan-se-rearma\/\">Club Luj\u00e1n<\/a><\/strong> concret\u00f3 importantes avances en materia de infraestructura. Entre los hitos m\u00e1s relevantes se destaca la habilitaci\u00f3n definitiva de su cancha propia, la construcci\u00f3n de la sede social con buffet y la creaci\u00f3n de una nueva concentraci\u00f3n para el plantel profesional.<\/p>\n<p>Adem\u00e1s, se realizaron inversiones en accesibilidad, iluminaci\u00f3n y ampliaci\u00f3n del predio. Tambi\u00e9n se llevaron adelante obras clave como la tribuna popular, las boleter\u00edas, la colocaci\u00f3n de butacas en la platea, los bancos de suplentes y mejoras en los campos de juego y el gimnasio. A esto se suman gestiones para el asfaltado de la calle principal de acceso al estadio y la sede social.<\/p>\n<h3>Reconocimiento a \u201cEl Pulga\u201d Fredes<\/h3>\n<p>En su discurso, el presidente dedic\u00f3 un sentido reconocimiento a Santiago \u201cEl Pulga\u201d Fredes, a quien defini\u00f3 como una figura clave en el desarrollo deportivo reciente de la instituci\u00f3n. Vanin destac\u00f3 su rol en la creaci\u00f3n y liderazgo de un proyecto deportivo integral que abarca desde las divisiones infantiles hasta el plantel de Primera.<\/p>\n<p>\u201cIde\u00f3, lider\u00f3 y hoy sostenemos un proyecto deportivo integral con resultados exitosos y un fuerte sentido de arraigo y pertenencia\u201d, expres\u00f3 el dirigente, al tiempo que subray\u00f3 el compromiso de la comisi\u00f3n directiva para honrar su legado con trabajo cotidiano.<\/p>\n<h3>Logros deportivos e inclusi\u00f3n<\/h3>\n<p>En el plano deportivo, la dirigencia valor\u00f3 los campeonatos obtenidos por las categor\u00edas 2014 y 2015 de las divisiones infantiles de AFA, as\u00ed como el crecimiento sostenido de la cantera. Tambi\u00e9n se destac\u00f3 la conformaci\u00f3n del primer equipo inclusivo, integrado por personas con discapacidad, y la apertura del f\u00fatbol femenino formativo.<\/p>\n<p>El primer equipo masculino tuvo una destacada temporada, con una campa\u00f1a que le permiti\u00f3 disputar el Reducido. Por su parte, el f\u00fatbol femenino vivi\u00f3 un a\u00f1o hist\u00f3rico en 2025 al consagrarse campe\u00f3n y lograr el ascenso a la Primera B de AFA, consolid\u00e1ndose como uno de los principales referentes de la regi\u00f3n.<\/p>\n<p>Desde la instituci\u00f3n tambi\u00e9n remarcaron la ampliaci\u00f3n de la masa societaria, una gesti\u00f3n econ\u00f3mica eficiente y un proceso de modernizaci\u00f3n que incluye una fuerte presencia en redes sociales, medios digitales y transmisiones en vivo y por streaming de los partidos de divisiones juveniles y reserva.<\/p>\n<h3>Amistosos de pretemporada y rodaje futbol\u00edstico<\/h3>\n<p>En el marco de la preparaci\u00f3n para el torneo de Primera C, el Club Luj\u00e1n disput\u00f3 en la \u00faltima semana una serie de encuentros amistosos. En el Estadio 1\u00b0 de Abril enfrent\u00f3 a la divisi\u00f3n Reserva de Tigre en dos partidos de 60 minutos, divididos en tiempos de 30, con victorias por 1 a 0 en ambos encuentros. Los goles fueron convertidos por Juli\u00e1n Ford y Franco P\u00e9rez, este \u00faltimo con un tanto ol\u00edmpico.<\/p>\n<p><a href=\"https:\/\/diariodelujan.com\/wp-content\/uploads\/2026\/01\/Amistoso-Club-Lujan.webp\"><img loading=\"lazy\" decoding=\"async\" class=\"alignnone size-full wp-image-38308\" src=\"https:\/\/diariodelujan.com\/wp-content\/uploads\/2026\/01\/Amistoso-Club-Lujan.webp\" alt=\"Amistoso Club Luj\u00e1n\" width=\"758\" height=\"505\" title=\"\"><\/a><\/p>\n<p>Posteriormente, el s\u00e1bado por la ma\u00f1ana, el Lujanero se midi\u00f3 ante Ituzaing\u00f3 en dos nuevos amistosos. El primer partido finaliz\u00f3 sin goles, mientras que en el segundo el conjunto visitante se impuso por 3 a 1. El tanto del equipo local fue convertido por Gast\u00f3n Albornoz.<\/p>\n<p>M\u00e1s all\u00e1 de los resultados, desde el cuerpo t\u00e9cnico destacaron la importancia de estos encuentros para sumar minutos, evaluar variantes y afianzar el funcionamiento colectivo de cara al inicio oficial de la competencia.<\/p>\n<p>Con una conducci\u00f3n ratificada, obras concretadas y objetivos claros, el Club Luj\u00e1n encara un nuevo per\u00edodo institucional con la mirada puesta en su aniversario n\u00famero 90 y en la consolidaci\u00f3n de un proyecto integral a largo plazo.<\/p>\n","protected":false},"excerpt":{"rendered":"<p>La asamblea de socios del Club Luj\u00e1n ratific\u00f3 a Federico Vanin como presidente. La instituci\u00f3n destac\u00f3 avances deportivos e institucionales y se prepara para celebrar su 90\u00b0 aniversario.<\/p>\n","protected":false},"author":4,"featured_media":17595,"comment_status":"closed","ping_status":"closed","sticky":false,"template":"","format":"standard","meta":{"tdm_status":"","tdm_grid_status":"","footnotes":""},"categories":[2,8],"tags":[175,173,130],"class_list":{"0":"post-17594","1":"post","2":"type-post","3":"status-publish","4":"format-standard","5":"has-post-thumbnail","7":"category-featured","8":"category-futbol","9":"tag-club-lujan","10":"tag-futbol","11":"tag-primera-c"},"_links":{"self":[{"href":"https:\/\/diariodelujan.com\/xdeporte\/wp-json\/wp\/v2\/posts\/17594","targetHints":{"allow":["GET"]}}],"collection":[{"href":"https:\/\/diariodelujan.com\/xdeporte\/wp-json\/wp\/v2\/posts"}],"about":[{"href":"https:\/\/diariodelujan.com\/xdeporte\/wp-json\/wp\/v2\/types\/post"}],"author":[{"embeddable":true,"href":"https:\/\/diariodelujan.com\/xdeporte\/wp-json\/wp\/v2\/users\/4"}],"replies":[{"embeddable":true,"href":"https:\/\/diariodelujan.com\/xdeporte\/wp-json\/wp\/v2\/comments?post=17594"}],"version-history":[{"count":2,"href":"https:\/\/diariodelujan.com\/xdeporte\/wp-json\/wp\/v2\/posts\/17594\/revisions"}],"predecessor-version":[{"id":17597,"href":"https:\/\/diariodelujan.com\/xdeporte\/wp-json\/wp\/v2\/posts\/17594\/revisions\/17597"}],"wp:featuredmedia":[{"embeddable":true,"href":"https:\/\/diariodelujan.com\/xdeporte\/wp-json\/wp\/v2\/media\/17595"}],"wp:attachment":[{"href":"https:\/\/diariodelujan.com\/xdeporte\/wp-json\/wp\/v2\/media?parent=17594"}],"wp:term":[{"taxonomy":"category","embeddable":true,"href":"https:\/\/diariodelujan.com\/xdeporte\/wp-json\/wp\/v2\/categories?post=17594"},{"taxonomy":"post_tag","embeddable":true,"href":"https:\/\/diariodelujan.com\/xdeporte\/wp-json\/wp\/v2\/tags?post=17594"}],"curies":[{"name":"wp","href":"https:\/\/api.w.org\/{rel}","templated":true}]}}