{"id":17613,"date":"2026-01-30T09:25:51","date_gmt":"2026-01-30T12:25:51","guid":{"rendered":"https:\/\/diariodelujan.com\/xdeporte\/?p=17613"},"modified":"2026-01-30T09:25:51","modified_gmt":"2026-01-30T12:25:51","slug":"final-estrategica-en-tc-pick-up","status":"publish","type":"post","link":"https:\/\/diariodelujan.com\/xdeporte\/final-estrategica-en-tc-pick-up\/","title":{"rendered":"TC Pick Up: Melconian se qued\u00f3 con la primera fecha en Luj\u00e1n"},"content":{"rendered":"<p><span style=\"font-family: georgia, palatino, serif; font-size: 18px;\"><em>La categor\u00eda TC Pick Up abri\u00f3 su temporada en la pista de AACAL Luj\u00e1n con una final entretenida, buen parque de pilotos y el triunfo estrat\u00e9gico de Pasti Melconian inicial.<\/em><\/span><\/p>\n<p><!--more--><\/p>\n<p>En la pista de la A.A.C.A.L. (Asociaci\u00f3n Corredores Automodelismo Luj\u00e1n), que contin\u00faa mostrando mejoras constantes en su estado de transitabilidad, se disput\u00f3 la primera fecha del calendario de la categor\u00eda<a href=\"https:\/\/diariodelujan.com\/xdeporte\/tc-de-accal-inicio-de-temporada\/\"> TC<\/a> Pick Up. La jornada marc\u00f3 el inicio formal de la actividad competitiva y dej\u00f3 un balance positivo tanto en lo deportivo como en lo organizativo.<\/p>\n<p><a href=\"https:\/\/diariodelujan.com\/wp-content\/uploads\/2026\/01\/tc-pick-up-28-1-d.webp\"><img loading=\"lazy\" decoding=\"async\" class=\"alignnone size-full wp-image-38467\" src=\"https:\/\/diariodelujan.com\/wp-content\/uploads\/2026\/01\/tc-pick-up-28-1-d.webp\" alt=\"TC Pick Up: Melconian se qued\u00f3 con la primera fecha\" width=\"1165\" height=\"606\" title=\"\"><\/a><\/p>\n<p>La competencia reuni\u00f3 a seis protagonistas que lograron acceder a la final, luego de una intensa etapa previa que orden\u00f3 el clasificador y anticip\u00f3 una definici\u00f3n ajustada.<\/p>\n<h3><span style=\"font-size: 18px;\">Delgado domin\u00f3 la clasificaci\u00f3n<\/span><\/h3>\n<p>En la instancia clasificatoria, Juan Delgado confirm\u00f3 el buen nivel que arrastra desde una muy rendidora temporada 2025 y se qued\u00f3 con la pole position. El piloto marc\u00f3 el mejor registro con una vuelta de 4.699, estableciendo la referencia inicial del fin de semana.<\/p>\n<p>Detr\u00e1s suyo se ubic\u00f3 Pasti Melconian, quien registr\u00f3 un tiempo de 4.766, mientras que el tercer lugar qued\u00f3 en manos de Daniel Amantini. Este \u00faltimo compiti\u00f3 con un auto del Pellegrini Slot a pr\u00e9stamo y logr\u00f3 una destacada mejor vuelta de 4.839, asegurando un lugar expectante en la grilla de partida.<\/p>\n<p><a href=\"https:\/\/diariodelujan.com\/wp-content\/uploads\/2026\/01\/tc-pick-up-28-1-f.webp\"><img loading=\"lazy\" decoding=\"async\" class=\"alignnone size-full wp-image-38469\" src=\"https:\/\/diariodelujan.com\/wp-content\/uploads\/2026\/01\/tc-pick-up-28-1-f.webp\" alt=\"TC Pick Up: Melconian se qued\u00f3 con la primera fecha\" width=\"808\" height=\"606\" title=\"\"><\/a><\/p>\n<h3><span style=\"font-size: 18px;\">Final estrat\u00e9gica en TC Pick Up<\/span><\/h3>\n<p>La final tuvo un desarrollo \u00e1gil y din\u00e1mico, con cambios de posiciones y estrategias bien definidas. Pasti Melconian fue quien logr\u00f3 capitalizar mejor el ritmo y la constancia, sumando 147.83 giros para quedarse con la victoria. A lo largo de la carrera, el ganador fue escalando posiciones y sostuvo el liderazgo pese al acecho del resto del podio.<\/p>\n<p>Juan Delgado finaliz\u00f3 en la segunda colocaci\u00f3n con 146 giros, mientras que Daniel Amantini complet\u00f3 el podio en el tercer lugar con 142.97 vueltas, cerrando una actuaci\u00f3n destacada pese a no contar con veh\u00edculo propio.<\/p>\n<h3><span style=\"font-size: 18px;\">Buen desempe\u00f1o del resto del pelot\u00f3n<\/span><\/h3>\n<p>En el cuarto puesto arrib\u00f3 Valentino Simonetti, quien realiz\u00f3 una muy buena faena y por momentos estuvo en condiciones de pelear por el podio, totalizando 132.05 giros.<\/p>\n<p>La quinta posici\u00f3n fue para Lautaro Etchetto, con 131.87 vueltas, en una jornada que combin\u00f3 atenci\u00f3n en la pista y el ya reconocido buffet del circuito, valorado por su calidad y precios accesibles. En el sexto lugar finaliz\u00f3 el piloto y periodista Errehacheve, quien complet\u00f3 cerca de 100 vueltas, condicionado por un motor de bajo rendimiento y molestias f\u00edsicas que influyeron en su desempe\u00f1o.<\/p>\n<p><a href=\"https:\/\/diariodelujan.com\/wp-content\/uploads\/2026\/01\/tc-pick-up-28-1.webp\"><img loading=\"lazy\" decoding=\"async\" class=\"alignnone size-full wp-image-38470\" src=\"https:\/\/diariodelujan.com\/wp-content\/uploads\/2026\/01\/tc-pick-up-28-1.webp\" alt=\"TC Pick Up: Melconian se qued\u00f3 con la primera fecha\" width=\"1020\" height=\"606\" title=\"\"><\/a><\/p>\n<h3>Lo que viene en el calendario<\/h3>\n<p>Tras esta primera presentaci\u00f3n de la TC Pick Up, la actividad continuar\u00e1 con el estreno de la categor\u00eda Sport 2026, que completar\u00e1 parte del lanzamiento oficial de las competencias previstas para la nueva temporada en la pista de AACAL Luj\u00e1n.<\/p>\n<p><em>Con informaci\u00f3n de <a href=\"https:\/\/autoshowslot.blogspot.com\/\" target=\"_blank\" rel=\"noopener\">AutoShowSlot<\/a><\/em><\/p>\n","protected":false},"excerpt":{"rendered":"<p>La categor\u00eda TC Pick Up abri\u00f3 su temporada en la pista de AACAL Luj\u00e1n con una final entretenida, buen parque de pilotos y el triunfo estrat\u00e9gico de Pasti Melconian inicial.<\/p>\n","protected":false},"author":4,"featured_media":17616,"comment_status":"closed","ping_status":"closed","sticky":false,"template":"","format":"standard","meta":{"tdm_status":"","tdm_grid_status":"","footnotes":""},"categories":[20,2],"tags":[510,19,65],"class_list":{"0":"post-17613","1":"post","2":"type-post","3":"status-publish","4":"format-standard","5":"has-post-thumbnail","7":"category-automodelismo","8":"category-featured","9":"tag-accal","10":"tag-automodelismo","11":"tag-tc-pick-up"},"_links":{"self":[{"href":"https:\/\/diariodelujan.com\/xdeporte\/wp-json\/wp\/v2\/posts\/17613","targetHints":{"allow":["GET"]}}],"collection":[{"href":"https:\/\/diariodelujan.com\/xdeporte\/wp-json\/wp\/v2\/posts"}],"about":[{"href":"https:\/\/diariodelujan.com\/xdeporte\/wp-json\/wp\/v2\/types\/post"}],"author":[{"embeddable":true,"href":"https:\/\/diariodelujan.com\/xdeporte\/wp-json\/wp\/v2\/users\/4"}],"replies":[{"embeddable":true,"href":"https:\/\/diariodelujan.com\/xdeporte\/wp-json\/wp\/v2\/comments?post=17613"}],"version-history":[{"count":2,"href":"https:\/\/diariodelujan.com\/xdeporte\/wp-json\/wp\/v2\/posts\/17613\/revisions"}],"predecessor-version":[{"id":17615,"href":"https:\/\/diariodelujan.com\/xdeporte\/wp-json\/wp\/v2\/posts\/17613\/revisions\/17615"}],"wp:featuredmedia":[{"embeddable":true,"href":"https:\/\/diariodelujan.com\/xdeporte\/wp-json\/wp\/v2\/media\/17616"}],"wp:attachment":[{"href":"https:\/\/diariodelujan.com\/xdeporte\/wp-json\/wp\/v2\/media?parent=17613"}],"wp:term":[{"taxonomy":"category","embeddable":true,"href":"https:\/\/diariodelujan.com\/xdeporte\/wp-json\/wp\/v2\/categories?post=17613"},{"taxonomy":"post_tag","embeddable":true,"href":"https:\/\/diariodelujan.com\/xdeporte\/wp-json\/wp\/v2\/tags?post=17613"}],"curies":[{"name":"wp","href":"https:\/\/api.w.org\/{rel}","templated":true}]}}