{"id":17617,"date":"2026-01-30T17:32:26","date_gmt":"2026-01-30T20:32:26","guid":{"rendered":"https:\/\/diariodelujan.com\/xdeporte\/?p=17617"},"modified":"2026-01-30T17:32:35","modified_gmt":"2026-01-30T20:32:35","slug":"laila-chain-a-la-seleccion-argentina","status":"publish","type":"post","link":"https:\/\/diariodelujan.com\/xdeporte\/laila-chain-a-la-seleccion-argentina\/","title":{"rendered":"Laila Chain, convocada a la Selecci\u00f3n Argentina de nataci\u00f3n"},"content":{"rendered":"<p><span style=\"font-family: georgia, palatino, serif; font-size: 18px;\"><em>La nadadora lujanense Laila Chain fue convocada a la preselecci\u00f3n argentina de nataci\u00f3n para los Juegos ODESUR 2026 y comenzar\u00e1 entrenamientos en febrero en el CENARD de alto rendimiento nacional.<\/em><\/span><\/p>\n<p><!--more--><\/p>\n<p>El 2026 comenz\u00f3 con una noticia destacada para el deporte de Luj\u00e1n. La nadadora Laila Chain fue convocada por la Selecci\u00f3n Argentina de nataci\u00f3n para integrar la preselecci\u00f3n nacional que se prepara con vistas a los Juegos ODESUR, una de las competencias m\u00e1s relevantes del calendario sudamericano.<\/p>\n<p>La citaci\u00f3n representa un nuevo paso en la carrera de la deportista, que contin\u00faa consolid\u00e1ndose tanto en el \u00e1mbito nacional como internacional, fruto de un proceso sostenido de trabajo y crecimiento deportivo.<\/p>\n<h3><strong><span style=\"font-size: 18px;\">Laila y una convocatoria que ratifica su crecimiento<\/span><\/strong><\/h3>\n<p>La Confederaci\u00f3n Argentina de Deportes Acu\u00e1ticos (CADDA) dio a conocer en los \u00faltimos d\u00edas la lista de nadadores y nadadoras convocados a la preselecci\u00f3n que buscar\u00e1 conformar los equipos nacionales para los Juegos ODESUR Panam\u00e1 y ODESUR Rosario. De ese grupo surgir\u00e1 la n\u00f3mina definitiva que representar\u00e1 al pa\u00eds en ambas competencias.<\/p>\n<p>En ese contexto, la inclusi\u00f3n de Laila Chain confirma su proyecci\u00f3n y el lugar que se ha ganado dentro de la nataci\u00f3n argentina, posicion\u00e1ndose entre las deportistas con mayor proyecci\u00f3n de la especialidad.<\/p>\n<h3><strong><span style=\"font-size: 18px;\">Entrenamientos en el CENARD<\/span><\/strong><\/h3>\n<p>La nadadora lujanense deber\u00e1 presentarse el lunes 16 de febrero en el Centro de Alto Rendimiento Deportivo (CENARD), ubicado en el barrio porte\u00f1o de Belgrano. All\u00ed iniciar\u00e1 una semana de entrenamientos intensivos en doble turno, bajo la supervisi\u00f3n del cuerpo t\u00e9cnico nacional.<\/p>\n<p>Las pr\u00e1cticas estar\u00e1n encabezadas por los entrenadores Gustavo Rold\u00e1n y Walter Rodr\u00edguez, responsables de la preparaci\u00f3n del seleccionado argentino, en un esquema de trabajo orientado a la evaluaci\u00f3n y puesta a punto de los atletas convocados.<\/p>\n<h3><strong><span style=\"font-size: 18px;\">Presencia asegurada y nuevos desaf\u00edos<\/span><\/strong><\/h3>\n<p>M\u00e1s all\u00e1 de esta nueva citaci\u00f3n, <a href=\"https:\/\/diariodelujan.com\/xdeporte\/nadadora-laila-chain\/\">Chain<\/a> ya tiene asegurado un lugar en el equipo de Mayores que representar\u00e1 a la Argentina en los Juegos <a href=\"https:\/\/www.odesur.org\/\" target=\"_blank\" rel=\"noopener\">ODESUR<\/a> de Panam\u00e1. Adem\u00e1s, su desempe\u00f1o la ubica como una de las nadadoras con mayores posibilidades de integrar el Seleccionado Nacional en los distintos compromisos internacionales previstos a lo largo del a\u00f1o.<\/p>\n<p>Con constancia, disciplina y resultados, Laila Chain contin\u00faa afianzando su nombre en la nataci\u00f3n argentina y llevando el deporte de Luj\u00e1n a los principales escenarios de la regi\u00f3n.<\/p>\n","protected":false},"excerpt":{"rendered":"<p>La nadadora lujanense Laila Chain fue convocada a la preselecci\u00f3n argentina de nataci\u00f3n para los Juegos ODESUR 2026 y comenzar\u00e1 entrenamientos en febrero en el CENARD de alto rendimiento nacional.<\/p>\n","protected":false},"author":4,"featured_media":15189,"comment_status":"closed","ping_status":"closed","sticky":false,"template":"","format":"standard","meta":{"tdm_status":"","tdm_grid_status":"","footnotes":""},"categories":[451,2],"tags":[365,59,584,585],"class_list":{"0":"post-17617","1":"post","2":"type-post","3":"status-publish","4":"format-standard","5":"has-post-thumbnail","7":"category-natacion","8":"category-featured","9":"tag-laila-chain","10":"tag-natacion","11":"tag-odesur","12":"tag-seleccion-argentina"},"_links":{"self":[{"href":"https:\/\/diariodelujan.com\/xdeporte\/wp-json\/wp\/v2\/posts\/17617","targetHints":{"allow":["GET"]}}],"collection":[{"href":"https:\/\/diariodelujan.com\/xdeporte\/wp-json\/wp\/v2\/posts"}],"about":[{"href":"https:\/\/diariodelujan.com\/xdeporte\/wp-json\/wp\/v2\/types\/post"}],"author":[{"embeddable":true,"href":"https:\/\/diariodelujan.com\/xdeporte\/wp-json\/wp\/v2\/users\/4"}],"replies":[{"embeddable":true,"href":"https:\/\/diariodelujan.com\/xdeporte\/wp-json\/wp\/v2\/comments?post=17617"}],"version-history":[{"count":1,"href":"https:\/\/diariodelujan.com\/xdeporte\/wp-json\/wp\/v2\/posts\/17617\/revisions"}],"predecessor-version":[{"id":17618,"href":"https:\/\/diariodelujan.com\/xdeporte\/wp-json\/wp\/v2\/posts\/17617\/revisions\/17618"}],"wp:featuredmedia":[{"embeddable":true,"href":"https:\/\/diariodelujan.com\/xdeporte\/wp-json\/wp\/v2\/media\/15189"}],"wp:attachment":[{"href":"https:\/\/diariodelujan.com\/xdeporte\/wp-json\/wp\/v2\/media?parent=17617"}],"wp:term":[{"taxonomy":"category","embeddable":true,"href":"https:\/\/diariodelujan.com\/xdeporte\/wp-json\/wp\/v2\/categories?post=17617"},{"taxonomy":"post_tag","embeddable":true,"href":"https:\/\/diariodelujan.com\/xdeporte\/wp-json\/wp\/v2\/tags?post=17617"}],"curies":[{"name":"wp","href":"https:\/\/api.w.org\/{rel}","templated":true}]}}