{"id":17794,"date":"2026-03-09T15:37:43","date_gmt":"2026-03-09T18:37:43","guid":{"rendered":"https:\/\/diariodelujan.com\/xdeporte\/?p=17794"},"modified":"2026-03-09T15:37:43","modified_gmt":"2026-03-09T18:37:43","slug":"primera-sports-de-accal","status":"publish","type":"post","link":"https:\/\/diariodelujan.com\/xdeporte\/primera-sports-de-accal\/","title":{"rendered":"Sports: Etchetto domin\u00f3 la primera carrera del a\u00f1o en ACCAL"},"content":{"rendered":"<p><span style=\"font-family: georgia, palatino, serif; font-size: 18px;\"><em>La categor\u00eda Sports puso en marcha su temporada en la pista de ACCAL. Javier Etchetto fue el ganador tras completar 197.27 vueltas, en una carrera con pilotos de Luj\u00e1n.<\/em><\/span><\/p>\n<p><!--more--><\/p>\n<p>La temporada 2026 de la categor\u00eda Sports comenz\u00f3 con una competencia que reuni\u00f3 a pilotos de Luj\u00e1n y de distintas localidades del conurbano bonaerense en la pista de <a href=\"https:\/\/diariodelujan.com\/xdeporte\/tc-de-accal-inicio-de-temporada\/\">ACCAL<\/a>.<\/p>\n<h3><span style=\"font-size: 18px;\"><strong>Una jornada de competencia y camarader\u00eda<\/strong><\/span><\/h3>\n<p>El evento marc\u00f3 el inicio del calendario anual y convoc\u00f3 a un nutrido grupo de competidores que protagonizaron una jornada caracterizada por el buen nivel deportivo y el esp\u00edritu de camarader\u00eda que distingue a esta disciplina.<\/p>\n<p>Durante la jornada se disputaron las tradicionales mangas y series clasificatorias, que permitieron ordenar a los pilotos y establecer la clasificaci\u00f3n general para la carrera final.<\/p>\n<p>Los resultados obtenidos en esas instancias fueron determinantes para definir la grilla y anticiparon una final que se desarroll\u00f3 con buen ritmo y parciales competitivos.<\/p>\n<p><a href=\"https:\/\/diariodelujan.com\/wp-content\/uploads\/2026\/03\/accal.webp\"><img loading=\"lazy\" decoding=\"async\" class=\"alignnone size-full wp-image-40058\" src=\"https:\/\/diariodelujan.com\/wp-content\/uploads\/2026\/03\/accal.webp\" alt=\"Etchetto domin\u00f3 la primera carrera de Sport\" width=\"1126\" height=\"793\" title=\"\"><\/a><\/p>\n<h3><span style=\"font-size: 18px;\"><strong>Sports: el rendimiento que marc\u00f3 la diferencia<\/strong><\/span><\/h3>\n<p>En la carrera principal, Javier Etchetto logr\u00f3 imponerse con autoridad tras completar 197.27 vueltas, registrando uno de los mejores rendimientos de la jornada.<\/p>\n<p>Su desempe\u00f1o fue consistente desde el inicio, manteniendo un ritmo que le permiti\u00f3 consolidar la ventaja y asegurar la victoria en el cierre de la competencia.<\/p>\n<p>El segundo lugar fue para Rodrigo Perna, quien alcanz\u00f3 un total de 192.01 vueltas y se mantuvo durante gran parte de la carrera como el principal perseguidor del l\u00edder.<\/p>\n<p>En tanto, el tercer puesto qued\u00f3 en manos de David L\u00f3pez, reconocido por su velocidad dentro de la categor\u00eda. Con 185.45 vueltas completadas, logr\u00f3 asegurar un lugar en el podio tras una actuaci\u00f3n s\u00f3lida.<\/p>\n<h3><span style=\"font-size: 18px;\"><strong>Los protagonistas de la carrera<\/strong><\/span><\/h3>\n<p>La cuarta posici\u00f3n fue para Juan Salgado, quien finaliz\u00f3 con 183.26 vueltas luego de una actuaci\u00f3n que fue creciendo con el correr de la competencia.<\/p>\n<p>En el quinto puesto se ubic\u00f3 Dami\u00e1n Salvatierra, que complet\u00f3 181.26 vueltas y protagoniz\u00f3 varios tramos competitivos en la lucha por el podio.<\/p>\n<p>El sexto lugar fue para Carlos Bellome, piloto y preparador de Del Viso, que alcanz\u00f3 un registro de 177.85 vueltas.<\/p>\n<p>M\u00e1s atr\u00e1s finalizaron Esteban Colmenares con 176.42 vueltas y Jos\u00e9 Rodr\u00edguez con 174.20, ambos manteni\u00e9ndose dentro del grupo de los diez mejores.<\/p>\n<p><a href=\"https:\/\/diariodelujan.com\/wp-content\/uploads\/2026\/03\/accal-pista.webp\"><img loading=\"lazy\" decoding=\"async\" class=\"alignnone wp-image-40057 size-full\" src=\"https:\/\/diariodelujan.com\/wp-content\/uploads\/2026\/03\/accal-pista.webp\" alt=\"Etchetto domin\u00f3 la primera carrera de Sports\" width=\"964\" height=\"606\" title=\"\"><\/a><\/p>\n<h3><span style=\"font-size: 18px;\"><strong>Un parque competitivo para la temporada<\/strong><\/span><\/h3>\n<p>El noveno puesto fue ocupado por Julio Bevilaqua, que complet\u00f3 172.24 vueltas en una carrera que mantuvo un buen nivel de competencia.<\/p>\n<p>El d\u00e9cimo lugar fue para Javier Braiotta con 168.41 vueltas, cerrando as\u00ed el grupo principal de la clasificaci\u00f3n.<\/p>\n<p>Por detr\u00e1s finaliz\u00f3 Lautaro Etchetto, que sum\u00f3 166.46 vueltas, seguido por C\u00e9sar Ceballos, piloto de Carmen de Areco, quien complet\u00f3 la prueba con 157.45 giros.<\/p>\n<p>La primera fecha dej\u00f3 un balance positivo para la categor\u00eda Sports, que mostr\u00f3 un parque competitivo y una buena participaci\u00f3n de pilotos.<\/p>\n<p>El desarrollo de la carrera y los registros obtenidos permiten anticipar un campeonato que podr\u00eda ofrecer competencias muy disputadas en las pr\u00f3ximas fechas.<\/p>\n<p>Con este inicio, la categor\u00eda comenz\u00f3 oficialmente su temporada y ya se prepara para las pr\u00f3ximas jornadas del calendario, en las que se espera mantener el nivel deportivo mostrado en la apertura del a\u00f1o.<\/p>\n<p><em>Con material de <a href=\"https:\/\/autoshowslot.blogspot.com\/\" target=\"_blank\" rel=\"noopener\">AutoShowSlot<\/a><\/em><\/p>\n","protected":false},"excerpt":{"rendered":"<p>La categor\u00eda Sports puso en marcha su temporada en la pista de ACCAL. Javier Etchetto fue el ganador tras completar 197.27 vueltas, en una carrera con pilotos de Luj\u00e1n.<\/p>\n","protected":false},"author":4,"featured_media":17796,"comment_status":"closed","ping_status":"closed","sticky":false,"template":"","format":"standard","meta":{"tdm_status":"","tdm_grid_status":"","footnotes":""},"categories":[20,2],"tags":[510,19,34,608],"class_list":{"0":"post-17794","1":"post","2":"type-post","3":"status-publish","4":"format-standard","5":"has-post-thumbnail","7":"category-automodelismo","8":"category-featured","9":"tag-accal","10":"tag-automodelismo","11":"tag-etchetto","12":"tag-sports"},"_links":{"self":[{"href":"https:\/\/diariodelujan.com\/xdeporte\/wp-json\/wp\/v2\/posts\/17794","targetHints":{"allow":["GET"]}}],"collection":[{"href":"https:\/\/diariodelujan.com\/xdeporte\/wp-json\/wp\/v2\/posts"}],"about":[{"href":"https:\/\/diariodelujan.com\/xdeporte\/wp-json\/wp\/v2\/types\/post"}],"author":[{"embeddable":true,"href":"https:\/\/diariodelujan.com\/xdeporte\/wp-json\/wp\/v2\/users\/4"}],"replies":[{"embeddable":true,"href":"https:\/\/diariodelujan.com\/xdeporte\/wp-json\/wp\/v2\/comments?post=17794"}],"version-history":[{"count":1,"href":"https:\/\/diariodelujan.com\/xdeporte\/wp-json\/wp\/v2\/posts\/17794\/revisions"}],"predecessor-version":[{"id":17795,"href":"https:\/\/diariodelujan.com\/xdeporte\/wp-json\/wp\/v2\/posts\/17794\/revisions\/17795"}],"wp:featuredmedia":[{"embeddable":true,"href":"https:\/\/diariodelujan.com\/xdeporte\/wp-json\/wp\/v2\/media\/17796"}],"wp:attachment":[{"href":"https:\/\/diariodelujan.com\/xdeporte\/wp-json\/wp\/v2\/media?parent=17794"}],"wp:term":[{"taxonomy":"category","embeddable":true,"href":"https:\/\/diariodelujan.com\/xdeporte\/wp-json\/wp\/v2\/categories?post=17794"},{"taxonomy":"post_tag","embeddable":true,"href":"https:\/\/diariodelujan.com\/xdeporte\/wp-json\/wp\/v2\/tags?post=17794"}],"curies":[{"name":"wp","href":"https:\/\/api.w.org\/{rel}","templated":true}]}}