{"id":17811,"date":"2026-03-13T18:00:57","date_gmt":"2026-03-13T21:00:57","guid":{"rendered":"https:\/\/diariodelujan.com\/xdeporte\/?p=17811"},"modified":"2026-03-13T18:05:20","modified_gmt":"2026-03-13T21:05:20","slug":"futbol-ascenso","status":"publish","type":"post","link":"https:\/\/diariodelujan.com\/xdeporte\/futbol-ascenso\/","title":{"rendered":"F\u00fatbol del ascenso: Luj\u00e1n y Flandria juegan el s\u00e1bado tras la suspensi\u00f3n"},"content":{"rendered":"<p><span style=\"font-size: 18px;\"><em><span style=\"font-family: georgia, palatino, serif;\">El f\u00fatbol del ascenso retoma la actividad tras el paro del fin de semana pasado. Flandria jugar\u00e1 como visitante por la Primera B y Luj\u00e1n ser\u00e1 local por la Primera C.<\/span><\/em><\/span><\/p>\n<p><!--more--><\/p>\n<p>Despu\u00e9s del paro que afect\u00f3 al <strong>F\u00fatbol<\/strong> argentino durante el \u00faltimo fin de semana, las categor\u00edas del ascenso retomar\u00e1n su calendario y los equipos volver\u00e1n a disputar sus encuentros programados.<\/p>\n<h3><span style=\"font-size: 18px;\"><strong>El f\u00fatbol vuelve a la agenda del ascenso<\/strong><\/span><\/h3>\n<p>La reorganizaci\u00f3n del fixture permiti\u00f3 confirmar los compromisos para los pr\u00f3ximos d\u00edas, dentro de un cronograma que se presenta ajustado debido a la suspensi\u00f3n previa.<\/p>\n<p>En este contexto, los dos equipos que representan a la ciudad de Luj\u00e1n en el ascenso de la Asociaci\u00f3n del F\u00fatbol Argentino volver\u00e1n a la actividad el s\u00e1bado.<\/p>\n<p>Se trata de Club Social y Deportivo Flandria y <a href=\"https:\/\/diariodelujan.com\/xdeporte\/lujan-se-rearma\/\">Club Luj\u00e1n<\/a>, que participar\u00e1n en sus respectivas divisiones.<\/p>\n<h3><span style=\"font-size: 18px;\"><strong>Flandria visita a Excursionistas<\/strong><\/span><\/h3>\n<p>En el marco del torneo de la Primera B Metropolitana, el conjunto de J\u00e1uregui deber\u00e1 enfrentar como visitante a<a href=\"https:\/\/excursionistas.org.ar\/futbol\/\" target=\"_blank\" rel=\"noopener\"> Club Atl\u00e9tico Excursionistas<\/a>.<\/p>\n<p>El partido se disputar\u00e1 en el estadio ubicado en el barrio porte\u00f1o del Bajo Belgrano y est\u00e1 programado para comenzar a las 16.<\/p>\n<p>La jornada corresponde a la sexta fecha del campeonato, ya que la quinta fue suspendida debido al paro que detuvo la actividad en todo el f\u00fatbol argentino.<\/p>\n<p>Esta situaci\u00f3n provoc\u00f3 que la organizaci\u00f3n del torneo decidiera continuar con el calendario original, dejando pendiente la fecha que no pudo disputarse.<\/p>\n<p>Para Flandria, el encuentro ser\u00e1 una oportunidad para seguir sumando puntos en un torneo que reci\u00e9n inicia y donde cada partido puede resultar clave para posicionarse en la tabla.<\/p>\n<h3><span style=\"font-size: 18px;\"><strong>Luj\u00e1n busca su primer triunfo<\/strong><\/span><\/h3>\n<p>Por otro lado, Club Luj\u00e1n tendr\u00e1 un compromiso como local por el campeonato de la Primera Divisi\u00f3n C.<\/p>\n<p>El equipo lujanense recibir\u00e1 a Club El Porvenir en el Estadio 1\u00ba de Abril, en un encuentro que se disputar\u00e1 desde las 15.30.<\/p>\n<p>El conjunto dirigido por la dupla t\u00e9cnica Nicosia-Pighin buscar\u00e1 su primer triunfo en el torneo tras un comienzo con resultados mixtos.<\/p>\n<p>En su debut cay\u00f3 frente a Sportivo Barracas, mientras que en su segunda presentaci\u00f3n logr\u00f3 rescatar un empate frente a F\u00e9nix.<\/p>\n<h3><span style=\"font-size: 18px;\"><strong>El Porvenir llega con empates<\/strong><\/span><\/h3>\n<p>El rival del equipo lujanense tambi\u00e9n intentar\u00e1 obtener su primera victoria en el campeonato.<\/p>\n<p>Club El Porvenir inici\u00f3 su participaci\u00f3n con dos empates consecutivos.<\/p>\n<p>Primero igual\u00f3 1 a 1 ante General Lamadrid y posteriormente empat\u00f3 sin goles frente a Leones en Rosario.<\/p>\n<p>De esta manera, el duelo del s\u00e1bado reunir\u00e1 a dos equipos que buscar\u00e1n sumar tres puntos clave en el arranque de la temporada.<\/p>\n<p>Con el regreso de la actividad tras el paro del fin de semana pasado, el ascenso argentino vuelve a tener protagonismo en la agenda deportiva, con varios encuentros programados y con los equipos intentando recuperar el ritmo competitivo en un calendario que promete ser exigente.<\/p>\n","protected":false},"excerpt":{"rendered":"<p>El f\u00fatbol del ascenso retoma la actividad tras el paro del fin de semana pasado. Flandria jugar\u00e1 como visitante por la Primera B y Luj\u00e1n ser\u00e1 local por la Primera C.<\/p>\n","protected":false},"author":4,"featured_media":15477,"comment_status":"closed","ping_status":"closed","sticky":false,"template":"","format":"standard","meta":{"tdm_status":"","tdm_grid_status":"","footnotes":""},"categories":[2,8],"tags":[219,609],"class_list":{"0":"post-17811","1":"post","2":"type-post","3":"status-publish","4":"format-standard","5":"has-post-thumbnail","7":"category-featured","8":"category-futbol","9":"tag-ascenso","10":"tag-futbo"},"_links":{"self":[{"href":"https:\/\/diariodelujan.com\/xdeporte\/wp-json\/wp\/v2\/posts\/17811","targetHints":{"allow":["GET"]}}],"collection":[{"href":"https:\/\/diariodelujan.com\/xdeporte\/wp-json\/wp\/v2\/posts"}],"about":[{"href":"https:\/\/diariodelujan.com\/xdeporte\/wp-json\/wp\/v2\/types\/post"}],"author":[{"embeddable":true,"href":"https:\/\/diariodelujan.com\/xdeporte\/wp-json\/wp\/v2\/users\/4"}],"replies":[{"embeddable":true,"href":"https:\/\/diariodelujan.com\/xdeporte\/wp-json\/wp\/v2\/comments?post=17811"}],"version-history":[{"count":3,"href":"https:\/\/diariodelujan.com\/xdeporte\/wp-json\/wp\/v2\/posts\/17811\/revisions"}],"predecessor-version":[{"id":17814,"href":"https:\/\/diariodelujan.com\/xdeporte\/wp-json\/wp\/v2\/posts\/17811\/revisions\/17814"}],"wp:featuredmedia":[{"embeddable":true,"href":"https:\/\/diariodelujan.com\/xdeporte\/wp-json\/wp\/v2\/media\/15477"}],"wp:attachment":[{"href":"https:\/\/diariodelujan.com\/xdeporte\/wp-json\/wp\/v2\/media?parent=17811"}],"wp:term":[{"taxonomy":"category","embeddable":true,"href":"https:\/\/diariodelujan.com\/xdeporte\/wp-json\/wp\/v2\/categories?post=17811"},{"taxonomy":"post_tag","embeddable":true,"href":"https:\/\/diariodelujan.com\/xdeporte\/wp-json\/wp\/v2\/tags?post=17811"}],"curies":[{"name":"wp","href":"https:\/\/api.w.org\/{rel}","templated":true}]}}