{"id":17823,"date":"2026-03-14T19:17:03","date_gmt":"2026-03-14T22:17:03","guid":{"rendered":"https:\/\/diariodelujan.com\/xdeporte\/?p=17823"},"modified":"2026-03-14T19:17:03","modified_gmt":"2026-03-14T22:17:03","slug":"empate-ante-el-porvenir","status":"publish","type":"post","link":"https:\/\/diariodelujan.com\/xdeporte\/empate-ante-el-porvenir\/","title":{"rendered":"Luj\u00e1n sufri\u00f3 un empate ag\u00f3nico ante El Porvenir en la Primera C"},"content":{"rendered":"<p><span style=\"font-family: georgia, palatino, serif; font-size: 18px;\"><em>Luj\u00e1n volvi\u00f3 a quedarse con las manos vac\u00edas tras un empate sobre la hora ante El Porvenir. El gol en tiempo adicionado frustr\u00f3 la primera victoria del Lujanero.<\/em><\/span><\/p>\n<p><!--more--><\/p>\n<p>El Club Luj\u00e1n dej\u00f3 escapar una victoria que parec\u00eda segura y termin\u00f3 igualando 1 a 1 frente a <a href=\"https:\/\/elporvenirweb.com\/\" target=\"_blank\" rel=\"noopener\">El Porvenir<\/a> en el Estadio 1\u00ba de Abril, por la tercera fecha del campeonato de la Primera Divisi\u00f3n C.<\/p>\n<h3><span style=\"font-size: 18px;\"><strong>Un empate que dej\u00f3 sabor amargo<\/strong><\/span><\/h3>\n<p>El encuentro se disput\u00f3 este s\u00e1bado desde las 15.30 y fue arbitrado por Iv\u00e1n Mastroieni. El resultado volvi\u00f3 a generar frustraci\u00f3n en el equipo dirigido por la dupla t\u00e9cnica integrada por Ezequiel Nicosia y Mateo Pighin, que todav\u00eda no logr\u00f3 sumar de a tres en el campeonato.<\/p>\n<p>Con este empate, el conjunto lujanense acumula apenas dos puntos y se ubica en la d\u00e9cima posici\u00f3n de la Zona B, que cuenta con 14 equipos. El inicio del torneo est\u00e1 lejos de las expectativas que rodeaban al plantel, que comenz\u00f3 la temporada con aspiraciones de protagonismo.<\/p>\n<p>La tercera fecha se disput\u00f3 luego del paro decretado d\u00edas atr\u00e1s por la Asociaci\u00f3n del F\u00fatbol Argentino, aunque finalmente la Mesa de la Divisional decidi\u00f3 mantener el orden original del fixture sin modificaciones.<\/p>\n<h3><span style=\"font-size: 18px;\"><strong>Ventaja temprana del Lujanero<\/strong><\/span><\/h3>\n<p>El equipo de la ciudad de Luj\u00e1n comenz\u00f3 el encuentro con intensidad y r\u00e1pidamente encontr\u00f3 la ventaja en el marcador.<\/p>\n<p>Apenas iniciado el partido, una buena jugada por el sector derecho de Nisim Vergara termin\u00f3 con un pase hacia atr\u00e1s para Juli\u00e1n Rodr\u00edguez Seguers. El mediocampista defini\u00f3 cruzado y dej\u00f3 sin posibilidades al arquero Sergio Ju\u00e1rez para establecer el 1 a 0.<\/p>\n<p>Con la ventaja a su favor, el Lujanero manej\u00f3 mejor la pelota y gener\u00f3 otras situaciones claras para ampliar la diferencia. Una de las m\u00e1s peligrosas estuvo en los pies del colombiano Eladio Ramos, cuyo remate se fue apenas desviado.<\/p>\n<p>La visita respondi\u00f3 con una llegada de Leandro Villagra, pero su disparo tambi\u00e9n se perdi\u00f3 cerca del arco defendido por Juan Lescano.<\/p>\n<p>Antes del cierre de la primera etapa, el propio Ramos volvi\u00f3 a tener una oportunidad clara tras una habilitaci\u00f3n de Rodr\u00edguez Seguers, aunque el arquero Ju\u00e1rez logr\u00f3 evitar el segundo gol del equipo local.<\/p>\n<h3><strong><span style=\"font-size: 18px;\">El empate lleg\u00f3 en tiempo adicionado<\/span><\/strong><\/h3>\n<p>En el complemento, El Porvenir intent\u00f3 modificar el desarrollo del juego con tres cambios ofensivos, mientras que el equipo local opt\u00f3 por una postura m\u00e1s conservadora para defender la ventaja.<\/p>\n<p>Durante varios tramos del segundo tiempo, el conjunto dirigido por Nicosia y Pighin pareci\u00f3 controlar el partido sin sobresaltos. Incluso tuvo oportunidades claras para liquidar el encuentro mediante contraataques.<\/p>\n<p>Primero fue Brandon Arriola quien desperdici\u00f3 una situaci\u00f3n mano a mano, y luego Axel Abad tuvo otra ocasi\u00f3n similar que tampoco pudo concretar.<\/p>\n<p>Cuando el triunfo parec\u00eda asegurado, lleg\u00f3 el golpe inesperado. El \u00e1rbitro Mastroieni adicion\u00f3 cuatro minutos y, en el \u00faltimo de ellos, El Porvenir encontr\u00f3 la igualdad.<\/p>\n<p>Tras un centro al \u00e1rea, la defensa de Luj\u00e1n perdi\u00f3 las marcas y la pelota qued\u00f3 en poder de Dar\u00edo Nami, que defini\u00f3 con precisi\u00f3n para establecer el 1 a 1 definitivo.<\/p>\n<p>El empate cay\u00f3 como un baldazo de agua fr\u00eda para el <a href=\"https:\/\/diariodelujan.com\/xdeporte\/lujanero-no-pudo-con-barracas\/\">Lujanero<\/a>, que volvi\u00f3 a resignar puntos en los instantes finales ante su p\u00fablico.<\/p>\n<p>Ahora, el conjunto de la Bas\u00edlica buscar\u00e1 recuperarse en la pr\u00f3xima jornada. Por la cuarta fecha del campeonato, Luj\u00e1n volver\u00e1 a jugar en el Estadio 1\u00ba de Abril cuando reciba a Estrella del Sur el pr\u00f3ximo domingo desde las 15.30.<\/p>\n","protected":false},"excerpt":{"rendered":"<p>Luj\u00e1n volvi\u00f3 a quedarse con las manos vac\u00edas tras un empate sobre la hora ante El Porvenir. El gol en tiempo adicionado frustr\u00f3 la primera victoria del Lujanero.<\/p>\n","protected":false},"author":4,"featured_media":17188,"comment_status":"closed","ping_status":"closed","sticky":false,"template":"","format":"standard","meta":{"tdm_status":"","tdm_grid_status":"","footnotes":""},"categories":[8,2],"tags":[209,173,610],"class_list":{"0":"post-17823","1":"post","2":"type-post","3":"status-publish","4":"format-standard","5":"has-post-thumbnail","7":"category-futbol","8":"category-featured","9":"tag-el-porvenir","10":"tag-futbol","11":"tag-luja"},"_links":{"self":[{"href":"https:\/\/diariodelujan.com\/xdeporte\/wp-json\/wp\/v2\/posts\/17823","targetHints":{"allow":["GET"]}}],"collection":[{"href":"https:\/\/diariodelujan.com\/xdeporte\/wp-json\/wp\/v2\/posts"}],"about":[{"href":"https:\/\/diariodelujan.com\/xdeporte\/wp-json\/wp\/v2\/types\/post"}],"author":[{"embeddable":true,"href":"https:\/\/diariodelujan.com\/xdeporte\/wp-json\/wp\/v2\/users\/4"}],"replies":[{"embeddable":true,"href":"https:\/\/diariodelujan.com\/xdeporte\/wp-json\/wp\/v2\/comments?post=17823"}],"version-history":[{"count":2,"href":"https:\/\/diariodelujan.com\/xdeporte\/wp-json\/wp\/v2\/posts\/17823\/revisions"}],"predecessor-version":[{"id":17825,"href":"https:\/\/diariodelujan.com\/xdeporte\/wp-json\/wp\/v2\/posts\/17823\/revisions\/17825"}],"wp:featuredmedia":[{"embeddable":true,"href":"https:\/\/diariodelujan.com\/xdeporte\/wp-json\/wp\/v2\/media\/17188"}],"wp:attachment":[{"href":"https:\/\/diariodelujan.com\/xdeporte\/wp-json\/wp\/v2\/media?parent=17823"}],"wp:term":[{"taxonomy":"category","embeddable":true,"href":"https:\/\/diariodelujan.com\/xdeporte\/wp-json\/wp\/v2\/categories?post=17823"},{"taxonomy":"post_tag","embeddable":true,"href":"https:\/\/diariodelujan.com\/xdeporte\/wp-json\/wp\/v2\/tags?post=17823"}],"curies":[{"name":"wp","href":"https:\/\/api.w.org\/{rel}","templated":true}]}}