{"id":17826,"date":"2026-03-14T20:36:30","date_gmt":"2026-03-14T23:36:30","guid":{"rendered":"https:\/\/diariodelujan.com\/xdeporte\/?p=17826"},"modified":"2026-03-14T20:36:30","modified_gmt":"2026-03-14T23:36:30","slug":"derrota-de-flandria-ante-excursionistas","status":"publish","type":"post","link":"https:\/\/diariodelujan.com\/xdeporte\/derrota-de-flandria-ante-excursionistas\/","title":{"rendered":"Derrota de Flandria: Excursionistas lo venci\u00f3 y se convirti\u00f3 en l\u00edder"},"content":{"rendered":"<p><span style=\"font-family: georgia, palatino, serif; font-size: 18px;\"><em>Flandria cay\u00f3 2 a 0 frente a Excursionistas en el Bajo Belgrano. La derrota volvi\u00f3 a evidenciar las dificultades del Canario cuando juega como visitante en el campeonato.<\/em><\/span><\/p>\n<p><!--more--><\/p>\n<p>Flandria sufri\u00f3 una nueva derrota fuera de casa al caer 2 a 0 frente a Excursionistas por la sexta fecha del torneo de la Primera B Metropolitana.<\/p>\n<p>El encuentro se disput\u00f3 en el Coliseo del Bajo Belgrano y fue arbitrado por Juli\u00e1n Beligoy, quien estuvo acompa\u00f1ado por los asistentes Maximiliano Benzoni y Mat\u00edas Pino.<\/p>\n<h3><span style=\"font-size: 18px;\"><strong>Flandria no pudo en el Bajo Belgrano<\/strong><\/span><\/h3>\n<p>El equipo dirigido por Arnaldo Sialle llegaba golpeado al partido luego de la ca\u00edda frente a Argentino de Merlo y con un dato preocupante: sus \u00faltimas tres presentaciones como visitante hab\u00edan terminado en derrota.<\/p>\n<p>El parate dispuesto por la Asociaci\u00f3n del F\u00fatbol Argentino hab\u00eda frenado moment\u00e1neamente la competencia, pero el regreso volvi\u00f3 a mostrar las mismas dificultades del Canario lejos de J\u00e1uregui.<\/p>\n<h3><strong><span style=\"font-size: 18px;\">Un rival que atraviesa un gran momento<\/span><\/strong><\/h3>\n<p>Excursionistas afront\u00f3 el encuentro con un presente muy distinto. El conjunto dirigido por Rodrigo Bilbao llegaba invicto y con la posibilidad de quedar como \u00fanico puntero del campeonato.<\/p>\n<p>Con 12 unidades acumuladas, compart\u00eda la cima con Sportivo Italiano, que deb\u00eda disputar su partido frente a Ituzaing\u00f3.<\/p>\n<p>El desarrollo del primer tiempo reflej\u00f3 esa diferencia de actualidad. Si bien Flandria tuvo la primera chance con un remate de Benjam\u00edn Gim\u00e9nez, con el paso de los minutos Excursionistas comenz\u00f3 a dominar la pelota y a instalarse en campo rival.<\/p>\n<p>Maximiliano Blanco fue uno de los jugadores m\u00e1s peligrosos del equipo local. Primero exigi\u00f3 a Carlos Morel con un remate bajo y luego volvi\u00f3 a inquietar con un disparo que pas\u00f3 cerca del arco visitante.<\/p>\n<figure id=\"attachment_40372\" aria-describedby=\"caption-attachment-40372\" style=\"width: 909px\" class=\"wp-caption alignnone\"><a href=\"https:\/\/diariodelujan.com\/wp-content\/uploads\/2026\/03\/flandria-bajo-belgrano.webp\"><img loading=\"lazy\" decoding=\"async\" class=\"wp-image-40372 size-full\" src=\"https:\/\/diariodelujan.com\/wp-content\/uploads\/2026\/03\/flandria-bajo-belgrano.webp\" alt=\"Derrota de Flandria en Belgrano\" width=\"909\" height=\"606\" title=\"\"><\/a><figcaption id=\"caption-attachment-40372\" class=\"wp-caption-text\">Im\u00e1genes gentileza Prensa Club Flandria<\/figcaption><\/figure>\n<p>Tambi\u00e9n lo intent\u00f3 Alan Espeche con un remate desde afuera del \u00e1rea que se desvi\u00f3 en un defensor y termin\u00f3 pasando a cent\u00edmetros del palo.<\/p>\n<h3><span style=\"font-size: 18px;\"><strong>Los goles que definieron el partido<\/strong><\/span><\/h3>\n<p>El dominio del conjunto local se tradujo en el marcador apenas comenzado el segundo tiempo.<\/p>\n<p>A los dos minutos, Maximiliano Blanco conect\u00f3 de cabeza un centro enviado por Mat\u00edas Polvera y puso el 1 a 0 para Excursionistas.<\/p>\n<p>Flandria intent\u00f3 reaccionar con algunas modificaciones desde el banco. El ingreso de Facundo Brest busc\u00f3 aportar mayor presencia ofensiva, aunque el equipo continu\u00f3 teniendo dificultades para generar juego.<\/p>\n<p>La oportunidad m\u00e1s clara lleg\u00f3 a los 21 minutos, cuando Franco Costa remat\u00f3 tras un c\u00f3rner y Ian Arbello salv\u00f3 sobre la l\u00ednea.<\/p>\n<p>El panorama se complic\u00f3 a\u00fan m\u00e1s para el Canario a los 34 minutos, cuando Milton Vasconcello fue expulsado tras una acci\u00f3n involuntaria que impact\u00f3 en la cabeza de Miguel L\u00f3pez.<\/p>\n<p>Con un hombre menos, el equipo visitante intent\u00f3 resistir hasta el final, pero en tiempo adicionado lleg\u00f3 la sentencia.<\/p>\n<p>En un r\u00e1pido contragolpe, Mateo Cardozo avanz\u00f3 varios metros con la pelota dominada y defini\u00f3 con tranquilidad para establecer el 2 a 0 definitivo.<\/p>\n<p>El resultado dej\u00f3 a Excursionistas como nuevo l\u00edder del campeonato con 13 puntos, mientras que Flandria permanece con seis unidades y deber\u00e1 mejorar su rendimiento como visitante si pretende acercarse a los puestos de protagonismo.<\/p>\n<p>En la pr\u00f3xima jornada, el conjunto de J\u00e1uregui volver\u00e1 a jugar en el <a href=\"https:\/\/clubflandria.com.ar\/\" target=\"_blank\" rel=\"noopener\">Estadio Carlos V,<\/a> donde recibir\u00e1 a Villa D\u00e1lmine con la intenci\u00f3n de reencontrarse con la victoria.<\/p>\n","protected":false},"excerpt":{"rendered":"<p>Flandria cay\u00f3 2 a 0 frente a Excursionistas en el Bajo Belgrano. La derrota volvi\u00f3 a evidenciar las dificultades del Canario cuando juega como visitante en el campeonato.<\/p>\n","protected":false},"author":4,"featured_media":17827,"comment_status":"closed","ping_status":"closed","sticky":false,"template":"","format":"standard","meta":{"tdm_status":"","tdm_grid_status":"","footnotes":""},"categories":[2,8],"tags":[],"class_list":{"0":"post-17826","1":"post","2":"type-post","3":"status-publish","4":"format-standard","5":"has-post-thumbnail","7":"category-featured","8":"category-futbol"},"_links":{"self":[{"href":"https:\/\/diariodelujan.com\/xdeporte\/wp-json\/wp\/v2\/posts\/17826","targetHints":{"allow":["GET"]}}],"collection":[{"href":"https:\/\/diariodelujan.com\/xdeporte\/wp-json\/wp\/v2\/posts"}],"about":[{"href":"https:\/\/diariodelujan.com\/xdeporte\/wp-json\/wp\/v2\/types\/post"}],"author":[{"embeddable":true,"href":"https:\/\/diariodelujan.com\/xdeporte\/wp-json\/wp\/v2\/users\/4"}],"replies":[{"embeddable":true,"href":"https:\/\/diariodelujan.com\/xdeporte\/wp-json\/wp\/v2\/comments?post=17826"}],"version-history":[{"count":1,"href":"https:\/\/diariodelujan.com\/xdeporte\/wp-json\/wp\/v2\/posts\/17826\/revisions"}],"predecessor-version":[{"id":17828,"href":"https:\/\/diariodelujan.com\/xdeporte\/wp-json\/wp\/v2\/posts\/17826\/revisions\/17828"}],"wp:featuredmedia":[{"embeddable":true,"href":"https:\/\/diariodelujan.com\/xdeporte\/wp-json\/wp\/v2\/media\/17827"}],"wp:attachment":[{"href":"https:\/\/diariodelujan.com\/xdeporte\/wp-json\/wp\/v2\/media?parent=17826"}],"wp:term":[{"taxonomy":"category","embeddable":true,"href":"https:\/\/diariodelujan.com\/xdeporte\/wp-json\/wp\/v2\/categories?post=17826"},{"taxonomy":"post_tag","embeddable":true,"href":"https:\/\/diariodelujan.com\/xdeporte\/wp-json\/wp\/v2\/tags?post=17826"}],"curies":[{"name":"wp","href":"https:\/\/api.w.org\/{rel}","templated":true}]}}