{"id":18263,"date":"2026-04-26T08:32:38","date_gmt":"2026-04-26T11:32:38","guid":{"rendered":"https:\/\/diariodelujan.com\/xdeporte\/?p=18263"},"modified":"2026-04-26T11:35:11","modified_gmt":"2026-04-26T14:35:11","slug":"maxi-naranjo-domina-tc","status":"publish","type":"post","link":"https:\/\/diariodelujan.com\/xdeporte\/maxi-naranjo-domina-tc\/","title":{"rendered":"Maxi Naranjo Domina la Pista del TC en ACCAL"},"content":{"rendered":"<p><span style=\"font-family: georgia, palatino, serif; font-size: 14pt;\"><em><span class=\"font-semibold\" data-streamdown=\"strong\">Maxi Naranjo brill\u00f3 en la pista del TC en ACCAL, registrando un impresionante tiempo de 3.890, seguido por Adri\u00e1n Simonetti. Una carrera marcada por la t\u00e9cnica y el buen ambiente.<\/span><\/em><\/span><\/p>\n<p><!--more--><\/p>\n<p>Desde las primeras horas en la pista de la Asociaci\u00f3n Civil Corredores Automodelismo Luj\u00e1n (ACCAL), el ambiente se llen\u00f3 de expectativa y adrenalina. Maxi Naranjo deslumbr\u00f3 a los asistentes con una vuelta que rompi\u00f3 todos los registros, logrando un tiempo excepcional de 3.890. Este resultado lo coloca a la cabeza de la clasificaci\u00f3n, con una diferencia notable frente a sus competidores.<\/p>\n<p><a href=\"https:\/\/diariodelujan.com\/wp-content\/uploads\/2026\/04\/TC-VIERNES-24-04-3.png\"><img loading=\"lazy\" decoding=\"async\" class=\"alignnone size-full wp-image-42197\" src=\"https:\/\/diariodelujan.com\/wp-content\/uploads\/2026\/04\/TC-VIERNES-24-04-3.png\" alt=\"Maxi Naranjo Domina TC\" width=\"1402\" height=\"606\" title=\"\"><\/a><\/p>\n<p>En la lucha por la pole position, el experimentado Adri\u00e1n Simonetti, reciente ganador de la<strong><a href=\"https:\/\/diariodelujan.com\/xdeporte\/final-estrategica-en-tc-pick-up\/\"> TC Pick Up<\/a><\/strong> en las \u00faltimas cuatro carreras, se posicion\u00f3 como escolta con un tiempo de 3.905. El joven talento local, Juan Delgado, tambi\u00e9n destac\u00f3 en la jornada al marcar una vuelta de 3.929, mostrando su capacidad para competir al m\u00e1s alto nivel.<\/p>\n<h3 class=\"mt-6 mb-2 font-semibold text-xl\" data-streamdown=\"heading-3\"><strong><span style=\"font-size: 14pt;\">La Carrera del TC: Un Dominio Absoluto<\/span><\/strong><\/h3>\n<p>La carrera se desarroll\u00f3 satisfactoriamente en una pista que se present\u00f3 en \u00f3ptimas condiciones, tanto est\u00e9ticas como mec\u00e1nicas. Maxi Naranjo, piloto de General Rodr\u00edguez, demostr\u00f3 un dominio excepcional a lo largo de toda la competencia, completando un total de 173.06 vueltas. Su habilidad y estrategia le permitieron mantener una ventaja estable sobre el resto de los participantes, asegurando su victoria de manera convincente.<\/p>\n<p>Lautaro Etchetto, conocido no solo por su destreza al volante sino tambi\u00e9n por su carrera como chef, ocup\u00f3 la segunda posici\u00f3n, marcando 170.77 vueltas. Fernando Guagliardi, un piloto preparador que se destac\u00f3 durante la carrera, se posicion\u00f3 en el tercer lugar con 168 vueltas, logrando as\u00ed un merecido lugar en el podio.<\/p>\n<h3 class=\"mt-6 mb-2 font-semibold text-xl\" data-streamdown=\"heading-3\"><strong><span style=\"font-size: 14pt;\">El Desaf\u00edo de los Competidores<\/span><\/strong><\/h3>\n<p>El cuarto lugar fue para Adri\u00e1n Simonetti, quien pele\u00f3 ferozmente por los tiempos y alcanz\u00f3 167.76 vueltas. Justo detr\u00e1s de \u00e9l, Juan Delgado cerr\u00f3 la competencia con un tiempo de 167.28, una diferencia m\u00ednima que refleja la competencia re\u00f1ida. En el sexto lugar, Horacio Ninkov registr\u00f3 166 vueltas, contribuyendo a una jornada llena de emociones.<\/p>\n<p><a href=\"https:\/\/diariodelujan.com\/wp-content\/uploads\/2026\/04\/TC-VIERNES-24-04-2.png\"><img loading=\"lazy\" decoding=\"async\" class=\"alignnone size-full wp-image-42198\" src=\"https:\/\/diariodelujan.com\/wp-content\/uploads\/2026\/04\/TC-VIERNES-24-04-2.png\" alt=\"TC VIERNES 24\" width=\"915\" height=\"606\" title=\"\"><\/a><\/p>\n<p>Posteriormente, Javier Etchetto se posicion\u00f3 s\u00e9ptimo con 163.17 vueltas, superando a Sergio La Vega (161 vueltas) y Danilo Nicoloso (156.99), quienes, a pesar de su talento, enfrentaron obst\u00e1culos que les impidieron alcanzar las posiciones de arriba. Finalmente, Christian Pasti Melconian, piloto que frecuentemente colabora con <strong><a href=\"https:\/\/autoshowslot.blogspot.com\/\" target=\"_blank\" rel=\"noopener\">AUTOSHOWSLOT<\/a><\/strong>, cerr\u00f3 el top ten con un desempe\u00f1o de 151.81 vueltas.<\/p>\n<h3 class=\"mt-6 mb-2 font-semibold text-2xl\" data-streamdown=\"heading-2\"><strong><span style=\"font-size: 14pt;\">Un Evento para el Recuerdo<\/span><\/strong><\/h3>\n<p>La jornada en ACCAL fue un claro ejemplo de la evoluci\u00f3n t\u00e9cnica y la velocidad que caracteriza a esta competencia. La organizaci\u00f3n del evento y la atenci\u00f3n hacia la prensa especializada fueron destacadas, estableciendo un est\u00e1ndar a seguir en futuras actividades. Con un ambiente festivo y competitivo, esta carrera se posiciona como una de las m\u00e1s emocionantes en el calendario automovil\u00edstico local.<\/p>\n","protected":false},"excerpt":{"rendered":"<p>Maxi Naranjo brill\u00f3 en la pista del TC en ACCAL, registrando un impresionante tiempo de 3.890, seguido por Adri\u00e1n Simonetti. Una carrera marcada por la t\u00e9cnica y el buen ambiente.<\/p>\n","protected":false},"author":4,"featured_media":16727,"comment_status":"closed","ping_status":"closed","sticky":false,"template":"","format":"standard","meta":{"tdm_status":"","tdm_grid_status":"","footnotes":""},"categories":[20,2],"tags":[510,19,44],"class_list":{"0":"post-18263","1":"post","2":"type-post","3":"status-publish","4":"format-standard","5":"has-post-thumbnail","7":"category-automodelismo","8":"category-featured","9":"tag-accal","10":"tag-automodelismo","11":"tag-tc"},"_links":{"self":[{"href":"https:\/\/diariodelujan.com\/xdeporte\/wp-json\/wp\/v2\/posts\/18263","targetHints":{"allow":["GET"]}}],"collection":[{"href":"https:\/\/diariodelujan.com\/xdeporte\/wp-json\/wp\/v2\/posts"}],"about":[{"href":"https:\/\/diariodelujan.com\/xdeporte\/wp-json\/wp\/v2\/types\/post"}],"author":[{"embeddable":true,"href":"https:\/\/diariodelujan.com\/xdeporte\/wp-json\/wp\/v2\/users\/4"}],"replies":[{"embeddable":true,"href":"https:\/\/diariodelujan.com\/xdeporte\/wp-json\/wp\/v2\/comments?post=18263"}],"version-history":[{"count":3,"href":"https:\/\/diariodelujan.com\/xdeporte\/wp-json\/wp\/v2\/posts\/18263\/revisions"}],"predecessor-version":[{"id":18266,"href":"https:\/\/diariodelujan.com\/xdeporte\/wp-json\/wp\/v2\/posts\/18263\/revisions\/18266"}],"wp:featuredmedia":[{"embeddable":true,"href":"https:\/\/diariodelujan.com\/xdeporte\/wp-json\/wp\/v2\/media\/16727"}],"wp:attachment":[{"href":"https:\/\/diariodelujan.com\/xdeporte\/wp-json\/wp\/v2\/media?parent=18263"}],"wp:term":[{"taxonomy":"category","embeddable":true,"href":"https:\/\/diariodelujan.com\/xdeporte\/wp-json\/wp\/v2\/categories?post=18263"},{"taxonomy":"post_tag","embeddable":true,"href":"https:\/\/diariodelujan.com\/xdeporte\/wp-json\/wp\/v2\/tags?post=18263"}],"curies":[{"name":"wp","href":"https:\/\/api.w.org\/{rel}","templated":true}]}}