{"id":19742,"date":"2026-09-01T08:19:37","date_gmt":"2026-09-01T11:19:37","guid":{"rendered":"https:\/\/diariodelujan.com\/xdeporte\/?p=19742"},"modified":"2026-09-01T08:19:37","modified_gmt":"2026-09-01T11:19:37","slug":"gabriel-gonzalez-va-a-mexico","status":"publish","type":"post","link":"https:\/\/diariodelujan.com\/xdeporte\/gabriel-gonzalez-va-a-mexico\/","title":{"rendered":"Gabriel Gonz\u00e1lez va a M\u00e9xico y har\u00e1 historia con Flandria"},"content":{"rendered":"<p><span style=\"font-family: georgia, palatino, serif; font-size: 14pt;\"><em>Gabriel Gonz\u00e1lez, jugador de Flandria, fue convocado por AFA para representar a Argentina en M\u00e9xico durante el T21 Guadalajara 2026, una competencia internacional.<\/em><\/span><\/p>\n<p><!--more--><\/p>\n<p>Gabriel Gonz\u00e1lez tendr\u00e1 en septiembre uno de los desaf\u00edos m\u00e1s importantes de su trayectoria deportiva.<\/p>\n<div id=\"ez-toc-container\" class=\"ez-toc-v2_0_87 counter-hierarchy ez-toc-counter ez-toc-grey ez-toc-container-direction\">\n<div class=\"ez-toc-title-container\">\n<p class=\"ez-toc-title\" style=\"cursor:inherit\">Temas en esta nota<\/p>\n<span class=\"ez-toc-title-toggle\"><a href=\"#\" class=\"ez-toc-pull-right ez-toc-btn ez-toc-btn-xs ez-toc-btn-default ez-toc-toggle\" aria-label=\"Toggle Table of Content\"><span class=\"ez-toc-js-icon-con\"><span class=\"\"><span class=\"eztoc-hide\" style=\"display:none;\">Toggle<\/span><span class=\"ez-toc-icon-toggle-span\"><svg style=\"fill: #999;color:#999\" xmlns=\"http:\/\/www.w3.org\/2000\/svg\" class=\"list-377408\" width=\"20px\" height=\"20px\" viewBox=\"0 0 24 24\" fill=\"none\"><path d=\"M6 6H4v2h2V6zm14 0H8v2h12V6zM4 11h2v2H4v-2zm16 0H8v2h12v-2zM4 16h2v2H4v-2zm16 0H8v2h12v-2z\" fill=\"currentColor\"><\/path><\/svg><svg style=\"fill: #999;color:#999\" class=\"arrow-unsorted-368013\" xmlns=\"http:\/\/www.w3.org\/2000\/svg\" width=\"10px\" height=\"10px\" viewBox=\"0 0 24 24\" version=\"1.2\" baseProfile=\"tiny\"><path d=\"M18.2 9.3l-6.2-6.3-6.2 6.3c-.2.2-.3.4-.3.7s.1.5.3.7c.2.2.4.3.7.3h11c.3 0 .5-.1.7-.3.2-.2.3-.5.3-.7s-.1-.5-.3-.7zM5.8 14.7l6.2 6.3 6.2-6.3c.2-.2.3-.5.3-.7s-.1-.5-.3-.7c-.2-.2-.4-.3-.7-.3h-11c-.3 0-.5.1-.7.3-.2.2-.3.5-.3.7s.1.5.3.7z\"\/><\/svg><\/span><\/span><\/span><\/a><\/span><\/div>\n<nav><ul class='ez-toc-list ez-toc-list-level-1 ' ><li class='ez-toc-page-1 ez-toc-heading-level-3'><a class=\"ez-toc-link ez-toc-heading-1\" href=\"https:\/\/diariodelujan.com\/xdeporte\/gabriel-gonzalez-va-a-mexico\/#Gabriel_convocado_por_AFA\" >Gabriel, convocado por AFA<\/a><\/li><li class='ez-toc-page-1 ez-toc-heading-level-3'><a class=\"ez-toc-link ez-toc-heading-2\" href=\"https:\/\/diariodelujan.com\/xdeporte\/gabriel-gonzalez-va-a-mexico\/#Futbol_inclusivo_con_presencia_internacional\" >F\u00fatbol inclusivo con presencia internacional<\/a><\/li><li class='ez-toc-page-1 ez-toc-heading-level-3'><a class=\"ez-toc-link ez-toc-heading-3\" href=\"https:\/\/diariodelujan.com\/xdeporte\/gabriel-gonzalez-va-a-mexico\/#Una_historia_que_representa_a_Lujan\" >Una historia que representa a Luj\u00e1n<\/a><\/li><\/ul><\/nav><\/div>\n<h3><span class=\"ez-toc-section\" id=\"Gabriel_convocado_por_AFA\"><\/span><span style=\"font-size: 14pt;\"><strong>Gabriel, convocado por AFA<\/strong><\/span><span class=\"ez-toc-section-end\"><\/span><\/h3>\n<p>El jugador que integra el equipo de f\u00fatbol inclusivo del Club Social y Deportivo Flandria fue seleccionado para formar parte del plantel nacional que representar\u00e1 a la Asociaci\u00f3n del F\u00fatbol Argentino (AFA) en el Torneo Internacional de F\u00fatbol 5 para Personas con S\u00edndrome de Down \u201cT21 Guadalajara 2026\u201d.<\/p>\n<p>La competencia se desarrollar\u00e1 durante septiembre en M\u00e9xico y reunir\u00e1 a delegaciones de distintos pa\u00edses. Para Gabriel, la convocatoria significa la posibilidad de vestir la camiseta argentina y competir en un escenario internacional. Para Flandria y Luj\u00e1n, representa adem\u00e1s una presencia in\u00e9dita en un torneo de estas caracter\u00edsticas.<\/p>\n<p>La noticia fue recibida con enorme emoci\u00f3n por la comunidad vinculada con el club y la Fundaci\u00f3n que acompa\u00f1a al equipo. El camino recorrido por Gabriel hasta alcanzar esta convocatoria estuvo marcado por el entrenamiento, el esfuerzo y el acompa\u00f1amiento de su familia, sus compa\u00f1eros y las instituciones que hicieron posible su desarrollo deportivo.<\/p>\n<p>Desde la Fundaci\u00f3n expresaron el orgullo que significa haber formado parte de ese proceso. Gustavo, integrante de la organizaci\u00f3n, destac\u00f3 especialmente la posibilidad de ver a Gabriel alcanzar un objetivo que durante mucho tiempo form\u00f3 parte de sus sue\u00f1os.<\/p>\n<p>La convocatoria de <strong><a href=\"https:\/\/afa-internacional.com\/\" target=\"_blank\" rel=\"noopener\">AFA<\/a> <\/strong>constituye as\u00ed un reconocimiento al trabajo realizado y abre una nueva etapa para el joven deportista, que tendr\u00e1 la posibilidad de representar al pa\u00eds fuera de la Argentina.<\/p>\n<p><a href=\"https:\/\/diariodelujan.com\/xdeporte\/wp-content\/uploads\/2026\/09\/gabriel-flandria.webp\"><img loading=\"lazy\" decoding=\"async\" class=\"alignnone size-full wp-image-19748\" src=\"https:\/\/diariodelujan.com\/xdeporte\/wp-content\/uploads\/2026\/09\/gabriel-flandria.webp\" alt=\"Gabriel Gonz\u00e1lez va a M\u00e9xico\" width=\"828\" height=\"540\" title=\"\" srcset=\"https:\/\/diariodelujan.com\/xdeporte\/wp-content\/uploads\/2026\/09\/gabriel-flandria.webp 828w, https:\/\/diariodelujan.com\/xdeporte\/wp-content\/uploads\/2026\/09\/gabriel-flandria-300x196.webp 300w, https:\/\/diariodelujan.com\/xdeporte\/wp-content\/uploads\/2026\/09\/gabriel-flandria-768x501.webp 768w, https:\/\/diariodelujan.com\/xdeporte\/wp-content\/uploads\/2026\/09\/gabriel-flandria-644x420.webp 644w, https:\/\/diariodelujan.com\/xdeporte\/wp-content\/uploads\/2026\/09\/gabriel-flandria-696x454.webp 696w\" sizes=\"auto, (max-width: 828px) 100vw, 828px\" \/><\/a><\/p>\n<h3><span class=\"ez-toc-section\" id=\"Futbol_inclusivo_con_presencia_internacional\"><\/span><span style=\"font-size: 14pt;\"><strong>F\u00fatbol inclusivo con presencia internacional<\/strong><\/span><span class=\"ez-toc-section-end\"><\/span><\/h3>\n<p>El viaje de Gabriel adquiere una dimensi\u00f3n especial porque los colores de Flandria y de la Fundaci\u00f3n estar\u00e1n presentes, por primera vez en la historia de Luj\u00e1n, en una competencia internacional de f\u00fatbol 5 para personas con S\u00edndrome de Down.<\/p>\n<p>El torneo T21 Guadalajara 2026 tiene prevista la participaci\u00f3n de equipos de diferentes lugares del mundo. Entre los pa\u00edses mencionados se encuentran M\u00e9xico, Emiratos \u00c1rabes Unidos, Guatemala, Colombia, Costa Rica, Brasil, Inglaterra y Argentina, adem\u00e1s de otras delegaciones.<\/p>\n<p>La participaci\u00f3n internacional permitir\u00e1 poner en contacto distintas experiencias deportivas y ofrecer a los jugadores la posibilidad de competir en un \u00e1mbito especialmente destinado al f\u00fatbol para personas con S\u00edndrome de Down.<\/p>\n<p>En ese contexto, la presencia de Gabriel representa tambi\u00e9n la proyecci\u00f3n de una experiencia que se desarrolla en el \u00e1mbito local. El f\u00fatbol inclusivo permite que personas con discapacidad encuentren un espacio para practicar un deporte, desarrollar sus capacidades y formar parte de una estructura colectiva.<\/p>\n<p>El recorrido de Gabriel demuestra, adem\u00e1s, la importancia del acompa\u00f1amiento institucional. La posibilidad de entrenar, competir y sostener una actividad deportiva puede convertirse en el punto de partida para objetivos que trascienden el \u00e1mbito local.<\/p>\n<p>Su convocatoria al seleccionado argentino lleva esa experiencia a otro nivel. El jugador de Flandria pasar\u00e1 de defender los colores de su club a representar a la Argentina en una competencia internacional.<\/p>\n<p>Para el club y la Fundaci\u00f3n, el logro tambi\u00e9n tiene un componente simb\u00f3lico: uno de sus integrantes tendr\u00e1 la posibilidad de mostrar en M\u00e9xico el trabajo que se realiza en Luj\u00e1n y llevar consigo los colores de una instituci\u00f3n con una fuerte identidad deportiva.<\/p>\n<h3><span class=\"ez-toc-section\" id=\"Una_historia_que_representa_a_Lujan\"><\/span><span style=\"font-size: 14pt;\"><strong>Una historia que representa a Luj\u00e1n<\/strong><\/span><span class=\"ez-toc-section-end\"><\/span><\/h3>\n<p>Detr\u00e1s de la convocatoria existe una historia personal y colectiva. Gabriel no llegar\u00e1 a M\u00e9xico solamente con el objetivo de disputar partidos. En su viaje estar\u00e1n presentes las personas que acompa\u00f1aron su recorrido y las experiencias construidas junto a sus compa\u00f1eros.<\/p>\n<p><a href=\"https:\/\/diariodelujan.com\/xdeporte\/wp-content\/uploads\/2026\/09\/gabriel.webp\"><img loading=\"lazy\" decoding=\"async\" class=\"alignnone size-full wp-image-19747\" src=\"https:\/\/diariodelujan.com\/xdeporte\/wp-content\/uploads\/2026\/09\/gabriel.webp\" alt=\"Gabriel Gonz\u00e1lez va a M\u00e9xico\" width=\"830\" height=\"602\" title=\"\" srcset=\"https:\/\/diariodelujan.com\/xdeporte\/wp-content\/uploads\/2026\/09\/gabriel.webp 830w, https:\/\/diariodelujan.com\/xdeporte\/wp-content\/uploads\/2026\/09\/gabriel-300x218.webp 300w, https:\/\/diariodelujan.com\/xdeporte\/wp-content\/uploads\/2026\/09\/gabriel-768x557.webp 768w, https:\/\/diariodelujan.com\/xdeporte\/wp-content\/uploads\/2026\/09\/gabriel-579x420.webp 579w, https:\/\/diariodelujan.com\/xdeporte\/wp-content\/uploads\/2026\/09\/gabriel-696x505.webp 696w, https:\/\/diariodelujan.com\/xdeporte\/wp-content\/uploads\/2026\/09\/gabriel-324x235.webp 324w\" sizes=\"auto, (max-width: 830px) 100vw, 830px\" \/><\/a><\/p>\n<p>La familia tendr\u00e1 un papel central durante esta nueva etapa, al igual que sus compa\u00f1eros de equipo, entrenadores, dirigentes y todos aquellos que fueron parte del camino que desemboc\u00f3 en la convocatoria nacional.<\/p>\n<p>Desde la Fundaci\u00f3n remarcaron precisamente ese aspecto al se\u00f1alar que detr\u00e1s de esta oportunidad hay sue\u00f1os, esfuerzo y acompa\u00f1amiento. La llegada de Gabriel a un seleccionado nacional permite visibilizar hasta d\u00f3nde puede llegar un deportista cuando cuenta con espacios adecuados para desarrollar su potencial.<\/p>\n<p>Para Luj\u00e1n, la participaci\u00f3n tendr\u00e1 adem\u00e1s un significado particular. La ciudad estar\u00e1 representada en M\u00e9xico a trav\u00e9s de un jugador que comenz\u00f3 su recorrido deportivo en el \u00e1mbito local y que ahora tendr\u00e1 la oportunidad de competir internacionalmente.<\/p>\n<p>Los colores de <a href=\"https:\/\/diariodelujan.com\/xdeporte\/flandria-gano-una-final-y-tomo-aire\/\">Flandria<\/a> viajar\u00e1n con Gabriel y estar\u00e1n presentes durante una competencia que reunir\u00e1 a equipos de diferentes pa\u00edses. Ser\u00e1 una experiencia in\u00e9dita para la instituci\u00f3n y un momento especial para quienes integran el proyecto de f\u00fatbol inclusivo.<\/p>\n<p>La expectativa estar\u00e1 puesta en septiembre, cuando el jugador se incorpore a la delegaci\u00f3n argentina y llegue el momento de entrar a la cancha. All\u00ed comenzar\u00e1 una experiencia que quedar\u00e1 vinculada con la historia deportiva de Gabriel, de Flandria y de Luj\u00e1n.<\/p>\n<p>Porque detr\u00e1s de la camiseta argentina tambi\u00e9n estar\u00e1 la camiseta de Flandria, el respaldo de su Fundaci\u00f3n y el acompa\u00f1amiento de una comunidad que seguir\u00e1 su participaci\u00f3n desde la distancia.<\/p>\n<p>Gabriel Gonz\u00e1lez tendr\u00e1 la oportunidad de cumplir un sue\u00f1o en M\u00e9xico. Y cuando salga a jugar, llevar\u00e1 consigo el esfuerzo de todo un recorrido deportivo y el orgullo de representar a una ciudad que seguir\u00e1 de cerca cada paso de esta experiencia internacional.<\/p>\n","protected":false},"excerpt":{"rendered":"<p>Gabriel Gonz\u00e1lez, jugador de Flandria, fue convocado por AFA para representar a Argentina en M\u00e9xico durante el T21 Guadalajara 2026, una competencia internacional.<\/p>\n","protected":false},"author":4,"featured_media":19746,"comment_status":"closed","ping_status":"closed","sticky":false,"template":"","format":"standard","meta":{"tdm_status":"","tdm_grid_status":"","footnotes":""},"categories":[8,2],"tags":[734,172,173],"class_list":["post-19742","post","type-post","status-publish","format-standard","has-post-thumbnail","category-futbol","category-featured","tag-deporte-inclusivo","tag-flandria","tag-futbol"],"_links":{"self":[{"href":"https:\/\/diariodelujan.com\/xdeporte\/wp-json\/wp\/v2\/posts\/19742","targetHints":{"allow":["GET"]}}],"collection":[{"href":"https:\/\/diariodelujan.com\/xdeporte\/wp-json\/wp\/v2\/posts"}],"about":[{"href":"https:\/\/diariodelujan.com\/xdeporte\/wp-json\/wp\/v2\/types\/post"}],"author":[{"embeddable":true,"href":"https:\/\/diariodelujan.com\/xdeporte\/wp-json\/wp\/v2\/users\/4"}],"replies":[{"embeddable":true,"href":"https:\/\/diariodelujan.com\/xdeporte\/wp-json\/wp\/v2\/comments?post=19742"}],"version-history":[{"count":4,"href":"https:\/\/diariodelujan.com\/xdeporte\/wp-json\/wp\/v2\/posts\/19742\/revisions"}],"predecessor-version":[{"id":19749,"href":"https:\/\/diariodelujan.com\/xdeporte\/wp-json\/wp\/v2\/posts\/19742\/revisions\/19749"}],"wp:featuredmedia":[{"embeddable":true,"href":"https:\/\/diariodelujan.com\/xdeporte\/wp-json\/wp\/v2\/media\/19746"}],"wp:attachment":[{"href":"https:\/\/diariodelujan.com\/xdeporte\/wp-json\/wp\/v2\/media?parent=19742"}],"wp:term":[{"taxonomy":"category","embeddable":true,"href":"https:\/\/diariodelujan.com\/xdeporte\/wp-json\/wp\/v2\/categories?post=19742"},{"taxonomy":"post_tag","embeddable":true,"href":"https:\/\/diariodelujan.com\/xdeporte\/wp-json\/wp\/v2\/tags?post=19742"}],"curies":[{"name":"wp","href":"https:\/\/api.w.org\/{rel}","templated":true}]}}