{"id":245,"date":"2023-10-17T21:13:34","date_gmt":"2023-10-18T00:13:34","guid":{"rendered":"https:\/\/www.diariodelujan.com\/?p=245"},"modified":"2024-07-23T02:28:11","modified_gmt":"2024-07-23T05:28:11","slug":"adrian-simonetti-se-impuso-en-la-pista-de-acal","status":"publish","type":"post","link":"https:\/\/diariodelujan.com\/xdeporte\/adrian-simonetti-se-impuso-en-la-pista-de-acal\/","title":{"rendered":"Adrian Simonetti se impuso en la pista de ACAL"},"content":{"rendered":"<p><em><span style=\"font-size: 17px; font-family: georgia, palatino, serif;\">Adrian Simonetti se impuso en la pista de ACAL el pasado viernes en la pista de Venerando Rodr\u00edguez 113 a pasos de Carlos Pellegrini, donde fue escoltado por Sergio La Vega y Maxi Naranjo.<\/span><\/em><!--more--><\/p>\n<p><img loading=\"lazy\" decoding=\"async\" class=\"alignnone size-full wp-image-147\" src=\"https:\/\/diariodelujan.com\/xdeporte\/wp-content\/uploads\/2023\/10\/circuito-automodelismo.webp\" alt=\"pista de ACAL\" width=\"800\" height=\"587\" title=\"\"><\/p>\n<p>[dropcap]E[\/dropcap]l \u00faltimo viernes se llev\u00f3 a cabo una nueva fecha de la categoria TC en ACAL &#8211; resultando ganador el muy veloz y constante piloto Adri\u00e1n Simonetti superando a Sergio La Vega quien. a su vez, releg\u00f3 al tercer escal\u00f3n del podio al piloto de Gral Rodr\u00edguez, Maxi Naranjo.<\/p>\n<p>En la clasificaci\u00f3n previa, el mejor tiempo fue para Maxi Naranjo (4.107), 2do Fabi\u00e1n Rodr\u00edguez (4.124) y 3ero Sergio la Vega con 4.165.<\/p>\n<p>Tras un breve intervalo para ajustar las m\u00e1quinas y ordenar las series, se larg\u00f3 la final a todo o nada, donde sobresali\u00f3 llev\u00e1ndose por menos de una vuelta, la victoria, el siempre amable Adri\u00e1n Simonetti que en muy buena actuaci\u00f3n consigui\u00f3 160.43 vtas.<\/p>\n<p>Tras el ganador con 159.65 arrib\u00f3 2do Sergio La Vega de muy buena demostraci\u00f3n de manejo y puesta a punto. Complet\u00f3 el podio el 3ro Maxi Naranjo que con mu\u00f1eca llev\u00f3 adelante un auto que no respond\u00eda como el piloto exig\u00eda (158.05).<\/p>\n<p>Felicitaciones al podio y al resto de los pilotos y preparadores de la categor\u00eda que son su presencia apoyan el automodelismo slot lujanense de ACAL.<\/p>\n<p>En 4to lugar en las pistas fue para Horacio Ninkov 155 vtas 5to arrib\u00f3 Fabi\u00e1n Rodr\u00edguez (154,37), fue 6to Pasty 152 7mo Danilo 151, 8vo Casanova (146) 9no Javier Braiotta (133) 10mo Tom\u00e1s Ninkov (114) 11mo Jos\u00e9 Rodr\u00edguez con 69 vtas por problemas en su unidad, 11mo Colmenares (66) que solo pudo completar 3 v\u00edas abandonando por inconvenientes mec\u00e1nicos.<br \/>\n<em><br \/>\nNota Ricardo Vega<br \/>\nInforme e imagenes ACAL<\/em><\/p>\n","protected":false},"excerpt":{"rendered":"<p>Adrian Simonetti se impuso en la pista de ACAL el pasado viernes en la pista de Venerando Rodr\u00edguez 113 a pasos de Carlos Pellegrini, donde fue escoltado por Sergio La Vega y Maxi Naranjo.<\/p>\n","protected":false},"author":4,"featured_media":8264,"comment_status":"closed","ping_status":"closed","sticky":false,"template":"","format":"standard","meta":{"tdm_status":"","tdm_grid_status":"","footnotes":""},"categories":[20],"tags":[18,19,21],"class_list":{"0":"post-245","1":"post","2":"type-post","3":"status-publish","4":"format-standard","5":"has-post-thumbnail","7":"category-automodelismo","8":"tag-acal","9":"tag-automodelismo","10":"tag-slot"},"_links":{"self":[{"href":"https:\/\/diariodelujan.com\/xdeporte\/wp-json\/wp\/v2\/posts\/245","targetHints":{"allow":["GET"]}}],"collection":[{"href":"https:\/\/diariodelujan.com\/xdeporte\/wp-json\/wp\/v2\/posts"}],"about":[{"href":"https:\/\/diariodelujan.com\/xdeporte\/wp-json\/wp\/v2\/types\/post"}],"author":[{"embeddable":true,"href":"https:\/\/diariodelujan.com\/xdeporte\/wp-json\/wp\/v2\/users\/4"}],"replies":[{"embeddable":true,"href":"https:\/\/diariodelujan.com\/xdeporte\/wp-json\/wp\/v2\/comments?post=245"}],"version-history":[{"count":1,"href":"https:\/\/diariodelujan.com\/xdeporte\/wp-json\/wp\/v2\/posts\/245\/revisions"}],"predecessor-version":[{"id":13647,"href":"https:\/\/diariodelujan.com\/xdeporte\/wp-json\/wp\/v2\/posts\/245\/revisions\/13647"}],"wp:featuredmedia":[{"embeddable":true,"href":"https:\/\/diariodelujan.com\/xdeporte\/wp-json\/wp\/v2\/media\/8264"}],"wp:attachment":[{"href":"https:\/\/diariodelujan.com\/xdeporte\/wp-json\/wp\/v2\/media?parent=245"}],"wp:term":[{"taxonomy":"category","embeddable":true,"href":"https:\/\/diariodelujan.com\/xdeporte\/wp-json\/wp\/v2\/categories?post=245"},{"taxonomy":"post_tag","embeddable":true,"href":"https:\/\/diariodelujan.com\/xdeporte\/wp-json\/wp\/v2\/tags?post=245"}],"curies":[{"name":"wp","href":"https:\/\/api.w.org\/{rel}","templated":true}]}}