{"id":248,"date":"2023-10-20T21:16:40","date_gmt":"2023-10-21T00:16:40","guid":{"rendered":"https:\/\/www.diariodelujan.com\/?p=248"},"modified":"2023-10-20T21:16:40","modified_gmt":"2023-10-21T00:16:40","slug":"flandria-empato-y-perdio-la-categoria","status":"publish","type":"post","link":"https:\/\/diariodelujan.com\/xdeporte\/flandria-empato-y-perdio-la-categoria\/","title":{"rendered":"Flandria empat\u00f3 y perdi\u00f3 la categor\u00eda"},"content":{"rendered":"<p><span style=\"font-family: georgia, palatino, serif; font-size: 17px;\"><em>En una tarde cambiante y de puro dramatismo, el \u00abCanario\u00bb empat\u00f3 ante el conjunto sanjuanino y termin\u00f3 perdiendo la categor\u00eda por el triunfo ag\u00f3nico de San Telmo contra Mor\u00f3n.<\/em> <\/span><!--more--><\/p>\n<p><img loading=\"lazy\" decoding=\"async\" src=\"https:\/\/diariodelujan.com\/xdeporte\/wp-content\/uploads\/2023\/10\/san-martin-SJ-Flandria.webp\" alt=\"san martin SJ Flandria\" width=\"700\" height=\"445\" class=\"alignnone size-full wp-image-176\" title=\"\"><\/p>\n<p><img loading=\"lazy\" decoding=\"async\" class=\"alignnone size-full wp-image-869\" src=\"https:\/\/diariodelujan.com\/xdeporte\/wp-content\/uploads\/2023\/10\/san-martin-SJ-Flandria.webp\" alt=\"San Mart\u00edn igual\u00f3 en la \u00faltima jugada y descendi\u00f3 a Flandria\" width=\"700\" height=\"445\" title=\"\"><\/p>\n<p>El encuentro comenz\u00f3 con dientes apretados y Flandria se carg\u00f3 de amarillas. Una vez m\u00e1s Franco Tisera estuvo cerca con un remate que en dos tiempos logr\u00f3 contener el arquero cuyano. <\/p>\n<p>El milagro estuvo cerca. Pero no le alcanz\u00f3. Flandria perdi\u00f3 la categor\u00eda en la \u00faltima fecha del Nacional en un cierre electrizante. Es que el Canario le ganaba a San Mart\u00edn de San Juan y San Telmo empataba ante Mor\u00f3n. F<\/p>\n<p>La m\u00e1s clara para el Santo Sanjuanino lleg\u00f3 con un remate de media distancia de Arturia que encontr\u00f3 a Mart\u00edn Perafan volando hacia atr\u00e1s aunque la pelota tras rozar en las manos del uno revent\u00f3 el travesa\u00f1o. Con el parcial igualado se fueron al descanso.<\/p>\n<p>En el segundo tiempo los nervios comenzaron a jugarle una mala pasada a los dirigidos por Walter Diaz que sin embargo pudieron sobreponerse. Desde el Nuevo Francisco Urbano llegaba la noticia de un gol de San Telmo que dejaba sin chances al Canario, pero luego el empate del Gallo volvi\u00f3 a dejar con vida al de J\u00e1uregui. Arturia remat\u00f3 al palo y Flandria respir\u00f3.<\/p>\n<p>Pasada la media hora de juego Marcos Rivadero con un golazo coloc\u00f3 la pelota lejos del alcance del arquero Mariano Monllor para poner el 1 a 0. <\/p>\n<p>En tiempo adicionado al reglamentario lleg\u00f3 el gol del conjunto de la Isla Maciel y las matem\u00e1ticas condenaban al Canario. Se lo perdi\u00f3 Alejandro Gonz\u00e1lez y de contragolpe Aguirre encontr\u00f3 la igualdad 1 a 1 y el descenso consumado de Flandria.<\/p>\n","protected":false},"excerpt":{"rendered":"<p>En una tarde cambiante y de puro dramatismo, el \u00abCanario\u00bb empat\u00f3 ante el conjunto sanjuanino y termin\u00f3 perdiendo la categor\u00eda por el triunfo ag\u00f3nico de San Telmo contra Mor\u00f3n.<\/p>\n","protected":false},"author":4,"featured_media":13881,"comment_status":"closed","ping_status":"closed","sticky":false,"template":"","format":"standard","meta":{"tdm_status":"","tdm_grid_status":"","footnotes":""},"categories":[8],"tags":[171,172,173],"class_list":{"0":"post-248","1":"post","2":"type-post","3":"status-publish","4":"format-standard","5":"has-post-thumbnail","7":"category-futbol","8":"tag-canario","9":"tag-flandria","10":"tag-futbol"},"_links":{"self":[{"href":"https:\/\/diariodelujan.com\/xdeporte\/wp-json\/wp\/v2\/posts\/248","targetHints":{"allow":["GET"]}}],"collection":[{"href":"https:\/\/diariodelujan.com\/xdeporte\/wp-json\/wp\/v2\/posts"}],"about":[{"href":"https:\/\/diariodelujan.com\/xdeporte\/wp-json\/wp\/v2\/types\/post"}],"author":[{"embeddable":true,"href":"https:\/\/diariodelujan.com\/xdeporte\/wp-json\/wp\/v2\/users\/4"}],"replies":[{"embeddable":true,"href":"https:\/\/diariodelujan.com\/xdeporte\/wp-json\/wp\/v2\/comments?post=248"}],"version-history":[{"count":0,"href":"https:\/\/diariodelujan.com\/xdeporte\/wp-json\/wp\/v2\/posts\/248\/revisions"}],"wp:featuredmedia":[{"embeddable":true,"href":"https:\/\/diariodelujan.com\/xdeporte\/wp-json\/wp\/v2\/media\/13881"}],"wp:attachment":[{"href":"https:\/\/diariodelujan.com\/xdeporte\/wp-json\/wp\/v2\/media?parent=248"}],"wp:term":[{"taxonomy":"category","embeddable":true,"href":"https:\/\/diariodelujan.com\/xdeporte\/wp-json\/wp\/v2\/categories?post=248"},{"taxonomy":"post_tag","embeddable":true,"href":"https:\/\/diariodelujan.com\/xdeporte\/wp-json\/wp\/v2\/tags?post=248"}],"curies":[{"name":"wp","href":"https:\/\/api.w.org\/{rel}","templated":true}]}}