{"id":3724,"date":"2023-12-17T20:46:34","date_gmt":"2023-12-17T23:46:34","guid":{"rendered":"https:\/\/www.diariodelujan.com\/?p=3724"},"modified":"2023-12-17T20:46:34","modified_gmt":"2023-12-17T23:46:34","slug":"lujan-rugby-club-informo-sobre-danos-en-los-predios","status":"publish","type":"post","link":"https:\/\/diariodelujan.com\/xdeporte\/lujan-rugby-club-informo-sobre-danos-en-los-predios\/","title":{"rendered":"Luj\u00e1n Rugby Club inform\u00f3 sobre da\u00f1os en los predios"},"content":{"rendered":"<p><span style=\"font-family: georgia, palatino, serif; font-size: 14pt;\"><em>Luego de las fuertes tormentas, la Comisi\u00f3n Directiva de Luj\u00e1n Rugby Club inform\u00f3 sobre los da\u00f1os sufridos en los predios de Dr. Real y del barrio La Loma.<\/em><\/span><\/p>\n<p><!--more--><\/p>\n<p><img loading=\"lazy\" decoding=\"async\" class=\"size-full wp-image-3726 aligncenter\" src=\"https:\/\/diariodelujan.com\/xdeporte\/wp-content\/uploads\/2023\/12\/WhatsApp-Image-2023-12-17-at-19.20.45-2.webp\" alt=\"Luj\u00e1n Rugby Club inform\u00f3 sobre da\u00f1os en los predios\" width=\"650\" height=\"670\" title=\"\" srcset=\"https:\/\/diariodelujan.com\/xdeporte\/wp-content\/uploads\/2023\/12\/WhatsApp-Image-2023-12-17-at-19.20.45-2.webp 650w, https:\/\/diariodelujan.com\/xdeporte\/wp-content\/uploads\/2023\/12\/WhatsApp-Image-2023-12-17-at-19.20.45-2-291x300.webp 291w, https:\/\/diariodelujan.com\/xdeporte\/wp-content\/uploads\/2023\/12\/WhatsApp-Image-2023-12-17-at-19.20.45-2-407x420.webp 407w\" sizes=\"auto, (max-width: 650px) 100vw, 650px\" \/><\/p>\n<p>[dropcap]E[\/dropcap]ste domingo, desde Luj\u00e1n Rugby Club, notific\u00f3 a los lujanenses por medio de im\u00e1genes y videos sobre las secuelas que dej\u00f3 el fuerte temporal. Sin embargo, aclararon que las actividades en los predios no se ver\u00edan interrumpidas.<\/p>\n<p><img loading=\"lazy\" decoding=\"async\" class=\"size-full wp-image-3727 aligncenter\" src=\"https:\/\/diariodelujan.com\/xdeporte\/wp-content\/uploads\/2023\/12\/WhatsApp-Image-2023-12-17-at-19.20.45.webp\" alt=\"Luj\u00e1n Rugby Club inform\u00f3 sobre da\u00f1os en los predios\" width=\"650\" height=\"562\" title=\"\" srcset=\"https:\/\/diariodelujan.com\/xdeporte\/wp-content\/uploads\/2023\/12\/WhatsApp-Image-2023-12-17-at-19.20.45.webp 650w, https:\/\/diariodelujan.com\/xdeporte\/wp-content\/uploads\/2023\/12\/WhatsApp-Image-2023-12-17-at-19.20.45-300x259.webp 300w, https:\/\/diariodelujan.com\/xdeporte\/wp-content\/uploads\/2023\/12\/WhatsApp-Image-2023-12-17-at-19.20.45-486x420.webp 486w\" sizes=\"auto, (max-width: 650px) 100vw, 650px\" \/><\/p>\n<p>&#8220;Queremos informales a todas las familias del club que la tormenta de la madrugada caus\u00f3 da\u00f1os en los predios de Dr. Real y del barrio La Loma&#8221;.<\/p>\n<p>&#8220;En los pr\u00f3ximos d\u00edas estaremos reparando dichos da\u00f1os pero CONTINUAR\u00c1 FUNCIONANDO CON NORMALIDAD la actividad del club como el gimnasio y la post temporada&#8221;, dijeron desde el club.<\/p>\n<div class=\"wp-playlist wp-video-playlist wp-playlist-light\">\n\t\t<video controls=\"controls\" preload=\"none\" width=\"674\"\n\t\t height=\"854\"\t><\/video>\n\t<div class=\"wp-playlist-next\"><\/div>\n\t<div class=\"wp-playlist-prev\"><\/div>\n\t<noscript>\n\t<ol>\n\t\t<li><a href='https:\/\/diariodelujan.com\/xdeporte\/wp-content\/uploads\/2023\/12\/lrc-temporal-1.mp4'>Temporal en LRC (1)<\/a><\/li><li><a href='https:\/\/diariodelujan.com\/xdeporte\/wp-content\/uploads\/2023\/12\/lrc-temporal-2.mp4'>Temporal en LRC (2)<\/a><\/li><li><a href='https:\/\/diariodelujan.com\/xdeporte\/wp-content\/uploads\/2023\/12\/lrc-temporal-3.mp4'>Temporal en LRC (3)<\/a><\/li>\t<\/ol>\n\t<\/noscript>\n\t<script type=\"application\/json\" class=\"wp-playlist-script\">{\"type\":\"video\",\"tracklist\":true,\"tracknumbers\":true,\"images\":true,\"artists\":true,\"tracks\":[{\"src\":\"https:\/\/diariodelujan.com\/xdeporte\/wp-content\/uploads\/2023\/12\/lrc-temporal-1.mp4\",\"type\":\"video\/mp4\",\"title\":\"Temporal en LRC (1)\",\"caption\":\"\",\"description\":\"\",\"meta\":{\"length_formatted\":\"0:12\"},\"dimensions\":{\"original\":{\"width\":480,\"height\":608},\"resized\":{\"width\":674,\"height\":854}},\"image\":{\"src\":\"https:\/\/diariodelujan.com\/xdeporte\/wp-includes\/images\/media\/video.svg\",\"width\":48,\"height\":64},\"thumb\":{\"src\":\"https:\/\/diariodelujan.com\/xdeporte\/wp-includes\/images\/media\/video.svg\",\"width\":48,\"height\":64}},{\"src\":\"https:\/\/diariodelujan.com\/xdeporte\/wp-content\/uploads\/2023\/12\/lrc-temporal-2.mp4\",\"type\":\"video\/mp4\",\"title\":\"Temporal en LRC (2)\",\"caption\":\"\",\"description\":\"\",\"meta\":{\"length_formatted\":\"0:21\"},\"dimensions\":{\"original\":{\"width\":480,\"height\":608},\"resized\":{\"width\":674,\"height\":854}},\"image\":{\"src\":\"https:\/\/diariodelujan.com\/xdeporte\/wp-includes\/images\/media\/video.svg\",\"width\":48,\"height\":64},\"thumb\":{\"src\":\"https:\/\/diariodelujan.com\/xdeporte\/wp-includes\/images\/media\/video.svg\",\"width\":48,\"height\":64}},{\"src\":\"https:\/\/diariodelujan.com\/xdeporte\/wp-content\/uploads\/2023\/12\/lrc-temporal-3.mp4\",\"type\":\"video\/mp4\",\"title\":\"Temporal en LRC (3)\",\"caption\":\"\",\"description\":\"\",\"meta\":{\"length_formatted\":\"0:08\"},\"dimensions\":{\"original\":{\"width\":480,\"height\":608},\"resized\":{\"width\":674,\"height\":854}},\"image\":{\"src\":\"https:\/\/diariodelujan.com\/xdeporte\/wp-includes\/images\/media\/video.svg\",\"width\":48,\"height\":64},\"thumb\":{\"src\":\"https:\/\/diariodelujan.com\/xdeporte\/wp-includes\/images\/media\/video.svg\",\"width\":48,\"height\":64}}]}<\/script>\n<\/div>\n\t\n","protected":false},"excerpt":{"rendered":"<p>Luego de las fuertes tormentas, la Comisi\u00f3n Directiva de Luj\u00e1n Rugby Club inform\u00f3 sobre los da\u00f1os sufridos en los predios de Dr. Real y del barrio La Loma.<\/p>\n","protected":false},"author":3,"featured_media":3725,"comment_status":"closed","ping_status":"closed","sticky":false,"template":"","format":"standard","meta":{"tdm_status":"","tdm_grid_status":"","footnotes":""},"categories":[1],"tags":[126,114,122,22,127],"class_list":{"0":"post-3724","1":"post","2":"type-post","3":"status-publish","4":"format-standard","5":"has-post-thumbnail","7":"category-rugby","8":"tag-danos","9":"tag-lrc","10":"tag-lujan-rugby-club","11":"tag-promocion","12":"tag-temporal"},"_links":{"self":[{"href":"https:\/\/diariodelujan.com\/xdeporte\/wp-json\/wp\/v2\/posts\/3724","targetHints":{"allow":["GET"]}}],"collection":[{"href":"https:\/\/diariodelujan.com\/xdeporte\/wp-json\/wp\/v2\/posts"}],"about":[{"href":"https:\/\/diariodelujan.com\/xdeporte\/wp-json\/wp\/v2\/types\/post"}],"author":[{"embeddable":true,"href":"https:\/\/diariodelujan.com\/xdeporte\/wp-json\/wp\/v2\/users\/3"}],"replies":[{"embeddable":true,"href":"https:\/\/diariodelujan.com\/xdeporte\/wp-json\/wp\/v2\/comments?post=3724"}],"version-history":[{"count":0,"href":"https:\/\/diariodelujan.com\/xdeporte\/wp-json\/wp\/v2\/posts\/3724\/revisions"}],"wp:featuredmedia":[{"embeddable":true,"href":"https:\/\/diariodelujan.com\/xdeporte\/wp-json\/wp\/v2\/media\/3725"}],"wp:attachment":[{"href":"https:\/\/diariodelujan.com\/xdeporte\/wp-json\/wp\/v2\/media?parent=3724"}],"wp:term":[{"taxonomy":"category","embeddable":true,"href":"https:\/\/diariodelujan.com\/xdeporte\/wp-json\/wp\/v2\/categories?post=3724"},{"taxonomy":"post_tag","embeddable":true,"href":"https:\/\/diariodelujan.com\/xdeporte\/wp-json\/wp\/v2\/tags?post=3724"}],"curies":[{"name":"wp","href":"https:\/\/api.w.org\/{rel}","templated":true}]}}