{"id":4250,"date":"2023-12-29T08:54:57","date_gmt":"2023-12-29T11:54:57","guid":{"rendered":"https:\/\/www.diariodelujan.com\/?p=4250"},"modified":"2024-07-23T02:28:08","modified_gmt":"2024-07-23T05:28:08","slug":"mauro-carreira-se-impuso-en-del-viso","status":"publish","type":"post","link":"https:\/\/diariodelujan.com\/xdeporte\/mauro-carreira-se-impuso-en-del-viso\/","title":{"rendered":"Mauro Carreira se impuso en Del Viso"},"content":{"rendered":"<p><span style=\"font-family: georgia, palatino, serif; font-size: 14pt;\"><em>Con los mejores pilotos de la actualidad en el Grupo 12, Mauro Carreira se impuso en Del Viso en la esperada competencia de esta veloz divisional del automodelismo slot nacional.<\/em><\/span><!--more--><\/p>\n<p>[dropcap]R[\/dropcap]icardo Gimenez, el amable piloto de Pergamino, fue el poleman (2.714) seguido, en la prueba de clasificaci\u00f3n, por Claudio Gabrielli, un velocista de los mejores (2.724), mientras el experimentado piloto preparador Luis Brescia se sub\u00eda al tercer lugar del podio con su mejor vuelta de 2.730, preanunciando que ser\u00eda uno de los hombres a tener en cuenta en el resultado final.<\/p>\n<p>Con gran expectativa y un muy buen parque constituido por la mayor\u00eda de los mejores pilotos y preparadores de la actualidad, se larg\u00f3 la final en la pista anfitriona, t\u00e9cnica y a la vez muy veloz en particular para esta categoria, en la que cada detalle cuenta a la hora de correr y ganar.<\/p>\n<p>El resultado final fue la ratificaci\u00f3n de varios candidatos a la punta, pero tambi\u00e9n castigo para quienes por distintos motivos &#8211; roturas o salidas de pista &#8211; perdieron valiosas vueltas o abandonaron.<\/p>\n<p><a href=\"https:\/\/diariodelujan.com\/xdeporte\/wp-content\/uploads\/2023\/12\/nsmail.webp\"><img loading=\"lazy\" decoding=\"async\" class=\"alignnone size-full wp-image-4252\" src=\"https:\/\/diariodelujan.com\/xdeporte\/wp-content\/uploads\/2023\/12\/nsmail.webp\" alt=\"Mauro Carreira se impuso en Del Viso\" width=\"798\" height=\"467\" title=\"\" srcset=\"https:\/\/diariodelujan.com\/xdeporte\/wp-content\/uploads\/2023\/12\/nsmail.webp 798w, https:\/\/diariodelujan.com\/xdeporte\/wp-content\/uploads\/2023\/12\/nsmail-300x176.webp 300w, https:\/\/diariodelujan.com\/xdeporte\/wp-content\/uploads\/2023\/12\/nsmail-768x449.webp 768w, https:\/\/diariodelujan.com\/xdeporte\/wp-content\/uploads\/2023\/12\/nsmail-718x420.webp 718w, https:\/\/diariodelujan.com\/xdeporte\/wp-content\/uploads\/2023\/12\/nsmail-696x407.webp 696w\" sizes=\"auto, (max-width: 798px) 100vw, 798px\" \/><\/a><\/p>\n<p><strong>Gan\u00f3 el experimentado piloto constructor Mauro Carreira,<\/strong> ratificando su excepcional momento , con la suma final de 375.09 vtas superando al 2do, el destacado Luis Brescia que redonde\u00f3, sumando 373.82 giros una persecuci\u00f3n espectacular con registros, vuelta a vuelta muy similares a los del ganador e incluso en una v\u00eda mejorando lo hecho en la punta.<\/p>\n<p>Fue tercero, en una demostraci\u00f3n de mec\u00e1nica y mu\u00f1eca, el local Diego Cordone (367.28) que se las arregl\u00f3, ante el d\u00fao puntero, para alcanzar un aplaudido y merecido \u00faltimo lugar en el podio de los notables. Felicitaciones \u00a1\u00a1\u00a1<\/p>\n<p>Continuando con el comentario de esta emocionante carrera &#8211; una de las mejores del a\u00f1o &#8211; decimos que lleg\u00f3 al marcador final en 4to lugar el local Norberto Rossi de excelente desempe\u00f1o con 364.90 , fue 5to Alberto Selinger que vuelve a estar competitivo (358.23) , 6to Oscar Crespo con 354.02 algo lejos de sus pretensiones<\/p>\n<p>El 7mo lugar en el resultado final fue para <strong>Horacio Ninkov, el piloto revelaci\u00f3n de ACAL Luj\u00e1n<\/strong> , en muy buena performance alcanzado un registro de 353.13 .<\/p>\n<p>El 8vo puesto fue para el representante del <strong>Danger Quattro (Haedo) Juan Iacono<\/strong> con 253.45 y el 9no puesto con 251.22 fue para Gustavo Mellado , un luchador incansable del slot que con poca experiencia en este tipo de categor\u00edas, supo llegar a la meta.<\/p>\n<p>Cerr\u00f3 el top ten en 10 lugar Gustavo Cassina otro que viene haciendo un buen papel desde el ingreso a esta pista (340.04).<\/p>\n<p>El 11mo lugar en el resultado final fue para Ricardo Gim\u00e9nez que hab\u00eda sido el &#8220;poleman&#8221; en clasificaci\u00f3n pero que perdi\u00f3 vueltas en carrera , en especial en dos v\u00edas, lo que lo alej\u00f3 de un lugar en el podio. Sum\u00f3 338.84 giros.<\/p>\n<p><a href=\"https:\/\/diariodelujan.com\/xdeporte\/wp-content\/uploads\/2023\/12\/ENTRE-LOS-MEJORES-DEL-PAIS-GANO-MAURO-CARREIRA.webp\"><img loading=\"lazy\" decoding=\"async\" class=\"alignnone size-full wp-image-4253\" src=\"https:\/\/diariodelujan.com\/xdeporte\/wp-content\/uploads\/2023\/12\/ENTRE-LOS-MEJORES-DEL-PAIS-GANO-MAURO-CARREIRA.webp\" alt=\"Mauro Carreira se impuso en Del Viso\" width=\"800\" height=\"584\" title=\"\" srcset=\"https:\/\/diariodelujan.com\/xdeporte\/wp-content\/uploads\/2023\/12\/ENTRE-LOS-MEJORES-DEL-PAIS-GANO-MAURO-CARREIRA.webp 800w, https:\/\/diariodelujan.com\/xdeporte\/wp-content\/uploads\/2023\/12\/ENTRE-LOS-MEJORES-DEL-PAIS-GANO-MAURO-CARREIRA-300x219.webp 300w, https:\/\/diariodelujan.com\/xdeporte\/wp-content\/uploads\/2023\/12\/ENTRE-LOS-MEJORES-DEL-PAIS-GANO-MAURO-CARREIRA-768x561.webp 768w, https:\/\/diariodelujan.com\/xdeporte\/wp-content\/uploads\/2023\/12\/ENTRE-LOS-MEJORES-DEL-PAIS-GANO-MAURO-CARREIRA-575x420.webp 575w, https:\/\/diariodelujan.com\/xdeporte\/wp-content\/uploads\/2023\/12\/ENTRE-LOS-MEJORES-DEL-PAIS-GANO-MAURO-CARREIRA-696x508.webp 696w\" sizes=\"auto, (max-width: 800px) 100vw, 800px\" \/><\/a><\/p>\n<p>Fue 12do sin terminar la carrera el velocista Claudio Gabrieli un especialista del G12 (259.99). Clasific\u00f3 13ro tambi\u00e9n con problemas el entusiasta Fernando Piangatelli (244.46).<\/p>\n<p>No pudo terminar la carrera otro excelente piloto y ganador de la Copa Interpistas Acero Sport 2023, Diego Rossi cuando la rotura de una corona lo dej\u00f3 de a pie cuando disputaba los primeros lugares en las primeras dos v\u00edas (14to con 143.99 vtas).<\/p>\n<p>En res\u00famen, un carrer\u00f3n en una categor\u00eda de primer\u00edsimo nivel en prestaciones y velocidad que fue disputada en sana camarader\u00eda y franca competencia.<\/p>\n<p>Felicitaciones a la organizaci\u00f3n y a todos los que participando apoyan la pista y el automodelismo slot.<\/p>\n<p><span style=\"font-family: georgia, palatino, serif;\"><em><span style=\"background-color: #808080;\">NOTA RICARDO VEGA<\/span><\/em><\/span><br \/>\n<span style=\"font-family: georgia, palatino, serif;\"><em><span style=\"background-color: #808080;\">IMAGENES ADA<\/span><\/em><\/span><br \/>\n<span style=\"font-family: georgia, palatino, serif;\"><em><span style=\"background-color: #808080;\">RESULTADOS Y PLANILLAS ADA<\/span><\/em><\/span><\/p>\n","protected":false},"excerpt":{"rendered":"<p>Con los mejores pilotos de la actualidad en el Grupo 12, Mauro Carreira se impuso en Del Viso en la esperada competencia de esta veloz divisional del automodelismo slot nacional.<\/p>\n","protected":false},"author":4,"featured_media":4251,"comment_status":"closed","ping_status":"closed","sticky":false,"template":"","format":"standard","meta":{"tdm_status":"","tdm_grid_status":"","footnotes":""},"categories":[20],"tags":[32,72,52,21],"class_list":{"0":"post-4250","1":"post","2":"type-post","3":"status-publish","4":"format-standard","5":"has-post-thumbnail","7":"category-automodelismo","8":"tag-ada","9":"tag-carreira-mauri","10":"tag-del-viso","11":"tag-slot"},"_links":{"self":[{"href":"https:\/\/diariodelujan.com\/xdeporte\/wp-json\/wp\/v2\/posts\/4250","targetHints":{"allow":["GET"]}}],"collection":[{"href":"https:\/\/diariodelujan.com\/xdeporte\/wp-json\/wp\/v2\/posts"}],"about":[{"href":"https:\/\/diariodelujan.com\/xdeporte\/wp-json\/wp\/v2\/types\/post"}],"author":[{"embeddable":true,"href":"https:\/\/diariodelujan.com\/xdeporte\/wp-json\/wp\/v2\/users\/4"}],"replies":[{"embeddable":true,"href":"https:\/\/diariodelujan.com\/xdeporte\/wp-json\/wp\/v2\/comments?post=4250"}],"version-history":[{"count":1,"href":"https:\/\/diariodelujan.com\/xdeporte\/wp-json\/wp\/v2\/posts\/4250\/revisions"}],"predecessor-version":[{"id":13634,"href":"https:\/\/diariodelujan.com\/xdeporte\/wp-json\/wp\/v2\/posts\/4250\/revisions\/13634"}],"wp:featuredmedia":[{"embeddable":true,"href":"https:\/\/diariodelujan.com\/xdeporte\/wp-json\/wp\/v2\/media\/4251"}],"wp:attachment":[{"href":"https:\/\/diariodelujan.com\/xdeporte\/wp-json\/wp\/v2\/media?parent=4250"}],"wp:term":[{"taxonomy":"category","embeddable":true,"href":"https:\/\/diariodelujan.com\/xdeporte\/wp-json\/wp\/v2\/categories?post=4250"},{"taxonomy":"post_tag","embeddable":true,"href":"https:\/\/diariodelujan.com\/xdeporte\/wp-json\/wp\/v2\/tags?post=4250"}],"curies":[{"name":"wp","href":"https:\/\/api.w.org\/{rel}","templated":true}]}}