{"id":4571,"date":"2024-01-09T11:46:24","date_gmt":"2024-01-09T14:46:24","guid":{"rendered":"https:\/\/www.diariodelujan.com\/?p=4571"},"modified":"2024-01-09T11:46:24","modified_gmt":"2024-01-09T14:46:24","slug":"flandria-se-prepara-para-la-temporada-2024-en-la-b-metro","status":"publish","type":"post","link":"https:\/\/diariodelujan.com\/xdeporte\/flandria-se-prepara-para-la-temporada-2024-en-la-b-metro\/","title":{"rendered":"Flandria se prepara para la Temporada 2024 en la B Metro"},"content":{"rendered":"<p><span style=\"font-family: georgia, palatino, serif; font-size: 14pt;\"><em>Flandria arranc\u00f3 los entrenamientos de pretemporada de cara a una nueva etapa en la B Metropolitana con la confirmaci\u00f3n de tres refuerzos y tres renovaciones.<\/em><\/span><\/p>\n<p><!--more--><\/p>\n<p>[dropcap]E[\/dropcap]l conjunto dirigido por Walter D\u00edaz ha dado inicio a los entrenamientos para la Temporada 2024 de la Primera B Metropolitana.<\/p>\n<p>El primer refuerzo del equipo, el experimentado arquero Federico D\u00edaz, de 31 a\u00f1os, se uni\u00f3 a los entrenamientos, marcando el inicio de una nueva etapa para el Canario.<\/p>\n<p>D\u00edas m\u00e1s tarde, el club ha confirmado novedades significativas. Iv\u00e1n Becker, mediocampista de 32 a\u00f1os con una vasta experiencia en diversos clubes, se ha convertido en el segundo refuerzo de Flandria.<\/p>\n<p>Por \u00faltimo, Juan Manuel Cabrera, el defensor surgido de las inferiores de Argentinos Juniors y con pasado en UAI Urquiza, es la tercera adici\u00f3n de Flandria.<\/p>\n<p>Adem\u00e1s, noticias positivas han llegado con la extensi\u00f3n de v\u00ednculos. Alejandro Gonz\u00e1lez, as\u00ed como Franco Canever y Andr\u00e9s Camacho han renovado sus contratos hasta diciembre.<\/p>\n<p>En paralelo a esto, la Asociaci\u00f3n del F\u00fatbol Argentino llev\u00f3 a cabo el sorteo del fixture para los encuentros de este a\u00f1o, donde se defini\u00f3 que Flandria debutar\u00e1 enfrentando a Dock Sud como visitante.<\/p>\n","protected":false},"excerpt":{"rendered":"<p>Flandria arranc\u00f3 los entrenamientos de pretemporada de cara a una nueva etapa en la B Metropolitana con la confirmaci\u00f3n de tres refuerzos y tres renovaciones.<\/p>\n","protected":false},"author":4,"featured_media":4585,"comment_status":"closed","ping_status":"closed","sticky":false,"template":"","format":"standard","meta":{"tdm_status":"","tdm_grid_status":"","footnotes":""},"categories":[8],"tags":[181,171,172,182,22,183],"class_list":{"0":"post-4571","1":"post","2":"type-post","3":"status-publish","4":"format-standard","5":"has-post-thumbnail","7":"category-futbol","8":"tag-181","9":"tag-canario","10":"tag-flandria","11":"tag-primera-b-metropolitana","12":"tag-promocion","13":"tag-refuerzos"},"_links":{"self":[{"href":"https:\/\/diariodelujan.com\/xdeporte\/wp-json\/wp\/v2\/posts\/4571","targetHints":{"allow":["GET"]}}],"collection":[{"href":"https:\/\/diariodelujan.com\/xdeporte\/wp-json\/wp\/v2\/posts"}],"about":[{"href":"https:\/\/diariodelujan.com\/xdeporte\/wp-json\/wp\/v2\/types\/post"}],"author":[{"embeddable":true,"href":"https:\/\/diariodelujan.com\/xdeporte\/wp-json\/wp\/v2\/users\/4"}],"replies":[{"embeddable":true,"href":"https:\/\/diariodelujan.com\/xdeporte\/wp-json\/wp\/v2\/comments?post=4571"}],"version-history":[{"count":0,"href":"https:\/\/diariodelujan.com\/xdeporte\/wp-json\/wp\/v2\/posts\/4571\/revisions"}],"wp:featuredmedia":[{"embeddable":true,"href":"https:\/\/diariodelujan.com\/xdeporte\/wp-json\/wp\/v2\/media\/4585"}],"wp:attachment":[{"href":"https:\/\/diariodelujan.com\/xdeporte\/wp-json\/wp\/v2\/media?parent=4571"}],"wp:term":[{"taxonomy":"category","embeddable":true,"href":"https:\/\/diariodelujan.com\/xdeporte\/wp-json\/wp\/v2\/categories?post=4571"},{"taxonomy":"post_tag","embeddable":true,"href":"https:\/\/diariodelujan.com\/xdeporte\/wp-json\/wp\/v2\/tags?post=4571"}],"curies":[{"name":"wp","href":"https:\/\/api.w.org\/{rel}","templated":true}]}}