{"id":4594,"date":"2024-01-09T14:32:43","date_gmt":"2024-01-09T17:32:43","guid":{"rendered":"https:\/\/www.diariodelujan.com\/?p=4594"},"modified":"2024-01-09T14:32:43","modified_gmt":"2024-01-09T17:32:43","slug":"lujan-confirma-su-decimo-refuerzo-para-este-ano","status":"publish","type":"post","link":"https:\/\/diariodelujan.com\/xdeporte\/lujan-confirma-su-decimo-refuerzo-para-este-ano\/","title":{"rendered":"Luj\u00e1n confirma su d\u00e9cimo refuerzo para este a\u00f1o"},"content":{"rendered":"<p><span style=\"font-family: georgia, palatino, serif; font-size: 14pt;\"><em>El Club Luj\u00e1n ha dado inicio a su pretemporada en el Estadio 1\u00b0 de Abril del barrio San Emilio con miras a la temporada 2024 de la Primera C.<\/em><\/span><!--more--><\/p>\n<p>[dropcap]B[\/dropcap]ajo la direcci\u00f3n de Gerardo &#8220;Piri&#8221; Garate, Luj\u00e1n present\u00f3 sus recientes adiciones al plantel profesional. Entre las nuevas caras que vestir\u00e1n la camiseta del Lujanero, se destacan: Cristian Godoy, Jos\u00e9 Barreal, Ignacio Gallardo, Rodrigo Dinocco, Alexis Grzesiak, Facundo Rojas, Federico Pellegrino, Pedro Alfonso, Mateo Tarrio y Gast\u00f3n Albornoz. Con estos refuerzos, el club<\/p>\n<p>Adem\u00e1s, con el nuevo formato, luego de la fusi\u00f3n de la Primera C con la Primera D, el campeonato contar\u00e1 con 25 clubes, con Apertura y Clausura. Con un solo posible ascenso y un \u00faltimo lugar que penalizar\u00e1 al peor equipo en la tabla general con la desafiliaci\u00f3n de la AFA por un a\u00f1o.<\/p>\n<p>En este contexto, el Lujanero buscar\u00e1 encarar con determinaci\u00f3n la temporada que se avecina. El sorteo del fixture ha deparado que el primer equipo de los 24 con los que se enfrentar\u00e1 Luj\u00e1n ser\u00e1 Deportivo Paraguayo, como local.<\/p>\n<p><a href=\"https:\/\/diariodelujan.com\/xdeporte\/wp-content\/uploads\/2024\/01\/Entrenamiento-de-arqueros.webp\"><img loading=\"lazy\" decoding=\"async\" class=\"alignnone size-full wp-image-4608\" src=\"https:\/\/diariodelujan.com\/xdeporte\/wp-content\/uploads\/2024\/01\/Entrenamiento-de-arqueros.webp\" alt=\"\" width=\"700\" height=\"525\" title=\"\" srcset=\"https:\/\/diariodelujan.com\/xdeporte\/wp-content\/uploads\/2024\/01\/Entrenamiento-de-arqueros.webp 700w, https:\/\/diariodelujan.com\/xdeporte\/wp-content\/uploads\/2024\/01\/Entrenamiento-de-arqueros-300x225.webp 300w, https:\/\/diariodelujan.com\/xdeporte\/wp-content\/uploads\/2024\/01\/Entrenamiento-de-arqueros-560x420.webp 560w, https:\/\/diariodelujan.com\/xdeporte\/wp-content\/uploads\/2024\/01\/Entrenamiento-de-arqueros-80x60.webp 80w, https:\/\/diariodelujan.com\/xdeporte\/wp-content\/uploads\/2024\/01\/Entrenamiento-de-arqueros-696x522.webp 696w, https:\/\/diariodelujan.com\/xdeporte\/wp-content\/uploads\/2024\/01\/Entrenamiento-de-arqueros-265x198.webp 265w\" sizes=\"auto, (max-width: 700px) 100vw, 700px\" \/><\/a><\/p>\n<p>Mientras, en la 11\u00b0 fecha visitar\u00e1 a Club Mercedes y en la 18\u00b0 recibir\u00e1 a Leandro N. Alem.<\/p>\n<h3><span style=\"font-size: 14pt;\"><strong>El fixture completo<\/strong><\/span><\/h3>\n<p>1) Deportivo Paraguayo (L)<br \/>\n2) JJ Urquiza (V)<br \/>\n3) Yupanqui (L)<br \/>\n4) Berazategui (V)<br \/>\n5) Sportivo Barracas (L)<br \/>\n6) Libre<br \/>\n7) El Porvenir (V)<br \/>\n8) Ituzaing\u00f3 (L)<br \/>\n9) Lamadrid (V)<br \/>\n10) Mu\u00f1iz (L)<br \/>\n11) Club Mercedes (V)<br \/>\n12) Central C\u00f3rdoba de Rosario (L)<br \/>\n13 Puerto (V)<br \/>\n14) Lugano (L)<br \/>\n15) Juventud (V)<br \/>\n16) Claypole (L)<br \/>\n17) Central Ballester (V)<br \/>\n18) Leandro N. Alem (L)<br \/>\n19) Victoriano Arenas (V)<br \/>\n20) Centro Espa\u00f1ol (L)<br \/>\n21) Deportivo Espa\u00f1ol (V)<br \/>\n22) Atlas (L)<br \/>\n23) Defensores de Cambaceres (V)<br \/>\n24) Argentino Rosario (L)<br \/>\n25) Real Pilar (V)<\/p>\n<h4><strong>El torneo de la Primera C<\/strong><\/h4>\n<p>La fusi\u00f3n entre la Primera C y la Primera D tendr\u00e1 su primera temporada bajo el r\u00e9gimen profesional y ser\u00e1 con 25 equipos: 13 que permanecieron de la C, 11 equipos provenientes de la D e Ituzaing\u00f3 que descendi\u00f3 de la B.<\/p>\n<p>Como en el torneo de la Primera B, se dividir\u00e1 en Apertura y Clausura, todos contra todos a una ronda y comenzar\u00e1 el primer fin de semana de febrero.<\/p>\n<p>La \u00fanica diferencia con la B Metro es que el ganador de la final entre ambos vencedores de cada torneo se quedar\u00e1 con el \u00fanico ascenso que otorga la categor\u00eda, ya que no habr\u00e1 Reducido.<\/p>\n<p>En tanto, la novedad est\u00e1 en los descensos: el equipo que pierda la categor\u00eda, tal como suced\u00eda en la Primera D, ser\u00e1 desafiliado por un a\u00f1o.<\/p>\n<p>&nbsp;<\/p>\n<p><span style=\"color: #999999;\">Foto: FB Club Luj\u00e1n<\/span><\/p>\n","protected":false},"excerpt":{"rendered":"<p>El Club Luj\u00e1n ha dado inicio a su pretemporada en el Estadio 1\u00b0 de Abril del barrio San Emilio con miras a la temporada 2024 de la Primera C.<\/p>\n","protected":false},"author":4,"featured_media":4604,"comment_status":"closed","ping_status":"closed","sticky":false,"template":"","format":"standard","meta":{"tdm_status":"","tdm_grid_status":"","footnotes":""},"categories":[8],"tags":[173,117,184,130,22,183],"class_list":{"0":"post-4594","1":"post","2":"type-post","3":"status-publish","4":"format-standard","5":"has-post-thumbnail","7":"category-futbol","8":"tag-futbol","9":"tag-lujan","10":"tag-lujanero","11":"tag-primera-c","12":"tag-promocion","13":"tag-refuerzos"},"_links":{"self":[{"href":"https:\/\/diariodelujan.com\/xdeporte\/wp-json\/wp\/v2\/posts\/4594","targetHints":{"allow":["GET"]}}],"collection":[{"href":"https:\/\/diariodelujan.com\/xdeporte\/wp-json\/wp\/v2\/posts"}],"about":[{"href":"https:\/\/diariodelujan.com\/xdeporte\/wp-json\/wp\/v2\/types\/post"}],"author":[{"embeddable":true,"href":"https:\/\/diariodelujan.com\/xdeporte\/wp-json\/wp\/v2\/users\/4"}],"replies":[{"embeddable":true,"href":"https:\/\/diariodelujan.com\/xdeporte\/wp-json\/wp\/v2\/comments?post=4594"}],"version-history":[{"count":0,"href":"https:\/\/diariodelujan.com\/xdeporte\/wp-json\/wp\/v2\/posts\/4594\/revisions"}],"wp:featuredmedia":[{"embeddable":true,"href":"https:\/\/diariodelujan.com\/xdeporte\/wp-json\/wp\/v2\/media\/4604"}],"wp:attachment":[{"href":"https:\/\/diariodelujan.com\/xdeporte\/wp-json\/wp\/v2\/media?parent=4594"}],"wp:term":[{"taxonomy":"category","embeddable":true,"href":"https:\/\/diariodelujan.com\/xdeporte\/wp-json\/wp\/v2\/categories?post=4594"},{"taxonomy":"post_tag","embeddable":true,"href":"https:\/\/diariodelujan.com\/xdeporte\/wp-json\/wp\/v2\/tags?post=4594"}],"curies":[{"name":"wp","href":"https:\/\/api.w.org\/{rel}","templated":true}]}}