{"id":4710,"date":"2024-01-12T23:00:14","date_gmt":"2024-01-13T02:00:14","guid":{"rendered":"https:\/\/www.diariodelujan.com\/?p=4710"},"modified":"2024-07-23T02:28:08","modified_gmt":"2024-07-23T05:28:08","slug":"nuevo-aniversario-del-natalicio-de-omar-wilke","status":"publish","type":"post","link":"https:\/\/diariodelujan.com\/xdeporte\/nuevo-aniversario-del-natalicio-de-omar-wilke\/","title":{"rendered":"Nuevo aniversario del natalicio de Omar Wilke"},"content":{"rendered":"<p><span style=\"font-family: georgia, palatino, serif; font-size: 14pt;\"><em>Se record\u00f3, esta semana, la figura de Omar Wilke el m\u00edtico preparador de Turismo de Carretera en un aniversario m\u00e1s de su natalicio.<\/em> <\/span><!--more--><\/p>\n<p>[dropcap]S[\/dropcap]e abrieron entonces las puertas del taller de preparaci\u00f3n y desarrollo de motores de alta competici\u00f3n, entre ellos , el del inolvidable <strong>&#8220;Chevrolet 7 de Oros&#8221;<\/strong> y posteriormente en la Dodge tambi\u00e9n de Roberto Mouras Campe\u00f3n de TC 1983, 84 y 85 en forma consecutiva. Tambi\u00e9n consigui\u00f3 el campeonato de 1993 con Walter Hern\u00e1ndez y el Ford del equipo Trepat.<\/p>\n<p><a href=\"https:\/\/diariodelujan.com\/xdeporte\/wp-content\/uploads\/2024\/01\/aniversario-natalicio-de-Omar-Wilke.webp\"><img loading=\"lazy\" decoding=\"async\" class=\"alignnone size-full wp-image-4717\" src=\"https:\/\/diariodelujan.com\/xdeporte\/wp-content\/uploads\/2024\/01\/aniversario-natalicio-de-Omar-Wilke.webp\" alt=\"aniversario natalicio de Omar Wilke\" width=\"650\" height=\"864\" title=\"\" srcset=\"https:\/\/diariodelujan.com\/xdeporte\/wp-content\/uploads\/2024\/01\/aniversario-natalicio-de-Omar-Wilke.webp 650w, https:\/\/diariodelujan.com\/xdeporte\/wp-content\/uploads\/2024\/01\/aniversario-natalicio-de-Omar-Wilke-226x300.webp 226w, https:\/\/diariodelujan.com\/xdeporte\/wp-content\/uploads\/2024\/01\/aniversario-natalicio-de-Omar-Wilke-316x420.webp 316w\" sizes=\"auto, (max-width: 650px) 100vw, 650px\" \/><\/a><\/p>\n<p>La organizaci\u00f3n corri\u00f3 por cuenta de la familia del recordado preparador junto a la <strong>Asociaci\u00f3n Amigos del Turismo de Carretera<\/strong> (AAdelTC).<br \/>\nEl atardecer se parti\u00f3 en dos con el rugir de varias cupecitas y compactos del TC, a los que se sumaron exquisitos autos de distintas marcas en perfecto estado de conservaci\u00f3n y est\u00e9ticamente impecables.<\/p>\n<p>El director del programa radial de la AM 890 y redes sociales de <strong>Recta Opuesta<\/strong>, Carlos Alberto Acosta , con su habitual simpat\u00eda y memoria del automovilismo deportivo nacional, rese\u00f1\u00f3 la figura de querido y recordado Omar Wilke.<\/p>\n<p><a href=\"https:\/\/diariodelujan.com\/xdeporte\/wp-content\/uploads\/2024\/01\/aniversario-del-natalicio-de-Omar-Wilke.webp\"><img loading=\"lazy\" decoding=\"async\" class=\"alignnone size-full wp-image-4716\" src=\"https:\/\/diariodelujan.com\/xdeporte\/wp-content\/uploads\/2024\/01\/aniversario-del-natalicio-de-Omar-Wilke.webp\" alt=\"aniversario natalicio de Omar Wilke\" width=\"800\" height=\"593\" title=\"\" srcset=\"https:\/\/diariodelujan.com\/xdeporte\/wp-content\/uploads\/2024\/01\/aniversario-del-natalicio-de-Omar-Wilke.webp 800w, https:\/\/diariodelujan.com\/xdeporte\/wp-content\/uploads\/2024\/01\/aniversario-del-natalicio-de-Omar-Wilke-300x222.webp 300w, https:\/\/diariodelujan.com\/xdeporte\/wp-content\/uploads\/2024\/01\/aniversario-del-natalicio-de-Omar-Wilke-768x569.webp 768w, https:\/\/diariodelujan.com\/xdeporte\/wp-content\/uploads\/2024\/01\/aniversario-del-natalicio-de-Omar-Wilke-567x420.webp 567w, https:\/\/diariodelujan.com\/xdeporte\/wp-content\/uploads\/2024\/01\/aniversario-del-natalicio-de-Omar-Wilke-80x60.webp 80w, https:\/\/diariodelujan.com\/xdeporte\/wp-content\/uploads\/2024\/01\/aniversario-del-natalicio-de-Omar-Wilke-696x516.webp 696w\" sizes=\"auto, (max-width: 800px) 100vw, 800px\" \/><\/a><\/p>\n<p>Acosta destac\u00f3 como hecho muy importante la presencia de tantos amigos del automovilismo como as\u00ed la presentaci\u00f3n de tantos autos que hacen a la historia del pasado reciente e historia del TC a los que tan relacionado estuvo este calificado preparador.<\/p>\n<p><a href=\"https:\/\/diariodelujan.com\/xdeporte\/wp-content\/uploads\/2024\/01\/aniversario-natalicio-Omar-Wilke.webp\"><img loading=\"lazy\" decoding=\"async\" class=\"alignnone size-full wp-image-4715\" src=\"https:\/\/diariodelujan.com\/xdeporte\/wp-content\/uploads\/2024\/01\/aniversario-natalicio-Omar-Wilke.webp\" alt=\"aniversario natalicio de Omar Wilke\" width=\"800\" height=\"621\" title=\"\" srcset=\"https:\/\/diariodelujan.com\/xdeporte\/wp-content\/uploads\/2024\/01\/aniversario-natalicio-Omar-Wilke.webp 800w, https:\/\/diariodelujan.com\/xdeporte\/wp-content\/uploads\/2024\/01\/aniversario-natalicio-Omar-Wilke-300x233.webp 300w, https:\/\/diariodelujan.com\/xdeporte\/wp-content\/uploads\/2024\/01\/aniversario-natalicio-Omar-Wilke-768x596.webp 768w, https:\/\/diariodelujan.com\/xdeporte\/wp-content\/uploads\/2024\/01\/aniversario-natalicio-Omar-Wilke-541x420.webp 541w, https:\/\/diariodelujan.com\/xdeporte\/wp-content\/uploads\/2024\/01\/aniversario-natalicio-Omar-Wilke-696x540.webp 696w\" sizes=\"auto, (max-width: 800px) 100vw, 800px\" \/><\/a><\/p>\n<p>En la organizaci\u00f3n del evento &#8211; muy bien realizado &#8211; particip\u00f3 en forma activa la Asociaci\u00f3n Amigos del Turismo Carretera, reafirmando el postulado de mantener viva la historia de la m\u00e1xima categoria del porte motor.<br \/>\nUna recorrida en imagenes del acto, sumado a la visita al interior del taller, incluyendo el encendido de un motor en el banco de pruebas, dan fe del inter\u00e9s que despert\u00f3 el recuerdo de Omar Wilke.<\/p>\n<p><em><span style=\"color: #808080;\">Im\u00e1genes y nota RICARDO VEGA<\/span><\/em><\/p>\n","protected":false},"excerpt":{"rendered":"<p>Se record\u00f3, esta semana, la figura de Omar Wilke el m\u00edtico preparador de Turismo de Carretera en un aniversario m\u00e1s de su natalicio.<\/p>\n","protected":false},"author":4,"featured_media":4718,"comment_status":"closed","ping_status":"closed","sticky":false,"template":"","format":"standard","meta":{"tdm_status":"","tdm_grid_status":"","footnotes":""},"categories":[13],"tags":[75,76,77,78],"class_list":{"0":"post-4710","1":"post","2":"type-post","3":"status-publish","4":"format-standard","5":"has-post-thumbnail","7":"category-motor","8":"tag-aadeltc","9":"tag-automovilismo","10":"tag-omar-wilke","11":"tag-recta-opuesta"},"_links":{"self":[{"href":"https:\/\/diariodelujan.com\/xdeporte\/wp-json\/wp\/v2\/posts\/4710","targetHints":{"allow":["GET"]}}],"collection":[{"href":"https:\/\/diariodelujan.com\/xdeporte\/wp-json\/wp\/v2\/posts"}],"about":[{"href":"https:\/\/diariodelujan.com\/xdeporte\/wp-json\/wp\/v2\/types\/post"}],"author":[{"embeddable":true,"href":"https:\/\/diariodelujan.com\/xdeporte\/wp-json\/wp\/v2\/users\/4"}],"replies":[{"embeddable":true,"href":"https:\/\/diariodelujan.com\/xdeporte\/wp-json\/wp\/v2\/comments?post=4710"}],"version-history":[{"count":1,"href":"https:\/\/diariodelujan.com\/xdeporte\/wp-json\/wp\/v2\/posts\/4710\/revisions"}],"predecessor-version":[{"id":13630,"href":"https:\/\/diariodelujan.com\/xdeporte\/wp-json\/wp\/v2\/posts\/4710\/revisions\/13630"}],"wp:featuredmedia":[{"embeddable":true,"href":"https:\/\/diariodelujan.com\/xdeporte\/wp-json\/wp\/v2\/media\/4718"}],"wp:attachment":[{"href":"https:\/\/diariodelujan.com\/xdeporte\/wp-json\/wp\/v2\/media?parent=4710"}],"wp:term":[{"taxonomy":"category","embeddable":true,"href":"https:\/\/diariodelujan.com\/xdeporte\/wp-json\/wp\/v2\/categories?post=4710"},{"taxonomy":"post_tag","embeddable":true,"href":"https:\/\/diariodelujan.com\/xdeporte\/wp-json\/wp\/v2\/tags?post=4710"}],"curies":[{"name":"wp","href":"https:\/\/api.w.org\/{rel}","templated":true}]}}