{"id":4821,"date":"2024-01-16T17:47:22","date_gmt":"2024-01-16T20:47:22","guid":{"rendered":"https:\/\/www.diariodelujan.com\/?p=4821"},"modified":"2024-01-16T17:47:22","modified_gmt":"2024-01-16T20:47:22","slug":"dictaran-el-lujan-la-carrera-de-director-tecnico-de-futbol","status":"publish","type":"post","link":"https:\/\/diariodelujan.com\/xdeporte\/dictaran-el-lujan-la-carrera-de-director-tecnico-de-futbol\/","title":{"rendered":"Dictar\u00e1n el Luj\u00e1n la carrera de Director T\u00e9cnico de F\u00fatbol"},"content":{"rendered":"<p><span style=\"font-family: georgia, palatino, serif; font-size: 14pt;\"><em>A partir de un acuerdo alcanzado entre el Municipio, la AFA y la Asociaci\u00f3n de T\u00e9cnicos de F\u00fatbol Argentino (ATFA), la Luj\u00e1n ser\u00e1 la sede regional de la carrera oficial de Director T\u00e9cnico.<\/em> <\/span><!--more--><\/p>\n<p>[dropcap]S[\/dropcap]e trata de una carrera arancelada, de tres a\u00f1os de duraci\u00f3n, con distintos niveles de licencias profesionales reconocidas por la Confederaci\u00f3n de F\u00fatbol Sudamericano (CONMEBOL):<\/p>\n<p>-Primer Nivel: Licencia \u201cC\u201d -habilita para f\u00fatbol base hasta 12 a\u00f1os- y \u201cB\u201d -habilita para f\u00fatbol infanto &#8211; juvenil amateur y formativo hasta 15 a\u00f1os-<\/p>\n<p>-Segundo Nivel: Licencia \u201cA\u201d -habilita para f\u00fatbol de j\u00f3venes \u00e9lite desde sub 16 y 3ra y 4ta divisi\u00f3n-.<\/p>\n<p>-Tercer Nivel: Licencia Pro -habilita para f\u00fatbol profesional, 1ra y 2da. divisi\u00f3n, con experiencia adquirida a especificar-.<\/p>\n<p><a href=\"https:\/\/www.diariodelujan.com\/wp-content\/uploads\/2024\/01\/Chicos-jugando-al-futbol.webp\"><img loading=\"lazy\" decoding=\"async\" class=\"alignnone wp-image-4829 size-full\" title=\"Chicos jugando al f\u00fatbol\" src=\"https:\/\/www.diariodelujan.com\/wp-content\/uploads\/2024\/01\/Chicos-jugando-al-futbol.webp\" alt=\"Chicos jugando al f\u00fatbol\" width=\"640\" height=\"427\" srcset=\"https:\/\/diariodelujan.com\/xdeporte\/wp-content\/uploads\/2024\/01\/Chicos-jugando-al-futbol.webp 640w, https:\/\/diariodelujan.com\/xdeporte\/wp-content\/uploads\/2024\/01\/Chicos-jugando-al-futbol-300x200.webp 300w, https:\/\/diariodelujan.com\/xdeporte\/wp-content\/uploads\/2024\/01\/Chicos-jugando-al-futbol-630x420.webp 630w\" sizes=\"auto, (max-width: 640px) 100vw, 640px\" \/><\/a><\/p>\n<p>Con modalidad de cursada semipresencial, las clases iniciar\u00e1n en el pr\u00f3ximo mes de marzo y estar\u00e1n a cargo de un equipo de profesionales encabezado por Ariel \u201cChino\u201d Z\u00e1rate.<\/p>\n<p>Los requisitos de inscripci\u00f3n son los siguientes:<\/p>\n<p style=\"padding-left: 40px;\"><em>-Licencia C\/B: edad m\u00ednima + 18 a\u00f1os.<\/em><\/p>\n<p style=\"padding-left: 40px;\"><em>-Licencia A: contar con Licencia B; edad m\u00ednima + 19 a\u00f1os.<\/em><\/p>\n<p style=\"padding-left: 40px;\"><em>-Licencia Pro: contar con Licencia A; edad m\u00ednima + 20 a\u00f1os.<\/em><\/p>\n<p style=\"padding-left: 40px;\"><em>La documentaci\u00f3n a presentar para realizar la inscripci\u00f3n es la siguiente:<\/em><\/p>\n<p style=\"padding-left: 40px;\"><em>-Una foto tama\u00f1o carnet (4 x 4).<\/em><\/p>\n<p style=\"padding-left: 40px;\"><em>-Certificado de Estudios Secundarios.<\/em><\/p>\n<p style=\"padding-left: 40px;\"><em>-Apto m\u00e9dico original que lo autorice a realizar ejercicios f\u00edsicos, expedido por un m\u00e9dico argentino o que resida en Argentina.<\/em><\/p>\n<p style=\"padding-left: 40px;\"><em>-Fotocopia del documento (DNI o pasaporte)<\/em><\/p>\n<p>Quienes quieran inscribirse pueden hacerlo enviando un mensaje de Whatsapp al tel\u00e9fono 11 15 36123970, o a trav\u00e9s del correo<a href=\"mailto:escueladtlujan@gmail.com\"> escueladtlujan@gmail.com<\/a>.<\/p>\n<p>Para obtener mayor informaci\u00f3n, las y los interesados pueden ingresar al siguiente enlace: <a href=\"https:\/\/www.atfa.com.ar\/web\/cursos.html\" target=\"_blank\" rel=\"noopener\">https:\/\/www.atfa.com.ar\/web\/cursos.html<\/a><\/p>\n<p>\u201cEs muy importante para Luj\u00e1n poder sumar esta instancia educativa de alcance regional para quienes quieran formarse profesionalmente como directores t\u00e9cnicos de f\u00fatbol cerca de sus lugares de residencia. Agradecemos tanto a AFA como AFTA por confiar en nosotros. Desde el Municipio estamos trabajando para contar con algunas becas que oportunamente anunciaremos\u201d, expres\u00f3 el Secretario de Desarrollo Humano, Federico Vanin.<\/p>\n","protected":false},"excerpt":{"rendered":"<p>A partir de un acuerdo alcanzado entre el Municipio, la AFA y la Asociaci\u00f3n de T\u00e9cnicos de F\u00fatbol Argentino (ATFA), la Luj\u00e1n ser\u00e1 la sede regional de la carrera oficial de Director T\u00e9cnico.<\/p>\n","protected":false},"author":4,"featured_media":4827,"comment_status":"closed","ping_status":"closed","sticky":false,"template":"","format":"standard","meta":{"tdm_status":"","tdm_grid_status":"","footnotes":""},"categories":[8],"tags":[61,185,173,22],"class_list":{"0":"post-4821","1":"post","2":"type-post","3":"status-publish","4":"format-standard","5":"has-post-thumbnail","7":"category-futbol","8":"tag-deportes","9":"tag-dt","10":"tag-futbol","11":"tag-promocion"},"_links":{"self":[{"href":"https:\/\/diariodelujan.com\/xdeporte\/wp-json\/wp\/v2\/posts\/4821","targetHints":{"allow":["GET"]}}],"collection":[{"href":"https:\/\/diariodelujan.com\/xdeporte\/wp-json\/wp\/v2\/posts"}],"about":[{"href":"https:\/\/diariodelujan.com\/xdeporte\/wp-json\/wp\/v2\/types\/post"}],"author":[{"embeddable":true,"href":"https:\/\/diariodelujan.com\/xdeporte\/wp-json\/wp\/v2\/users\/4"}],"replies":[{"embeddable":true,"href":"https:\/\/diariodelujan.com\/xdeporte\/wp-json\/wp\/v2\/comments?post=4821"}],"version-history":[{"count":0,"href":"https:\/\/diariodelujan.com\/xdeporte\/wp-json\/wp\/v2\/posts\/4821\/revisions"}],"wp:featuredmedia":[{"embeddable":true,"href":"https:\/\/diariodelujan.com\/xdeporte\/wp-json\/wp\/v2\/media\/4827"}],"wp:attachment":[{"href":"https:\/\/diariodelujan.com\/xdeporte\/wp-json\/wp\/v2\/media?parent=4821"}],"wp:term":[{"taxonomy":"category","embeddable":true,"href":"https:\/\/diariodelujan.com\/xdeporte\/wp-json\/wp\/v2\/categories?post=4821"},{"taxonomy":"post_tag","embeddable":true,"href":"https:\/\/diariodelujan.com\/xdeporte\/wp-json\/wp\/v2\/tags?post=4821"}],"curies":[{"name":"wp","href":"https:\/\/api.w.org\/{rel}","templated":true}]}}