{"id":5660,"date":"2024-02-05T11:50:39","date_gmt":"2024-02-05T14:50:39","guid":{"rendered":"https:\/\/www.diariodelujan.com\/?p=5660"},"modified":"2024-02-05T11:50:39","modified_gmt":"2024-02-05T14:50:39","slug":"flandria-debuta-ante-dock-sud","status":"publish","type":"post","link":"https:\/\/diariodelujan.com\/xdeporte\/flandria-debuta-ante-dock-sud\/","title":{"rendered":"Flandria debuta ante Dock Sud"},"content":{"rendered":"<p><span style=\"font-family: georgia, palatino, serif; font-size: 14pt;\"><em>Este lunes, Flandria visitar\u00e1 a Dock Sud, en Avellaneda, en lo que ser\u00e1 su primer encuentro oficial del a\u00f1o. El partido se jugar\u00e1 a las 17 hs.<\/em><\/span><\/p>\n<p><!--more--><\/p>\n<p><img loading=\"lazy\" decoding=\"async\" class=\"size-full wp-image-5668 aligncenter\" src=\"https:\/\/diariodelujan.com\/xdeporte\/wp-content\/uploads\/2024\/02\/flandria-entrenando2.webp\" alt=\"Flandria debuta ante Dock Sud\" width=\"650\" height=\"355\" title=\"\" srcset=\"https:\/\/diariodelujan.com\/xdeporte\/wp-content\/uploads\/2024\/02\/flandria-entrenando2.webp 650w, https:\/\/diariodelujan.com\/xdeporte\/wp-content\/uploads\/2024\/02\/flandria-entrenando2-300x164.webp 300w\" sizes=\"auto, (max-width: 650px) 100vw, 650px\" \/><\/p>\n<p>[dropcap]P[\/dropcap]ara cerrar la primera fecha de la B Metropolitana, Flandria visitar\u00e1 este lunes al Darsenero, en Avellaneda. El partido arrancar\u00e1 a partir de las 17 horas y ser\u00e1 dirigido por Wenceslao Meneses.<\/p>\n<p>Tras el p\u00e9simo desempe\u00f1o en 2023, el Canario volver\u00e1 a militar la tercera categor\u00eda del futbol argentino. En esta ocasi\u00f3n, el certamen cuenta con Apertura y Clausura, donde el ganador del Apertura jugar\u00e1 una final con el ganador del Clausura por el primer ascenso. En caso de ser el mismo equipo, ascender\u00e1 de forma directa.<\/p>\n<p>Los equipos que finalicen entre el segundo y octavo puesto (sin contar a los ganadores del Apertura y Clausura) clasificar\u00e1n a un reducido donde, en las semifinales, se unir\u00e1 el perdedor del partido por el primer ascenso (Campe\u00f3n del Apertura vs. Campe\u00f3n del Clausura). Finalmente, el ganador del reducido se enfrentar\u00e1 a un equipo del Federal A para determinar el segundo ascenso a la Primera Nacional.<\/p>\n<p>En cuanto al descenso es m\u00e1s simple, el \u00faltimo equipo en la tabla general (la que acumula los puntos de todo el a\u00f1o) caer\u00e1 a la categor\u00eda C, que a partir de este a\u00f1o es la \u00faltima categor\u00eda luego de la fusi\u00f3n con la D.<\/p>\n","protected":false},"excerpt":{"rendered":"<p>Este lunes, Flandria visitar\u00e1 a Dock Sud, en Avellaneda, en lo que ser\u00e1 su primer encuentro oficial del a\u00f1o. El partido se jugar\u00e1 a las 17 hs.<\/p>\n","protected":false},"author":4,"featured_media":5668,"comment_status":"closed","ping_status":"closed","sticky":false,"template":"","format":"standard","meta":{"tdm_status":"","tdm_grid_status":"","footnotes":""},"categories":[8],"tags":[186,187,188,172,173],"class_list":{"0":"post-5660","1":"post","2":"type-post","3":"status-publish","4":"format-standard","5":"has-post-thumbnail","7":"category-futbol","8":"tag-b-metro","9":"tag-debut","10":"tag-dock-sud","11":"tag-flandria","12":"tag-futbol"},"_links":{"self":[{"href":"https:\/\/diariodelujan.com\/xdeporte\/wp-json\/wp\/v2\/posts\/5660","targetHints":{"allow":["GET"]}}],"collection":[{"href":"https:\/\/diariodelujan.com\/xdeporte\/wp-json\/wp\/v2\/posts"}],"about":[{"href":"https:\/\/diariodelujan.com\/xdeporte\/wp-json\/wp\/v2\/types\/post"}],"author":[{"embeddable":true,"href":"https:\/\/diariodelujan.com\/xdeporte\/wp-json\/wp\/v2\/users\/4"}],"replies":[{"embeddable":true,"href":"https:\/\/diariodelujan.com\/xdeporte\/wp-json\/wp\/v2\/comments?post=5660"}],"version-history":[{"count":0,"href":"https:\/\/diariodelujan.com\/xdeporte\/wp-json\/wp\/v2\/posts\/5660\/revisions"}],"wp:featuredmedia":[{"embeddable":true,"href":"https:\/\/diariodelujan.com\/xdeporte\/wp-json\/wp\/v2\/media\/5668"}],"wp:attachment":[{"href":"https:\/\/diariodelujan.com\/xdeporte\/wp-json\/wp\/v2\/media?parent=5660"}],"wp:term":[{"taxonomy":"category","embeddable":true,"href":"https:\/\/diariodelujan.com\/xdeporte\/wp-json\/wp\/v2\/categories?post=5660"},{"taxonomy":"post_tag","embeddable":true,"href":"https:\/\/diariodelujan.com\/xdeporte\/wp-json\/wp\/v2\/tags?post=5660"}],"curies":[{"name":"wp","href":"https:\/\/api.w.org\/{rel}","templated":true}]}}