{"id":5960,"date":"2024-02-11T11:32:42","date_gmt":"2024-02-11T14:32:42","guid":{"rendered":"https:\/\/www.diariodelujan.com\/?p=5960"},"modified":"2024-02-11T11:32:42","modified_gmt":"2024-02-11T14:32:42","slug":"el-lujanero-visita-a-jj-urquiza-por-la-fecha-2","status":"publish","type":"post","link":"https:\/\/diariodelujan.com\/xdeporte\/el-lujanero-visita-a-jj-urquiza-por-la-fecha-2\/","title":{"rendered":"El Lujanero visita a JJ Urquiza por la fecha 2"},"content":{"rendered":"<p><span style=\"font-size: 14pt; font-family: georgia, palatino, serif;\"><em>Este domingo, el Lujanero visitar\u00e1 Loma Hermosa para disputar el encuentro correspondiente a la fecha 2 de la Primera C. El partido se jugar\u00e1 a las 17 horas.<\/em><\/span><br \/>\n<!--more--><br \/>\n<img loading=\"lazy\" decoding=\"async\" class=\"size-full wp-image-5964 aligncenter\" src=\"https:\/\/diariodelujan.com\/xdeporte\/wp-content\/uploads\/2024\/02\/previa-jj-lujan-2024.webp\" alt=\"El Lujanero visita a JJ Urquiza por la fecha 2\" width=\"800\" height=\"578\" title=\"\" srcset=\"https:\/\/diariodelujan.com\/xdeporte\/wp-content\/uploads\/2024\/02\/previa-jj-lujan-2024.webp 800w, https:\/\/diariodelujan.com\/xdeporte\/wp-content\/uploads\/2024\/02\/previa-jj-lujan-2024-300x217.webp 300w, https:\/\/diariodelujan.com\/xdeporte\/wp-content\/uploads\/2024\/02\/previa-jj-lujan-2024-768x555.webp 768w, https:\/\/diariodelujan.com\/xdeporte\/wp-content\/uploads\/2024\/02\/previa-jj-lujan-2024-581x420.webp 581w, https:\/\/diariodelujan.com\/xdeporte\/wp-content\/uploads\/2024\/02\/previa-jj-lujan-2024-696x503.webp 696w\" sizes=\"auto, (max-width: 800px) 100vw, 800px\" \/><\/p>\n<p>[dropcap]T[\/dropcap]ras vencer a Deportivo Paraguayo por 2 a 1 en la primera fecha, el Lujanero visitar\u00e1 a JJ Urquiza en el estadio Ram\u00f3n Mart\u00edn a partir de las 17 hs, para disputar la segunda fecha. El partido contar\u00e1 con el arbitraje de Jonathan Barrios.<\/p>\n<p>El anfitri\u00f3n de este encuentro viene de golear a Sportivo Barracas por 5 a 0 y buscar\u00e1 hacerse fuerte en casa, sumar su segundo triunfo y mantener el ritmo.<\/p>\n<p>Los dirigidos por Garate formar\u00edan con: Nahuel Vali\u00f1as; Cristi\u00e1n Godoy, Rodrigo Dinocco, Maximiliano Ant\u00fanez y Valent\u00edn Ciancio; Eladio Ramos, Gast\u00f3n Albornoz, Facundo Rojas y Rodrigo Ledesma; Pedro Alfonso y Marcos Giacovino.<\/p>\n","protected":false},"excerpt":{"rendered":"<p>Este domingo, el Lujanero visitar\u00e1 Loma Hermosa para disputar el encuentro correspondiente a la fecha 2 de la Primera C. El partido se jugar\u00e1 a las 17 horas.<\/p>\n","protected":false},"author":4,"featured_media":5964,"comment_status":"closed","ping_status":"closed","sticky":false,"template":"","format":"standard","meta":{"tdm_status":"","tdm_grid_status":"","footnotes":""},"categories":[8],"tags":[173,191,117,130],"class_list":{"0":"post-5960","1":"post","2":"type-post","3":"status-publish","4":"format-standard","5":"has-post-thumbnail","7":"category-futbol","8":"tag-futbol","9":"tag-jj-urquiza","10":"tag-lujan","11":"tag-primera-c"},"_links":{"self":[{"href":"https:\/\/diariodelujan.com\/xdeporte\/wp-json\/wp\/v2\/posts\/5960","targetHints":{"allow":["GET"]}}],"collection":[{"href":"https:\/\/diariodelujan.com\/xdeporte\/wp-json\/wp\/v2\/posts"}],"about":[{"href":"https:\/\/diariodelujan.com\/xdeporte\/wp-json\/wp\/v2\/types\/post"}],"author":[{"embeddable":true,"href":"https:\/\/diariodelujan.com\/xdeporte\/wp-json\/wp\/v2\/users\/4"}],"replies":[{"embeddable":true,"href":"https:\/\/diariodelujan.com\/xdeporte\/wp-json\/wp\/v2\/comments?post=5960"}],"version-history":[{"count":0,"href":"https:\/\/diariodelujan.com\/xdeporte\/wp-json\/wp\/v2\/posts\/5960\/revisions"}],"wp:featuredmedia":[{"embeddable":true,"href":"https:\/\/diariodelujan.com\/xdeporte\/wp-json\/wp\/v2\/media\/5964"}],"wp:attachment":[{"href":"https:\/\/diariodelujan.com\/xdeporte\/wp-json\/wp\/v2\/media?parent=5960"}],"wp:term":[{"taxonomy":"category","embeddable":true,"href":"https:\/\/diariodelujan.com\/xdeporte\/wp-json\/wp\/v2\/categories?post=5960"},{"taxonomy":"post_tag","embeddable":true,"href":"https:\/\/diariodelujan.com\/xdeporte\/wp-json\/wp\/v2\/tags?post=5960"}],"curies":[{"name":"wp","href":"https:\/\/api.w.org\/{rel}","templated":true}]}}