{"id":6148,"date":"2024-02-15T14:21:54","date_gmt":"2024-02-15T17:21:54","guid":{"rendered":"https:\/\/www.diariodelujan.com\/?p=6148"},"modified":"2024-02-15T14:21:54","modified_gmt":"2024-02-15T17:21:54","slug":"flandria-visitara-al-furgonero-por-la-fecha-3","status":"publish","type":"post","link":"https:\/\/diariodelujan.com\/xdeporte\/flandria-visitara-al-furgonero-por-la-fecha-3\/","title":{"rendered":"Flandria visitar\u00e1 al Furgonero por la fecha 3"},"content":{"rendered":"<p><span style=\"font-family: georgia, palatino, serif; font-size: 14pt;\"><em>Este viernes, Flandria visitar\u00e1 el Monumental de Villa Lynch para enfrentar a UAI Urquiza, en el encuentro correspondiente a la fecha 3 de la Primera B Metropolitana.<\/em><\/span><\/p>\n<p><!--more--><\/p>\n<p>[dropcap]L[\/dropcap]uego del empate sin goles contra Colegiales y sin la posibilidad de contar Nalerio y Z\u00e1rate por sus expulsiones, los de J\u00e1uregui viajar\u00e1n a Villa Lynch para disputar la tercera fecha del Apertura.<\/p>\n<p>Por su parte, UAI Urquiza no arranc\u00f3 bien el torneo, cay\u00f3 por la m\u00ednima diferencia en la primera fecha. Y en la segunda, perdi\u00f3 por 3 a 1 ante Villa San Carlos.<\/p>\n<p>La \u00faltima ocasi\u00f3n en la que el Canario y el Furgonero se cruzaron fue en 2021, tambi\u00e9n en la fecha 3 de la Primera B Metro, donde igualaron 1 a 1. El partido est\u00e1 programado para este viernes a las 17 horas y contar\u00e1 con el arbitraje de Gast\u00f3n Iglesias.<\/p>\n","protected":false},"excerpt":{"rendered":"<p>Este viernes, Flandria visitar\u00e1 el Monumental de Villa Lynch para enfrentar a UAI Urquiza, en el encuentro correspondiente a la fecha 3 de la Primera B Metropolitana.<\/p>\n","protected":false},"author":4,"featured_media":6157,"comment_status":"closed","ping_status":"closed","sticky":false,"template":"","format":"standard","meta":{"tdm_status":"","tdm_grid_status":"","footnotes":""},"categories":[8],"tags":[186,172,173,192],"class_list":{"0":"post-6148","1":"post","2":"type-post","3":"status-publish","4":"format-standard","5":"has-post-thumbnail","7":"category-futbol","8":"tag-b-metro","9":"tag-flandria","10":"tag-futbol","11":"tag-uai-urquiza"},"_links":{"self":[{"href":"https:\/\/diariodelujan.com\/xdeporte\/wp-json\/wp\/v2\/posts\/6148","targetHints":{"allow":["GET"]}}],"collection":[{"href":"https:\/\/diariodelujan.com\/xdeporte\/wp-json\/wp\/v2\/posts"}],"about":[{"href":"https:\/\/diariodelujan.com\/xdeporte\/wp-json\/wp\/v2\/types\/post"}],"author":[{"embeddable":true,"href":"https:\/\/diariodelujan.com\/xdeporte\/wp-json\/wp\/v2\/users\/4"}],"replies":[{"embeddable":true,"href":"https:\/\/diariodelujan.com\/xdeporte\/wp-json\/wp\/v2\/comments?post=6148"}],"version-history":[{"count":0,"href":"https:\/\/diariodelujan.com\/xdeporte\/wp-json\/wp\/v2\/posts\/6148\/revisions"}],"wp:featuredmedia":[{"embeddable":true,"href":"https:\/\/diariodelujan.com\/xdeporte\/wp-json\/wp\/v2\/media\/6157"}],"wp:attachment":[{"href":"https:\/\/diariodelujan.com\/xdeporte\/wp-json\/wp\/v2\/media?parent=6148"}],"wp:term":[{"taxonomy":"category","embeddable":true,"href":"https:\/\/diariodelujan.com\/xdeporte\/wp-json\/wp\/v2\/categories?post=6148"},{"taxonomy":"post_tag","embeddable":true,"href":"https:\/\/diariodelujan.com\/xdeporte\/wp-json\/wp\/v2\/tags?post=6148"}],"curies":[{"name":"wp","href":"https:\/\/api.w.org\/{rel}","templated":true}]}}