{"id":6267,"date":"2024-02-16T19:46:48","date_gmt":"2024-02-16T22:46:48","guid":{"rendered":"https:\/\/www.diariodelujan.com\/?p=6267"},"modified":"2024-02-16T19:46:48","modified_gmt":"2024-02-16T22:46:48","slug":"tercer-empate-consecutivo-para-flandria","status":"publish","type":"post","link":"https:\/\/diariodelujan.com\/xdeporte\/tercer-empate-consecutivo-para-flandria\/","title":{"rendered":"Tercer empate consecutivo para Flandria"},"content":{"rendered":"<p><span style=\"font-family: georgia, palatino, serif; font-size: 14pt;\"><em>Por la tercera fecha de la Primera B Metropolitana, Flandria enfrent\u00f3 al Furg\u00f3n en el Monumental de Villa Lynch. El pr\u00f3ximo encuentro del Canario ser\u00e1 el martes, ante San Mart\u00edn de Burzaco.<\/em><\/span><\/p>\n<p><!--more--><\/p>\n<p><img loading=\"lazy\" decoding=\"async\" class=\"size-full wp-image-6274 aligncenter\" src=\"https:\/\/diariodelujan.com\/xdeporte\/wp-content\/uploads\/2024\/02\/uai-flandria-2024.webp\" alt=\"Tercer empate consecutivo para Flandria\" width=\"817\" height=\"460\" title=\"\" srcset=\"https:\/\/diariodelujan.com\/xdeporte\/wp-content\/uploads\/2024\/02\/uai-flandria-2024.webp 817w, https:\/\/diariodelujan.com\/xdeporte\/wp-content\/uploads\/2024\/02\/uai-flandria-2024-300x169.webp 300w, https:\/\/diariodelujan.com\/xdeporte\/wp-content\/uploads\/2024\/02\/uai-flandria-2024-768x432.webp 768w, https:\/\/diariodelujan.com\/xdeporte\/wp-content\/uploads\/2024\/02\/uai-flandria-2024-746x420.webp 746w, https:\/\/diariodelujan.com\/xdeporte\/wp-content\/uploads\/2024\/02\/uai-flandria-2024-696x392.webp 696w\" sizes=\"auto, (max-width: 817px) 100vw, 817px\" \/><\/p>\n<p>[dropcap]T[\/dropcap]ras 2 empates en las fechas pasadas, 2-2 ante Dock Sud y 0-0 contra Colegiales, el Canario buscaba su primera victoria en cancha de un rival que viene de dos tropiezos.<\/p>\n<p>UAI Urquiza arranc\u00f3 el torneo con una derrota en casa contra Sportivo Italiano por la m\u00ednima diferencia, para luego ser derrotado por Villa San Carlos por 3 a 1.<\/p>\n<p>En la tarde del viernes, Flandria y UAI Urquiza se enfrentaron en lo que corresponde a la fecha 3 del Apertura.<\/p>\n<p>En los primeros 45 minutos el partido fue muy flojo. Ambos equipos se prestaron el protagonismo, pero ninguno estuvo cerca del gol.<\/p>\n<p>En la segunda parte el ritmo cambi\u00f3 poco y nada, con la pelota trabada en el medio y pocas jugadas de peligro.<\/p>\n<p>Tras varios minutos de sufrimiento, los DTs finalmente realizaron cambios para darle dinamismo al partido. En el Canario entraron Franco Ortigosa, Mat\u00edas L\u00f3pez y Luca Navarra, 2 mediocampistas y un delantero.<\/p>\n<p>Con los cambios, Flandria parec\u00eda desarrollarse un poco mejor gracias a los centros de L\u00f3pez y la presi\u00f3n de Ortigoza. Pero m\u00e1s all\u00e1 de eso, a ninguno de los dos elencos le alcanz\u00f3 para impactar en el marcador.<\/p>\n<p>El pr\u00f3ximo compromiso del Canario ser\u00e1 este martes, cuando reciba por la fecha 4 a San Mart\u00edn de Burzaco en el Carlos V. Luego, el s\u00e1bado, visitar\u00e1 a Acassuso, por la fecha 5.<\/p>\n","protected":false},"excerpt":{"rendered":"<p>Por la tercera fecha de la Primera B Metropolitana, Flandria enfrent\u00f3 al Furg\u00f3n en el Monumental de Villa Lynch. El pr\u00f3ximo encuentro del Canario ser\u00e1 el martes, ante San Mart\u00edn de Burzaco.<\/p>\n","protected":false},"author":4,"featured_media":6274,"comment_status":"closed","ping_status":"closed","sticky":false,"template":"","format":"standard","meta":{"tdm_status":"","tdm_grid_status":"","footnotes":""},"categories":[8],"tags":[186,172,173,22,192,193],"class_list":{"0":"post-6267","1":"post","2":"type-post","3":"status-publish","4":"format-standard","5":"has-post-thumbnail","7":"category-futbol","8":"tag-b-metro","9":"tag-flandria","10":"tag-futbol","11":"tag-promocion","12":"tag-uai-urquiza","13":"tag-villa-lynch"},"_links":{"self":[{"href":"https:\/\/diariodelujan.com\/xdeporte\/wp-json\/wp\/v2\/posts\/6267","targetHints":{"allow":["GET"]}}],"collection":[{"href":"https:\/\/diariodelujan.com\/xdeporte\/wp-json\/wp\/v2\/posts"}],"about":[{"href":"https:\/\/diariodelujan.com\/xdeporte\/wp-json\/wp\/v2\/types\/post"}],"author":[{"embeddable":true,"href":"https:\/\/diariodelujan.com\/xdeporte\/wp-json\/wp\/v2\/users\/4"}],"replies":[{"embeddable":true,"href":"https:\/\/diariodelujan.com\/xdeporte\/wp-json\/wp\/v2\/comments?post=6267"}],"version-history":[{"count":0,"href":"https:\/\/diariodelujan.com\/xdeporte\/wp-json\/wp\/v2\/posts\/6267\/revisions"}],"wp:featuredmedia":[{"embeddable":true,"href":"https:\/\/diariodelujan.com\/xdeporte\/wp-json\/wp\/v2\/media\/6274"}],"wp:attachment":[{"href":"https:\/\/diariodelujan.com\/xdeporte\/wp-json\/wp\/v2\/media?parent=6267"}],"wp:term":[{"taxonomy":"category","embeddable":true,"href":"https:\/\/diariodelujan.com\/xdeporte\/wp-json\/wp\/v2\/categories?post=6267"},{"taxonomy":"post_tag","embeddable":true,"href":"https:\/\/diariodelujan.com\/xdeporte\/wp-json\/wp\/v2\/tags?post=6267"}],"curies":[{"name":"wp","href":"https:\/\/api.w.org\/{rel}","templated":true}]}}