{"id":6924,"date":"2024-02-26T20:34:38","date_gmt":"2024-02-26T23:34:38","guid":{"rendered":"https:\/\/www.diariodelujan.com\/?p=6924"},"modified":"2024-02-26T20:34:38","modified_gmt":"2024-02-26T23:34:38","slug":"lujan-visitara-a-berazategui-en-el-cierre-de-la-fecha-4","status":"publish","type":"post","link":"https:\/\/diariodelujan.com\/xdeporte\/lujan-visitara-a-berazategui-en-el-cierre-de-la-fecha-4\/","title":{"rendered":"Luj\u00e1n visitar\u00e1 a Berazategui en el cierre de la fecha 4"},"content":{"rendered":"<p><span style=\"font-family: georgia, palatino, serif; font-size: 14pt;\"><em>Este martes a partir de las 17 horas, Luj\u00e1n visitar\u00e1 a Bera en el estadio Norman Lee para disputar la fecha 4 del Apertura.<\/em><\/span><\/p>\n<p><!--more--><img loading=\"lazy\" decoding=\"async\" class=\"size-full wp-image-6928 aligncenter\" src=\"https:\/\/diariodelujan.com\/xdeporte\/wp-content\/uploads\/2024\/02\/previa-bera-lujan.webp\" alt=\"Luj\u00e1n visitar\u00e1 a Berazategui en el cierre de la fecha 4\" width=\"800\" height=\"578\" title=\"\" srcset=\"https:\/\/diariodelujan.com\/xdeporte\/wp-content\/uploads\/2024\/02\/previa-bera-lujan.webp 800w, https:\/\/diariodelujan.com\/xdeporte\/wp-content\/uploads\/2024\/02\/previa-bera-lujan-300x217.webp 300w, https:\/\/diariodelujan.com\/xdeporte\/wp-content\/uploads\/2024\/02\/previa-bera-lujan-768x555.webp 768w, https:\/\/diariodelujan.com\/xdeporte\/wp-content\/uploads\/2024\/02\/previa-bera-lujan-581x420.webp 581w, https:\/\/diariodelujan.com\/xdeporte\/wp-content\/uploads\/2024\/02\/previa-bera-lujan-696x503.webp 696w\" sizes=\"auto, (max-width: 800px) 100vw, 800px\" \/><\/p>\n<p>[dropcap]L[\/dropcap]uj\u00e1n acarrea un triunfo, una derrota y un empate, el \u00faltimo de ellos fue de local ante Yupanqui. Tras un pobre desempe\u00f1o que dej\u00f3 mucho que desear, el Lujanero no pudo romper la defensa de Yupa y tuvo que conformarse con el punto.<\/p>\n<p>En este encuentro, que ser\u00e1 dirigido por el \u00e1rbitro Gonzalo Creimermann, los de la Bas\u00edlica ir\u00e1n en busca de la victoria ante un complicado Berazategui, que viene de derrotar a Sportivo Barracas por 3 a 1 y a Yupanqui por 2 a 0.<\/p>\n<p>El anfitri\u00f3n cumpli\u00f3 su jornada libre en la segunda fecha, por lo que este martes buscar\u00e1 su tercer triunfo al hilo para prolongar el buen presente.<\/p>\n<p>De los \u00faltimos cinco cruces entre ambos clubes el Naranja se qued\u00f3 con el triunfo en tres ocasiones, Luj\u00e1n, por su lado, solo obtuvo una victoria y en su m\u00e1s reciente enfrentamiento igualaron 1-1.<\/p>\n<p>Los convocados por el Piri Garate para el partido son:<\/p>\n<p>Nahuel Vali\u00f1as, Ignacio Gallardo<strong>; <\/strong>Cristian Chimino, Valent\u00edn Ciancio, Cristian Godoy, Gast\u00f3n Albornoz, Rodrigo Dinocco<strong>; <\/strong>Juan Rom\u00e1n L\u00f3pez, Facundo Rojas, Marcos Giacovino, Maximiliano Ant\u00fanez, Maximiliano Pighin, Christian Papeschi<strong>; <\/strong>Eladio Ramos, Sim\u00f3n Mart\u00ednez, Pedro Alfonso, Federico Pellegrino, Lisandro Sanchez Olmos, Mateo Tarrio y Rodrigo Ledesma.<\/p>\n","protected":false},"excerpt":{"rendered":"<p>Este martes a partir de las 17 horas, Luj\u00e1n visitar\u00e1 a Bera en el estadio Norman Lee para disputar la fecha 4 del Apertura.<\/p>\n","protected":false},"author":4,"featured_media":6928,"comment_status":"closed","ping_status":"closed","sticky":false,"template":"","format":"standard","meta":{"tdm_status":"","tdm_grid_status":"","footnotes":""},"categories":[8],"tags":[203,173,117,130],"class_list":{"0":"post-6924","1":"post","2":"type-post","3":"status-publish","4":"format-standard","5":"has-post-thumbnail","7":"category-futbol","8":"tag-berazategui","9":"tag-futbol","10":"tag-lujan","11":"tag-primera-c"},"_links":{"self":[{"href":"https:\/\/diariodelujan.com\/xdeporte\/wp-json\/wp\/v2\/posts\/6924","targetHints":{"allow":["GET"]}}],"collection":[{"href":"https:\/\/diariodelujan.com\/xdeporte\/wp-json\/wp\/v2\/posts"}],"about":[{"href":"https:\/\/diariodelujan.com\/xdeporte\/wp-json\/wp\/v2\/types\/post"}],"author":[{"embeddable":true,"href":"https:\/\/diariodelujan.com\/xdeporte\/wp-json\/wp\/v2\/users\/4"}],"replies":[{"embeddable":true,"href":"https:\/\/diariodelujan.com\/xdeporte\/wp-json\/wp\/v2\/comments?post=6924"}],"version-history":[{"count":0,"href":"https:\/\/diariodelujan.com\/xdeporte\/wp-json\/wp\/v2\/posts\/6924\/revisions"}],"wp:featuredmedia":[{"embeddable":true,"href":"https:\/\/diariodelujan.com\/xdeporte\/wp-json\/wp\/v2\/media\/6928"}],"wp:attachment":[{"href":"https:\/\/diariodelujan.com\/xdeporte\/wp-json\/wp\/v2\/media?parent=6924"}],"wp:term":[{"taxonomy":"category","embeddable":true,"href":"https:\/\/diariodelujan.com\/xdeporte\/wp-json\/wp\/v2\/categories?post=6924"},{"taxonomy":"post_tag","embeddable":true,"href":"https:\/\/diariodelujan.com\/xdeporte\/wp-json\/wp\/v2\/tags?post=6924"}],"curies":[{"name":"wp","href":"https:\/\/api.w.org\/{rel}","templated":true}]}}