{"id":7270,"date":"2024-03-03T19:26:39","date_gmt":"2024-03-03T22:26:39","guid":{"rendered":"https:\/\/www.diariodelujan.com\/?p=7270"},"modified":"2024-03-03T19:26:39","modified_gmt":"2024-03-03T22:26:39","slug":"victoria-de-lujan-antes-de-la-fecha-libre","status":"publish","type":"post","link":"https:\/\/diariodelujan.com\/xdeporte\/victoria-de-lujan-antes-de-la-fecha-libre\/","title":{"rendered":"Victoria de Luj\u00e1n antes de la fecha libre"},"content":{"rendered":"<p><span style=\"font-family: georgia, palatino, serif; font-size: 14pt;\"><em>Por la fecha 5 del Apertura, Luj\u00e1n derrot\u00f3 a Sportivo Barracas por 2 a 1 en el 1\u00b0 de Abril. La pr\u00f3xima semana Luj\u00e1n tendr\u00e1 fecha libre.<\/em><\/span><br \/>\n<!--more--><\/p>\n<p><img loading=\"lazy\" decoding=\"async\" class=\"size-full wp-image-7275 aligncenter\" src=\"https:\/\/diariodelujan.com\/xdeporte\/wp-content\/uploads\/2024\/03\/lujan-espanol.webp\" alt=\"\" width=\"800\" height=\"595\" title=\"\" srcset=\"https:\/\/diariodelujan.com\/xdeporte\/wp-content\/uploads\/2024\/03\/lujan-espanol.webp 800w, https:\/\/diariodelujan.com\/xdeporte\/wp-content\/uploads\/2024\/03\/lujan-espanol-300x223.webp 300w, https:\/\/diariodelujan.com\/xdeporte\/wp-content\/uploads\/2024\/03\/lujan-espanol-768x571.webp 768w, https:\/\/diariodelujan.com\/xdeporte\/wp-content\/uploads\/2024\/03\/lujan-espanol-565x420.webp 565w, https:\/\/diariodelujan.com\/xdeporte\/wp-content\/uploads\/2024\/03\/lujan-espanol-80x60.webp 80w, https:\/\/diariodelujan.com\/xdeporte\/wp-content\/uploads\/2024\/03\/lujan-espanol-696x518.webp 696w, https:\/\/diariodelujan.com\/xdeporte\/wp-content\/uploads\/2024\/03\/lujan-espanol-265x198.webp 265w\" sizes=\"auto, (max-width: 800px) 100vw, 800px\" \/><\/p>\n<p>[dropcap]C[\/dropcap]on dos derrotas, una victoria y un empate, Luj\u00e1n se ubicaba en los \u00faltimos diez puestos de la tabla y necesitaba un triunfo que lo pusiera de nuevo en rumbo.<\/p>\n<p>Por su lado, Barracas, que ven\u00eda de su fecha libre y de 3 partidos perdidos, esperaba recuperarse del vapuleo contra Luj\u00e1n, pero el equipo de la banda no tuvo piedad y se qued\u00f3 con la victoria.<\/p>\n<p>El equipo de Garate abri\u00f3 el marcador en la primera de peligro que tuvo. Un pelotazo largo por la banda derecha para Ramos, el colombiano control\u00f3 la pelota y meti\u00f3 un buen pase para Pellegrino, que asisti\u00f3 a Tarr\u00edo para que convierta en su debut como titular.<\/p>\n<p>Tras el primer gol, Sportivo no pudo recuperarse y a los 30 minutos lleg\u00f3 el segundo de Luj\u00e1n. Salida desde el fondo con un pelotazo largo del arquero, la defensa de Barracas no pudo rechazar el bal\u00f3n gracias a Tarr\u00edo y Giacovino recuper\u00f3 la tenencia r\u00e1pidamente. El 10 de Luj\u00e1n remata desde lejos y el 1 visitante no pudo contener la pelota, escurri\u00e9ndosele y cruzando la meta.<\/p>\n<p>En el segundo tiempo parec\u00eda que la historia iba a ser la misma pero, m\u00e1s all\u00e1 de que Luj\u00e1n tuvo un par de chances claras en los primeros minutos, con el correr de los minutos, el conjunto visitante fue ganando protagonismo en el partido. Sus llegadas no eran peligrosas, pero no se dio por vencido.<\/p>\n<p>Hasta que finalmente lleg\u00f3 lo que se ve\u00eda venir. En la \u00faltima del encuentro, Sportivo agarr\u00f3 mal parado a Luj\u00e1n y el n\u00famero 17 en una carrera hasta el \u00e1rea Lujanera eludi\u00f3 a la defensa y marc\u00f3 el gol del descuento.<\/p>\n<p>La pr\u00f3xima jornada Luj\u00e1n tendr\u00e1 fecha libre, y en la siguiente visitar\u00e1 a El Porvenir en Gerli.<\/p>\n","protected":false},"excerpt":{"rendered":"<p>Por la fecha 5 del Apertura, Luj\u00e1n derrot\u00f3 a Sportivo Barracas por 2 a 1 en el 1\u00b0 de Abril. La pr\u00f3xima semana Luj\u00e1n tendr\u00e1 fecha libre.<\/p>\n","protected":false},"author":4,"featured_media":7275,"comment_status":"closed","ping_status":"closed","sticky":false,"template":"","format":"standard","meta":{"tdm_status":"","tdm_grid_status":"","footnotes":""},"categories":[8],"tags":[173,117,130,22,205],"class_list":{"0":"post-7270","1":"post","2":"type-post","3":"status-publish","4":"format-standard","5":"has-post-thumbnail","7":"category-futbol","8":"tag-futbol","9":"tag-lujan","10":"tag-primera-c","11":"tag-promocion","12":"tag-sp-barracas"},"_links":{"self":[{"href":"https:\/\/diariodelujan.com\/xdeporte\/wp-json\/wp\/v2\/posts\/7270","targetHints":{"allow":["GET"]}}],"collection":[{"href":"https:\/\/diariodelujan.com\/xdeporte\/wp-json\/wp\/v2\/posts"}],"about":[{"href":"https:\/\/diariodelujan.com\/xdeporte\/wp-json\/wp\/v2\/types\/post"}],"author":[{"embeddable":true,"href":"https:\/\/diariodelujan.com\/xdeporte\/wp-json\/wp\/v2\/users\/4"}],"replies":[{"embeddable":true,"href":"https:\/\/diariodelujan.com\/xdeporte\/wp-json\/wp\/v2\/comments?post=7270"}],"version-history":[{"count":0,"href":"https:\/\/diariodelujan.com\/xdeporte\/wp-json\/wp\/v2\/posts\/7270\/revisions"}],"wp:featuredmedia":[{"embeddable":true,"href":"https:\/\/diariodelujan.com\/xdeporte\/wp-json\/wp\/v2\/media\/7275"}],"wp:attachment":[{"href":"https:\/\/diariodelujan.com\/xdeporte\/wp-json\/wp\/v2\/media?parent=7270"}],"wp:term":[{"taxonomy":"category","embeddable":true,"href":"https:\/\/diariodelujan.com\/xdeporte\/wp-json\/wp\/v2\/categories?post=7270"},{"taxonomy":"post_tag","embeddable":true,"href":"https:\/\/diariodelujan.com\/xdeporte\/wp-json\/wp\/v2\/tags?post=7270"}],"curies":[{"name":"wp","href":"https:\/\/api.w.org\/{rel}","templated":true}]}}