{"id":7481,"date":"2024-03-07T20:53:32","date_gmt":"2024-03-07T23:53:32","guid":{"rendered":"https:\/\/www.diariodelujan.com\/?p=7481"},"modified":"2024-03-07T20:53:32","modified_gmt":"2024-03-07T23:53:32","slug":"el-canario-se-enfrentara-a-sacachispas-este-sabado","status":"publish","type":"post","link":"https:\/\/diariodelujan.com\/xdeporte\/el-canario-se-enfrentara-a-sacachispas-este-sabado\/","title":{"rendered":"El Canario se enfrentar\u00e1 a Sacachispas este s\u00e1bado"},"content":{"rendered":"<p><span style=\"font-family: georgia, palatino, serif; font-size: 14pt;\"><em>Por la fecha 7 del Apetura, el Canario visitar\u00e1 este s\u00e1bado el estadio Beto Larrosa para enfrentar a Sacachispas. El \u00e1rbitro del encuentro ser\u00e1 Ariel Cruz.<\/em><\/span><\/p>\n<p><!--more--><\/p>\n<p>[dropcap]T[\/dropcap]ras el triunfo sobre Excursionistas por 1 a 0, <em>el Canario<\/em> estir\u00f3 su buena racha y qued\u00f3 posicionado entre los primeros escalones de la tabla.<\/p>\n<p>En este sentido, Flandria viajar\u00e1 este s\u00e1bado esta vez a Villa Soldati con el prop\u00f3sito de disputar el encuentro programado a las 17 hs. correspondiente a la fecha 7 contra Sacachispas.<\/p>\n<p>Por su parte, <em>Saca<\/em> viene de perder por goleada ante Villa San Carlos y espera en esta jornada volver a hacerse fuerte en casa. Con 6 partidos jugados, cosecha hasta el momento dos triunfos y un empate como local y tres derrotas fuera de casa.<\/p>\n<p>El \u00faltimo encuentro entre estos dos clubes fue en 2022, cuando ambos militaban la Primera Nacional e igualaron 1-1. Sin embargo, debido al descenso de Sacachispas a finales del mismo a\u00f1o no se cruzaron en el 2023.<\/p>\n","protected":false},"excerpt":{"rendered":"<p>Por la fecha 7 del Apetura, el Canario visitar\u00e1 este s\u00e1bado el estadio Beto Larrosa para enfrentar a Sacachispas. El \u00e1rbitro del encuentro ser\u00e1 Ariel Cruz.<\/p>\n","protected":false},"author":4,"featured_media":7484,"comment_status":"closed","ping_status":"closed","sticky":false,"template":"","format":"standard","meta":{"tdm_status":"","tdm_grid_status":"","footnotes":""},"categories":[8],"tags":[171,172,173,182,206],"class_list":{"0":"post-7481","1":"post","2":"type-post","3":"status-publish","4":"format-standard","5":"has-post-thumbnail","7":"category-futbol","8":"tag-canario","9":"tag-flandria","10":"tag-futbol","11":"tag-primera-b-metropolitana","12":"tag-sacachispas"},"_links":{"self":[{"href":"https:\/\/diariodelujan.com\/xdeporte\/wp-json\/wp\/v2\/posts\/7481","targetHints":{"allow":["GET"]}}],"collection":[{"href":"https:\/\/diariodelujan.com\/xdeporte\/wp-json\/wp\/v2\/posts"}],"about":[{"href":"https:\/\/diariodelujan.com\/xdeporte\/wp-json\/wp\/v2\/types\/post"}],"author":[{"embeddable":true,"href":"https:\/\/diariodelujan.com\/xdeporte\/wp-json\/wp\/v2\/users\/4"}],"replies":[{"embeddable":true,"href":"https:\/\/diariodelujan.com\/xdeporte\/wp-json\/wp\/v2\/comments?post=7481"}],"version-history":[{"count":0,"href":"https:\/\/diariodelujan.com\/xdeporte\/wp-json\/wp\/v2\/posts\/7481\/revisions"}],"wp:featuredmedia":[{"embeddable":true,"href":"https:\/\/diariodelujan.com\/xdeporte\/wp-json\/wp\/v2\/media\/7484"}],"wp:attachment":[{"href":"https:\/\/diariodelujan.com\/xdeporte\/wp-json\/wp\/v2\/media?parent=7481"}],"wp:term":[{"taxonomy":"category","embeddable":true,"href":"https:\/\/diariodelujan.com\/xdeporte\/wp-json\/wp\/v2\/categories?post=7481"},{"taxonomy":"post_tag","embeddable":true,"href":"https:\/\/diariodelujan.com\/xdeporte\/wp-json\/wp\/v2\/tags?post=7481"}],"curies":[{"name":"wp","href":"https:\/\/api.w.org\/{rel}","templated":true}]}}