{"id":7586,"date":"2024-03-09T19:45:49","date_gmt":"2024-03-09T22:45:49","guid":{"rendered":"https:\/\/www.diariodelujan.com\/?p=7586"},"modified":"2024-03-09T19:45:49","modified_gmt":"2024-03-09T22:45:49","slug":"el-canario-no-pudo-con-el-lila-y-perdio-el-invicto","status":"publish","type":"post","link":"https:\/\/diariodelujan.com\/xdeporte\/el-canario-no-pudo-con-el-lila-y-perdio-el-invicto\/","title":{"rendered":"El Canario no pudo con el Lila y perdi\u00f3 el invicto"},"content":{"rendered":"<p><span style=\"font-family: georgia, palatino, serif; font-size: 14pt;\"><em>En la tarde de s\u00e1bado, el Canario cay\u00f3 ante Sacachispas por la m\u00ednima diferencia y se le escapa la chance de prenderse en lo m\u00e1s alto de la tabla.<\/em><\/span><br \/>\n<!--more--><br \/>\n<img loading=\"lazy\" decoding=\"async\" class=\"size-full wp-image-7598 aligncenter\" src=\"https:\/\/diariodelujan.com\/xdeporte\/wp-content\/uploads\/2024\/03\/flandria6.webp\" alt=\"\" width=\"609\" height=\"454\" title=\"\" srcset=\"https:\/\/diariodelujan.com\/xdeporte\/wp-content\/uploads\/2024\/03\/flandria6.webp 609w, https:\/\/diariodelujan.com\/xdeporte\/wp-content\/uploads\/2024\/03\/flandria6-300x224.webp 300w, https:\/\/diariodelujan.com\/xdeporte\/wp-content\/uploads\/2024\/03\/flandria6-563x420.webp 563w, https:\/\/diariodelujan.com\/xdeporte\/wp-content\/uploads\/2024\/03\/flandria6-80x60.webp 80w, https:\/\/diariodelujan.com\/xdeporte\/wp-content\/uploads\/2024\/03\/flandria6-265x198.webp 265w\" sizes=\"auto, (max-width: 609px) 100vw, 609px\" \/><\/p>\n<p>[dropcap]E[\/dropcap]n este torneo, <em>el Canario<\/em> arranc\u00f3 con 3 empates, luego despert\u00f3 del letargo e hil\u00f3 3 victorias. Exceptuando el primer empate ante Dock Sud, Flandria no recibi\u00f3 ning\u00fan gol en su valla en los \u00faltimos cinco encuentros.<\/p>\n<p>Esta racha termin\u00f3, sin embargo, en el cruce con Sacachispas, que se jug\u00f3 este s\u00e1bado en el estadio Beto Larrosa.<\/p>\n<p>El due\u00f1o de casa golpe\u00f3 r\u00e1pido al <em>Canario<\/em>. En menos de un minuto, Juan Cruz Scarel remat\u00f3 fuerte al arco, el 1 de Flandria rechaz\u00f3 el remate, pero el rebote le qued\u00f3 a Yamil Garc\u00eda que esta vez si sentenci\u00f3 al conjunto visitante.<\/p>\n<p>Lamentablemente, luego de un gol tan temprano, poco y nada queda para resaltar del primer tiempo. M\u00e1s all\u00e1 de la intenci\u00f3n de Flandria de buscar el empate, pero el resultado obtenido fue nulo.<\/p>\n<p>En la segunda mitad del partido fue m\u00e1s de lo mismo, excepto por los minutos finales cuando Flandria tuvo las m\u00e1s claras del encuentro. No obstante, los de D\u00edaz no tuvieron lo necesario para revertir la situaci\u00f3n y el partido qued\u00f3 definido en el minuto 1.<\/p>\n<p>El pr\u00f3ximo compromiso del <em>Canario<\/em> ser\u00e1 en el Carlos V, donde recibir\u00e1 a Deportivo Merlo por la fecha 8.<\/p>\n","protected":false},"excerpt":{"rendered":"<p>En la tarde de s\u00e1bado, el Canario cay\u00f3 ante Sacachispas por la m\u00ednima diferencia y se le escapa la chance de prenderse en lo m\u00e1s alto de la tabla.<\/p>\n","protected":false},"author":4,"featured_media":7598,"comment_status":"closed","ping_status":"closed","sticky":false,"template":"","format":"standard","meta":{"tdm_status":"","tdm_grid_status":"","footnotes":""},"categories":[8],"tags":[172,173,182,22,206],"class_list":{"0":"post-7586","1":"post","2":"type-post","3":"status-publish","4":"format-standard","5":"has-post-thumbnail","7":"category-futbol","8":"tag-flandria","9":"tag-futbol","10":"tag-primera-b-metropolitana","11":"tag-promocion","12":"tag-sacachispas"},"_links":{"self":[{"href":"https:\/\/diariodelujan.com\/xdeporte\/wp-json\/wp\/v2\/posts\/7586","targetHints":{"allow":["GET"]}}],"collection":[{"href":"https:\/\/diariodelujan.com\/xdeporte\/wp-json\/wp\/v2\/posts"}],"about":[{"href":"https:\/\/diariodelujan.com\/xdeporte\/wp-json\/wp\/v2\/types\/post"}],"author":[{"embeddable":true,"href":"https:\/\/diariodelujan.com\/xdeporte\/wp-json\/wp\/v2\/users\/4"}],"replies":[{"embeddable":true,"href":"https:\/\/diariodelujan.com\/xdeporte\/wp-json\/wp\/v2\/comments?post=7586"}],"version-history":[{"count":0,"href":"https:\/\/diariodelujan.com\/xdeporte\/wp-json\/wp\/v2\/posts\/7586\/revisions"}],"wp:featuredmedia":[{"embeddable":true,"href":"https:\/\/diariodelujan.com\/xdeporte\/wp-json\/wp\/v2\/media\/7598"}],"wp:attachment":[{"href":"https:\/\/diariodelujan.com\/xdeporte\/wp-json\/wp\/v2\/media?parent=7586"}],"wp:term":[{"taxonomy":"category","embeddable":true,"href":"https:\/\/diariodelujan.com\/xdeporte\/wp-json\/wp\/v2\/categories?post=7586"},{"taxonomy":"post_tag","embeddable":true,"href":"https:\/\/diariodelujan.com\/xdeporte\/wp-json\/wp\/v2\/tags?post=7586"}],"curies":[{"name":"wp","href":"https:\/\/api.w.org\/{rel}","templated":true}]}}