{"id":7936,"date":"2024-03-16T18:15:28","date_gmt":"2024-03-16T21:15:28","guid":{"rendered":"https:\/\/www.diariodelujan.com\/?p=7936"},"modified":"2024-03-16T18:15:28","modified_gmt":"2024-03-16T21:15:28","slug":"lujan-e-ituzaingo-no-se-sacaron-diferencias","status":"publish","type":"post","link":"https:\/\/diariodelujan.com\/xdeporte\/lujan-e-ituzaingo-no-se-sacaron-diferencias\/","title":{"rendered":"Luj\u00e1n e Ituzaing\u00f3 no se sacaron diferencias"},"content":{"rendered":"<p><span style=\"font-family: georgia, palatino, serif; font-size: 14pt;\"><em>En la fecha 8 del Apertura, Luj\u00e1n e Ituzaing\u00f3 igualaron sin goles en el 1\u00b0 de Abril. Ahora el Lujanero deber\u00e1 pensar en El Porvenir, a quien enfrentar\u00e1 el pr\u00f3ximo mi\u00e9rcoles.<\/em><\/span><br \/>\n<!--more--><\/p>\n<p>[dropcap]L[\/dropcap]uj\u00e1n derrot\u00f3 a Sportivo Barracas por 2 a 1 en la fecha 5 y, luego de dos fechas sin actividad, enfrent\u00f3 este s\u00e1bado al Le\u00f3n en el predio de San Emilio.<\/p>\n<p><img loading=\"lazy\" decoding=\"async\" class=\"size-full wp-image-7942 aligncenter\" src=\"https:\/\/diariodelujan.com\/xdeporte\/wp-content\/uploads\/2024\/03\/lujan-ituzaingo1-2024.webp\" alt=\"\" width=\"800\" height=\"533\" title=\"\" srcset=\"https:\/\/diariodelujan.com\/xdeporte\/wp-content\/uploads\/2024\/03\/lujan-ituzaingo1-2024.webp 800w, https:\/\/diariodelujan.com\/xdeporte\/wp-content\/uploads\/2024\/03\/lujan-ituzaingo1-2024-300x200.webp 300w, https:\/\/diariodelujan.com\/xdeporte\/wp-content\/uploads\/2024\/03\/lujan-ituzaingo1-2024-768x512.webp 768w, https:\/\/diariodelujan.com\/xdeporte\/wp-content\/uploads\/2024\/03\/lujan-ituzaingo1-2024-630x420.webp 630w, https:\/\/diariodelujan.com\/xdeporte\/wp-content\/uploads\/2024\/03\/lujan-ituzaingo1-2024-696x464.webp 696w\" sizes=\"auto, (max-width: 800px) 100vw, 800px\" \/><\/p>\n<p>El primer tiempo fue parejo en cuanto a situaciones de gol. El encuentro fue muy trabado y el Lujanero no pudo encontrarle la vuelta al partido.<\/p>\n<p>La m\u00e1s clara para el local fue un centro bajo al \u00e1rea chica de Eladio Ramos que le quedo a Pellegrino, este le dio de taco pero la pelota se trab\u00f3 en un defensor del Verde. Para rematar esa pelota lleg\u00f3 Albornoz, pero el disparo dio en el travesa\u00f1o y fue desviada.<\/p>\n<p>&nbsp;<\/p>\n<p>La visita, por otro lado, fue m\u00e1s insistente por la banda izquierda. Atacando con \u00c1ngel Luna y Segundo Gras. Fue este \u00faltimo quien tendr\u00eda la m\u00e1s peligrosa a favor de Ituzaing\u00f3. Luego de un mal despeje de Luj\u00e1n, el delantero casi qued\u00f3 solo contra Vali\u00f1as, pero Godoy incomod\u00f3 al atacante para que no pudiese definir bien.<\/p>\n<p>En la segunda parte, el Le\u00f3n mejor\u00f3 un poco su juego, en comparaci\u00f3n al primer tiempo. No obstante, esto no se vio reflejado en el marcador.<\/p>\n<p>El ritmo del partido se mantuvo igual que en el primer tiempo. Luj\u00e1n busc\u00f3, lleg\u00f3, pero no pudo marcar. El encuentro finaliz\u00f3 con un 0-0 justo, pero que no conform\u00f3 a nadie.<\/p>\n<p>La pr\u00f3xima semana el Lujanero deber\u00e1 visitar a El Porve, en Gerli y luego visitar\u00e1 a Lamadrid en Villa Devoto.<\/p>\n<p><span style=\"color: #999999;\">Fotos <a href=\"https:\/\/clublujan.com.ar\/\" target=\"_blank\" rel=\"noopener\"><span style=\"color: #999999;\">Prensa Lujan<\/span><\/a><\/span><\/p>\n","protected":false},"excerpt":{"rendered":"<p>En la fecha 8 del Apertura, Luj\u00e1n e Ituzaing\u00f3 igualaron sin goles en el 1\u00b0 de Abril. Ahora el Lujanero deber\u00e1 pensar en El Porvenir, a quien enfrentar\u00e1 el pr\u00f3ximo mi\u00e9rcoles.<\/p>\n","protected":false},"author":4,"featured_media":7941,"comment_status":"closed","ping_status":"closed","sticky":false,"template":"","format":"standard","meta":{"tdm_status":"","tdm_grid_status":"","footnotes":""},"categories":[8],"tags":[173,207,117,130,22],"class_list":{"0":"post-7936","1":"post","2":"type-post","3":"status-publish","4":"format-standard","5":"has-post-thumbnail","7":"category-futbol","8":"tag-futbol","9":"tag-ituzaingo","10":"tag-lujan","11":"tag-primera-c","12":"tag-promocion"},"_links":{"self":[{"href":"https:\/\/diariodelujan.com\/xdeporte\/wp-json\/wp\/v2\/posts\/7936","targetHints":{"allow":["GET"]}}],"collection":[{"href":"https:\/\/diariodelujan.com\/xdeporte\/wp-json\/wp\/v2\/posts"}],"about":[{"href":"https:\/\/diariodelujan.com\/xdeporte\/wp-json\/wp\/v2\/types\/post"}],"author":[{"embeddable":true,"href":"https:\/\/diariodelujan.com\/xdeporte\/wp-json\/wp\/v2\/users\/4"}],"replies":[{"embeddable":true,"href":"https:\/\/diariodelujan.com\/xdeporte\/wp-json\/wp\/v2\/comments?post=7936"}],"version-history":[{"count":0,"href":"https:\/\/diariodelujan.com\/xdeporte\/wp-json\/wp\/v2\/posts\/7936\/revisions"}],"wp:featuredmedia":[{"embeddable":true,"href":"https:\/\/diariodelujan.com\/xdeporte\/wp-json\/wp\/v2\/media\/7941"}],"wp:attachment":[{"href":"https:\/\/diariodelujan.com\/xdeporte\/wp-json\/wp\/v2\/media?parent=7936"}],"wp:term":[{"taxonomy":"category","embeddable":true,"href":"https:\/\/diariodelujan.com\/xdeporte\/wp-json\/wp\/v2\/categories?post=7936"},{"taxonomy":"post_tag","embeddable":true,"href":"https:\/\/diariodelujan.com\/xdeporte\/wp-json\/wp\/v2\/tags?post=7936"}],"curies":[{"name":"wp","href":"https:\/\/api.w.org\/{rel}","templated":true}]}}